    
{"id":78619,"date":"2024-09-03T18:15:16","date_gmt":"2024-09-03T16:15:16","guid":{"rendered":"https:\/\/www.praha7.cz\/?p=78619"},"modified":"2024-09-25T11:17:41","modified_gmt":"2024-09-25T09:17:41","slug":"praha-7-ma-ulici-nicholase-wintona","status":"publish","type":"post","link":"https:\/\/www.praha7.cz\/praha-7-ma-ulici-nicholase-wintona\/","title":{"rendered":"Praha&nbsp;7 m\u00e1 ulici Nicholase Wintona"},"content":{"rendered":"<p>[perex]<\/p>\r\n<p>Pra\u017ean\u00e9 se do\u010dkali dlouho o\u010dek\u00e1van\u00e9ho spojen\u00ed Letn\u00e9 a&nbsp;Hole\u0161ovic a&nbsp;sir Nicholas Winton v\u016fbec prvn\u00ed ulice \u010di ve\u0159ejn\u00e9ho prostranstv\u00ed nesouc\u00edho jeho jm\u00e9no. Propojen\u00ed ulice Veletr\u017en\u00ed s&nbsp;D\u011blnickou bylo otev\u0159eno v&nbsp;\u00fater\u00fd 3.&nbsp;z\u00e1\u0159\u00ed 2024 za p\u0159\u00edtomnosti \u0159ady host\u016f v\u010detn\u011b Wintonov\u00fdch rodinn\u00fdch p\u0159\u00edslu\u0161n\u00edk\u016f.<\/p>\r\n<p>[\/perex]<\/p>\r\n<p>Pojmenov\u00e1n\u00ed po Nicholasi Wintonovi je v\u00edc ne\u017e symbolick\u00e9. Cesta, kter\u00e1 se s&nbsp;postupem v\u00fdstavby prom\u011bn\u00ed v&nbsp;ulici, p\u0159et\u00edn\u00e1 koleje a&nbsp;m\u00edj\u00ed n\u00e1dra\u017e\u00ed Praha-Bubny, odkud odj\u00ed\u017ed\u011bly za druh\u00e9 sv\u011btov\u00e9 v\u00e1lky des\u00edtky tis\u00edc \u017eidovsk\u00fdch rodin do Terez\u00edna. Pr\u00e1v\u011b d\u00edky siru Nicholasovi byly tou dobou stovky \u010deskoslovensk\u00fdch d\u011bt\u00ed v&nbsp;bezpe\u010d\u00ed a&nbsp;do transport\u016f nemusely.<\/p>\r\n\r\n<figure id=\"attachment_78620\" aria-describedby=\"caption-attachment-78620\" style=\"width: 350px\" class=\"wp-caption alignnone\"><a href=\"https:\/\/www.praha7.cz\/wp-content\/uploads\/2024\/09\/map-winton-mensi-cervena.png\"><img loading=\"lazy\" src=\"https:\/\/www.praha7.cz\/wp-content\/uploads\/2024\/09\/map-winton-mensi-cervena-575x1000.png\" alt=\"\" width=\"350\" height=\"609\" class=\"wp-image-78620\" srcset=\"https:\/\/www.praha7.cz\/wp-content\/uploads\/2024\/09\/map-winton-mensi-cervena-575x1000.png 575w, https:\/\/www.praha7.cz\/wp-content\/uploads\/2024\/09\/map-winton-mensi-cervena-230x400.png 230w, https:\/\/www.praha7.cz\/wp-content\/uploads\/2024\/09\/map-winton-mensi-cervena-768x1336.png 768w, https:\/\/www.praha7.cz\/wp-content\/uploads\/2024\/09\/map-winton-mensi-cervena-883x1536.png 883w, https:\/\/www.praha7.cz\/wp-content\/uploads\/2024\/09\/map-winton-mensi-cervena.png 981w\" sizes=\"(max-width: 350px) 100vw, 350px\" \/><\/a><figcaption id=\"caption-attachment-78620\" class=\"wp-caption-text\"><a href=\"https:\/\/www.openstreetmap.org\/copyright\">\u00a9 OpenStreetMap contributors<\/a><\/figcaption><\/figure>\r\n\r\n<p>Datum zprovozn\u011bn\u00ed a&nbsp;slavnostn\u00edho shrom\u00e1\u017ed\u011bn\u00ed bylo z\u00e1rove\u0148 zvoleno jako p\u0159ipom\u00ednka po\u010d\u00e1tku druh\u00e9 sv\u011btov\u00e9 v\u00e1lky a&nbsp;toho, \u017ee 1.&nbsp;z\u00e1\u0159\u00ed roku 1939 byl z&nbsp;Prahy vypraven posledn\u00ed tzv. Winton\u016fv vlak, kter\u00fd v\u0161ak ji\u017e do Velk\u00e9 Brit\u00e1nie nedorazil. Pojmenov\u00e1n\u00ed ulice iniciovala m\u011bstsk\u00e1 \u010d\u00e1st Praha&nbsp;7 ve spolupr\u00e1ci s&nbsp;Pam\u00e1tn\u00edkem ticha a&nbsp;za podpory Federace \u017eidovsk\u00fdch obc\u00ed v&nbsp;\u010cR.<\/p>\r\n<p><em>\u201eV Praze 7 jsme velmi hrd\u00ed na to, \u017ee ulice na na\u0161em \u00fazem\u00ed m\u016f\u017ee n\u00e9st jm\u00e9no t\u00e9to v\u00fdjime\u010dn\u00e9 osobnosti. Z\u00e1rove\u0148 je propojen\u00ed Hole\u0161ovic a&nbsp;Letn\u00e9, o&nbsp;kter\u00e9 jsme velmi dlouho usilovali, t\u00edm nejlep\u0161\u00edm d\u00e1rkem k&nbsp;leto\u0161n\u00edmu 140.&nbsp;v\u00fdro\u010d\u00ed Prahy&nbsp;7. Dnes se zde otev\u00edr\u00e1 provizorn\u00ed prostup pro p\u011b\u0161\u00ed a&nbsp;cyklisty, ale pozd\u011bji, a\u017e kolem n\u00ed vyroste nov\u00e1 \u010d\u00e1st m\u011bsta, jej nahrad\u00ed plnohodnotn\u00e1 ulice, kter\u00e1 symbolicky povede kolem n\u00e1dra\u017e\u00ed Praha-Bubny, Pam\u00e1tn\u00edku ticha a&nbsp;sochy Br\u00e1na nen\u00e1vratna. V\u0161echna tato m\u00edsta jsou trvalou p\u0159ipom\u00ednkou temn\u00e9 str\u00e1nky sv\u011btov\u00fdch d\u011bjin, ale tak\u00e9 hrdinstv\u00ed, odvahy a&nbsp;pokory lid\u00ed, jako byl sir Nicholas Winton,<\/em>\u201c uvedl <em><strong>starosta Prahy&nbsp;7 Jan \u010ci\u017einsk\u00fd<\/strong><\/em>.<\/p>\r\n<p>&nbsp;<\/p>\r\n\r\n<figure id=\"attachment_78632\" aria-describedby=\"caption-attachment-78632\" style=\"width: 355px\" class=\"wp-caption alignnone\"><img loading=\"lazy\" src=\"https:\/\/www.praha7.cz\/wp-content\/uploads\/2024\/09\/J.-Svoboda-J.-Cizinsky-563x1000.jpeg\" alt=\"\" width=\"355\" height=\"630\" class=\"wp-image-78632\" srcset=\"https:\/\/www.praha7.cz\/wp-content\/uploads\/2024\/09\/J.-Svoboda-J.-Cizinsky-563x1000.jpeg 563w, https:\/\/www.praha7.cz\/wp-content\/uploads\/2024\/09\/J.-Svoboda-J.-Cizinsky-225x400.jpeg 225w, https:\/\/www.praha7.cz\/wp-content\/uploads\/2024\/09\/J.-Svoboda-J.-Cizinsky-768x1364.jpeg 768w, https:\/\/www.praha7.cz\/wp-content\/uploads\/2024\/09\/J.-Svoboda-J.-Cizinsky-865x1536.jpeg 865w, https:\/\/www.praha7.cz\/wp-content\/uploads\/2024\/09\/J.-Svoboda-J.-Cizinsky-1153x2048.jpeg 1153w, https:\/\/www.praha7.cz\/wp-content\/uploads\/2024\/09\/J.-Svoboda-J.-Cizinsky.jpeg 1330w\" sizes=\"(max-width: 355px) 100vw, 355px\" \/><figcaption id=\"caption-attachment-78632\" class=\"wp-caption-text\">Ji\u0159\u00ed Svoboda, gener\u00e1ln\u00ed \u0159editel Spr\u00e1vy \u017eeleznic, a&nbsp;Jan \u010ci\u017einsk\u00fd, starosta Prahy&nbsp;7<\/figcaption><\/figure>\r\n\r\n<p>&nbsp;<\/p>\r\n<p>Slavnostn\u00edho shrom\u00e1\u017ed\u011bn\u00ed se spolu s&nbsp;dal\u0161\u00edmi vz\u00e1cn\u00fdmi hosty z\u00fa\u010dastnila i&nbsp;delegace Asociace \u017eidovsk\u00fdch uprchl\u00edk\u016f z&nbsp;Lond\u00fdna v\u010detn\u011b \u010dty\u0159 tzv. Wintonov\u00fdch d\u011bt\u00ed. Alexandra Greenstedov\u00e1, lady Milena Grenfell-Bainesov\u00e1, Petr Schiller a&nbsp;John Fieldsend m\u011bli \u0161t\u011bst\u00ed, \u017ee odjeli d\u0159\u00edv\u011bj\u0161\u00edmi vlaky, a&nbsp;letos tak slavili 85.&nbsp;v\u00fdro\u010d\u00ed bezpe\u010dn\u00e9ho odchodu do Velk\u00e9 Brit\u00e1nie.<\/p>\r\n<p><em><strong>Lady Milena Grenfell-Bainesov\u00e1<\/strong><\/em>, kter\u00e1 odjela z&nbsp;Prahy do Spojen\u00e9ho kr\u00e1lovstv\u00ed jako d\u00edt\u011b bez doprovodu, p\u0159i slavnostn\u00edm otev\u0159en\u00ed ulice poznamenala: <em>\u201eJe velmi dojemn\u00e9 st\u00e1t zde v&nbsp;Praze po boku Wintonov\u00fdch d\u011bt\u00ed, 85 let pot\u00e9, co nacist\u00e9 rozd\u011blili na\u0161e sv\u011bty. D\u00edky vynal\u00e9zav\u00fdm a&nbsp;odv\u00e1\u017en\u00fdm \u010din\u016fm sira Nicholase Wintona a&nbsp;jeho koleg\u016f dostalo tolik \u010desk\u00fdch \u017did\u016f \u0161anci za\u010d\u00edt nov\u00fd \u017eivot ve Velk\u00e9 Brit\u00e1nii. Proto jsme dnes spolu s&nbsp;Asociac\u00ed \u017eidovsk\u00fdch uprchl\u00edk\u016f plni hrdosti, \u017ee m\u016f\u017eeme vzd\u00e1t hold na\u0161emu zachr\u00e1nci, a&nbsp;velk\u00e9ho smutku za ty, kter\u00e9 jsme museli opustit.\u201c<\/em><\/p>\r\n<p>&nbsp;<\/p>\r\n<p>&nbsp;<\/p>\r\n\r\n<figure id=\"attachment_78635\" aria-describedby=\"caption-attachment-78635\" style=\"width: 640px\" class=\"wp-caption alignnone\"><img loading=\"lazy\" src=\"https:\/\/www.praha7.cz\/wp-content\/uploads\/2024\/09\/M.-Grenfell-Baines-P.-Stingl-1500x904.jpeg\" alt=\"\" width=\"640\" height=\"386\" class=\"wp-image-78635 size-large\" srcset=\"https:\/\/www.praha7.cz\/wp-content\/uploads\/2024\/09\/M.-Grenfell-Baines-P.-Stingl-1500x904.jpeg 1500w, https:\/\/www.praha7.cz\/wp-content\/uploads\/2024\/09\/M.-Grenfell-Baines-P.-Stingl-600x362.jpeg 600w, https:\/\/www.praha7.cz\/wp-content\/uploads\/2024\/09\/M.-Grenfell-Baines-P.-Stingl-768x463.jpeg 768w, https:\/\/www.praha7.cz\/wp-content\/uploads\/2024\/09\/M.-Grenfell-Baines-P.-Stingl-1536x926.jpeg 1536w, https:\/\/www.praha7.cz\/wp-content\/uploads\/2024\/09\/M.-Grenfell-Baines-P.-Stingl-2048x1235.jpeg 2048w\" sizes=\"(max-width: 640px) 100vw, 640px\" \/><figcaption id=\"caption-attachment-78635\" class=\"wp-caption-text\">Lady Milena Grenfell-Bainesov\u00e1, Wintonovo d\u00edt\u011b, a&nbsp;Pavel \u0160tingl, \u0159editel Pam\u00e1tn\u00edku ticha<\/figcaption><\/figure> <figure id=\"attachment_78643\" aria-describedby=\"caption-attachment-78643\" style=\"width: 640px\" class=\"wp-caption alignnone\"><img loading=\"lazy\" src=\"https:\/\/www.praha7.cz\/wp-content\/uploads\/2024\/09\/P.-Stingl-N.-Winton-Jr.-S.-Watson-1-1500x857.jpeg\" alt=\"\" width=\"640\" height=\"366\" class=\"wp-image-78643 size-large\" srcset=\"https:\/\/www.praha7.cz\/wp-content\/uploads\/2024\/09\/P.-Stingl-N.-Winton-Jr.-S.-Watson-1-1500x857.jpeg 1500w, https:\/\/www.praha7.cz\/wp-content\/uploads\/2024\/09\/P.-Stingl-N.-Winton-Jr.-S.-Watson-1-600x343.jpeg 600w, https:\/\/www.praha7.cz\/wp-content\/uploads\/2024\/09\/P.-Stingl-N.-Winton-Jr.-S.-Watson-1-768x439.jpeg 768w, https:\/\/www.praha7.cz\/wp-content\/uploads\/2024\/09\/P.-Stingl-N.-Winton-Jr.-S.-Watson-1-1536x877.jpeg 1536w, https:\/\/www.praha7.cz\/wp-content\/uploads\/2024\/09\/P.-Stingl-N.-Winton-Jr.-S.-Watson-1-2048x1170.jpeg 2048w\" sizes=\"(max-width: 640px) 100vw, 640px\" \/><figcaption id=\"caption-attachment-78643\" class=\"wp-caption-text\">Pavel \u0160tingl, Nick Winton, syn Nicholase Wintona, a&nbsp;Steve Watson, ze\u0165 Nicholase Wintona<\/figcaption><\/figure>\r\n\r\n<p>&nbsp;<\/p>\r\n<p>Nov\u00e9 propojen\u00ed je jak p\u0159ipom\u00ednkou kindertransport\u016f, do kter\u00fdch Wintonovy d\u011bti stihly nastoupit, tak mementem cesty do ghett a&nbsp;koncentra\u010dn\u00edch t\u00e1bor\u016f, kam posl\u00e9ze putovali jejich p\u0159\u00edbuzn\u00ed a&nbsp;bl\u00edzc\u00ed. Jejich pou\u0165 za\u010d\u00ednala na shroma\u017edi\u0161ti u&nbsp;dne\u0161n\u00edho Veletr\u017en\u00edho pal\u00e1ce, odkud se p\u0159esouvali pr\u00e1v\u011b na n\u00e1dra\u017e\u00ed Bubny \u2013 a&nbsp;cesta tak jejich osudovou trasu symbolicky kop\u00edruje. Budovan\u00fd \u017eelezni\u010dn\u00ed koridor nav\u00edc p\u0159ipomene pokra\u010dov\u00e1n\u00ed n\u011bkdej\u0161\u00edch deportac\u00ed.<\/p>\r\n<p>&nbsp;<\/p>\r\n<p><img loading=\"lazy\" src=\"https:\/\/www.praha7.cz\/wp-content\/uploads\/2024\/09\/mural-N.-Wintona-1-1500x846.jpeg\" alt=\"\" width=\"640\" height=\"361\" class=\"alignnone size-large wp-image-78636\" srcset=\"https:\/\/www.praha7.cz\/wp-content\/uploads\/2024\/09\/mural-N.-Wintona-1-1500x846.jpeg 1500w, https:\/\/www.praha7.cz\/wp-content\/uploads\/2024\/09\/mural-N.-Wintona-1-600x339.jpeg 600w, https:\/\/www.praha7.cz\/wp-content\/uploads\/2024\/09\/mural-N.-Wintona-1-768x433.jpeg 768w, https:\/\/www.praha7.cz\/wp-content\/uploads\/2024\/09\/mural-N.-Wintona-1-1536x867.jpeg 1536w, https:\/\/www.praha7.cz\/wp-content\/uploads\/2024\/09\/mural-N.-Wintona-1-2048x1156.jpeg 2048w\" sizes=\"(max-width: 640px) 100vw, 640px\" \/><\/p>\r\n<p>&nbsp;<\/p>\r\n<p><em>\u201ePojmenov\u00e1n\u00ed ulice po siru Nicholasu Wintonovi je nejen poctou jeho odkazu, ale tak\u00e9 jasnou p\u0159ipom\u00ednkou hodnot, kter\u00e9 mus\u00edme neust\u00e1le prosazovat \u2013 soucit, odvaha a&nbsp;spravedlnost,\u201c<\/em> uvedl na slavnostn\u00ed akci <em><strong>Petr Papou\u0161ek, p\u0159edseda Federace \u017eidovsk\u00fdch obc\u00ed v&nbsp;\u010cR<\/strong><\/em>. <em>\u201eP\u0159\u00edb\u011bh sira Nicholase n\u00e1m v\u0161em ukazuje, jak d\u016fle\u017eit\u00fd je postoj ka\u017ed\u00e9ho jednotlivce p\u0159i zm\u011bn\u011b osudu druh\u00fdch,\u201c<\/em> dodal.<\/p>\r\n<p><em><strong>Michael Newman, gener\u00e1ln\u00ed \u0159editel Asociace \u017eidovsk\u00fdch uprchl\u00edk\u016f<\/strong><\/em> (AJR), mluvil v&nbsp;podobn\u00e9m duchu: <em>\u201ePro Asociaci \u017eidovsk\u00fdch uprchl\u00edk\u016f je velkou ct\u00ed, \u017ee se \u010dty\u0159i Wintonovy d\u011bti, jejich rodiny a&nbsp;n\u011bkolik dal\u0161\u00edch potomk\u016f mohou z\u00fa\u010dastnit t\u00e9to dojemn\u00e9 vzpom\u00ednky na sira Nicholase. Je nesm\u00edrn\u011b symbolick\u00e9, \u017ee jeho \u00fasil\u00ed bylo uzn\u00e1no a&nbsp;oslaveno, stejn\u011b jako ocen\u011bn\u00ed hrdinstv\u00ed mnoha dal\u0161\u00edch lid\u00ed, s&nbsp;nimi\u017e spolupracoval. Vzpom\u00ednkou na Nicholase Wintona uct\u00edme tak\u00e9 rodi\u010de, kte\u0159\u00ed poslali sv\u00e9 d\u011bti do nejist\u00e9 budoucnosti, a&nbsp;p\u011bstounsk\u00e9 rodiny, kter\u00e9 poskytly \u00fato\u010di\u0161t\u011b nejmlad\u0161\u00edm ob\u011btem nacistick\u00e9ho \u00fatlaku. Vroucn\u011b douf\u00e1me, \u017ee z\u00e1chrana pomoc\u00ed kindertransport\u016f u\u017e nikdy nebude zapot\u0159eb\u00ed.\u201c<\/em><\/p>\r\n<p>&nbsp;<\/p>\r\n<p><img loading=\"lazy\" src=\"https:\/\/www.praha7.cz\/wp-content\/uploads\/2024\/09\/N-Wintona-2-1500x844.jpeg\" alt=\"\" width=\"640\" height=\"360\" class=\"alignnone size-large wp-image-78630\" srcset=\"https:\/\/www.praha7.cz\/wp-content\/uploads\/2024\/09\/N-Wintona-2-1500x844.jpeg 1500w, https:\/\/www.praha7.cz\/wp-content\/uploads\/2024\/09\/N-Wintona-2-600x338.jpeg 600w, https:\/\/www.praha7.cz\/wp-content\/uploads\/2024\/09\/N-Wintona-2-768x432.jpeg 768w, https:\/\/www.praha7.cz\/wp-content\/uploads\/2024\/09\/N-Wintona-2-1536x864.jpeg 1536w, https:\/\/www.praha7.cz\/wp-content\/uploads\/2024\/09\/N-Wintona-2-2048x1152.jpeg 2048w\" sizes=\"(max-width: 640px) 100vw, 640px\" \/><\/p>\r\n<p>&nbsp;<\/p>\r\n<p>Nov\u00e9 propojen\u00ed pro p\u011b\u0161\u00ed vzniklo v&nbsp;r\u00e1mci projektu Spr\u00e1vy \u017eeleznic, kter\u00e1 v&nbsp;m\u00edst\u011b stav\u00ed nov\u00e9 vlakov\u00e9 n\u00e1dra\u017e\u00ed Praha-Bubny a&nbsp;buduje tak\u00e9 \u010d\u00e1st budouc\u00ed trat\u011b na Leti\u0161t\u011b V\u00e1clava Havla a&nbsp;Kladno. <em>\u201eTento projekt odr\u00e1\u017e\u00ed hned dv\u011b hodnoty, kter\u00e9 ve Spr\u00e1v\u011b \u017eeleznic pova\u017eujeme za z\u00e1sadn\u00ed. Prvn\u00ed je \u00facta k&nbsp;historii. M\u00edsto, kter\u00fdm proch\u00e1z\u00ed nov\u011b vybudovan\u00e1 ulice, nese v\u00fdznamn\u00fd d\u011bjinn\u00fd odkaz a&nbsp;jsem r\u00e1d, \u017ee i&nbsp;d\u00edky jm\u00e9nu Nicholase Wintona bude d\u00e1l zachov\u00e1n. Druh\u00fdm c\u00edlem, kter\u00e9ho se poda\u0159ilo dos\u00e1hnout, je propojen\u00ed m\u011bsta. V&nbsp;na\u0161ich projektech na to systematicky mysl\u00edme. \u00dakolem \u017eeleznice je lidi spojovat, ne rozd\u011blovat. V&nbsp;tomto m\u00edst\u011b \u017eeleznice v\u00edce ne\u017e sto let tvo\u0159ila bari\u00e9ru, co\u017e se dne\u0161kem m\u011bn\u00ed. T\u011b\u0161\u00edm se na p\u0159\u00ed\u0161t\u00ed rok, kdy na\u0161e \u00fasil\u00ed zavr\u0161\u00edme otev\u0159en\u00edm nov\u00e9ho n\u00e1dra\u017e\u00ed Bubny. To m\u00e1 ambici st\u00e1t se centrem cel\u00e9 budouc\u00ed \u010dtvrti,\u201c<\/em> uvedl p\u0159i p\u0159\u00edle\u017eitosti otev\u0159en\u00ed cesty <em><strong>gener\u00e1ln\u00ed \u0159editel Spr\u00e1vy \u017eeleznic Ji\u0159\u00ed Svoboda<\/strong><\/em>.<\/p>\r\n<p>&nbsp;<\/p>\r\n<p><img loading=\"lazy\" src=\"https:\/\/www.praha7.cz\/wp-content\/uploads\/2024\/09\/N-Wintona-1-1500x844.jpeg\" alt=\"\" width=\"640\" height=\"360\" class=\"alignnone size-large wp-image-78629\" srcset=\"https:\/\/www.praha7.cz\/wp-content\/uploads\/2024\/09\/N-Wintona-1-1500x844.jpeg 1500w, https:\/\/www.praha7.cz\/wp-content\/uploads\/2024\/09\/N-Wintona-1-600x338.jpeg 600w, https:\/\/www.praha7.cz\/wp-content\/uploads\/2024\/09\/N-Wintona-1-768x432.jpeg 768w, https:\/\/www.praha7.cz\/wp-content\/uploads\/2024\/09\/N-Wintona-1-1536x864.jpeg 1536w, https:\/\/www.praha7.cz\/wp-content\/uploads\/2024\/09\/N-Wintona-1-2048x1152.jpeg 2048w\" sizes=\"(max-width: 640px) 100vw, 640px\" \/><\/p>\r\n<p>&nbsp;<\/p>\r\n<p>V\u00a0r\u00e1mci prostupu vznikl tak\u00e9 mural s\u00a0motivy sira Nicholase a&nbsp;zachr\u00e1n\u011bn\u00fdch d\u011bt\u00ed. Autorkou je zn\u00e1m\u00e1 v\u00fdtvarnice Toy Box.<\/p>\r\n\r\n<figure id=\"attachment_78631\" aria-describedby=\"caption-attachment-78631\" style=\"width: 640px\" class=\"wp-caption alignnone\"><img loading=\"lazy\" src=\"https:\/\/www.praha7.cz\/wp-content\/uploads\/2024\/09\/N.-Winton-Jr.-Toy-Box-1500x864.jpeg\" alt=\"\" width=\"640\" height=\"369\" class=\"wp-image-78631 size-large\" srcset=\"https:\/\/www.praha7.cz\/wp-content\/uploads\/2024\/09\/N.-Winton-Jr.-Toy-Box-1500x864.jpeg 1500w, https:\/\/www.praha7.cz\/wp-content\/uploads\/2024\/09\/N.-Winton-Jr.-Toy-Box-600x346.jpeg 600w, https:\/\/www.praha7.cz\/wp-content\/uploads\/2024\/09\/N.-Winton-Jr.-Toy-Box-768x443.jpeg 768w, https:\/\/www.praha7.cz\/wp-content\/uploads\/2024\/09\/N.-Winton-Jr.-Toy-Box-1536x885.jpeg 1536w, https:\/\/www.praha7.cz\/wp-content\/uploads\/2024\/09\/N.-Winton-Jr.-Toy-Box-2048x1180.jpeg 2048w\" sizes=\"(max-width: 640px) 100vw, 640px\" \/><figcaption id=\"caption-attachment-78631\" class=\"wp-caption-text\">Toy Box a&nbsp;Nick Winton<\/figcaption><\/figure> <figure id=\"attachment_78637\" aria-describedby=\"caption-attachment-78637\" style=\"width: 640px\" class=\"wp-caption alignnone\"><img loading=\"lazy\" src=\"https:\/\/www.praha7.cz\/wp-content\/uploads\/2024\/09\/mural-N-Wintona-2-1500x844.jpeg\" alt=\"\" width=\"640\" height=\"360\" class=\"wp-image-78637 size-large\" srcset=\"https:\/\/www.praha7.cz\/wp-content\/uploads\/2024\/09\/mural-N-Wintona-2-1500x844.jpeg 1500w, https:\/\/www.praha7.cz\/wp-content\/uploads\/2024\/09\/mural-N-Wintona-2-600x338.jpeg 600w, https:\/\/www.praha7.cz\/wp-content\/uploads\/2024\/09\/mural-N-Wintona-2-768x432.jpeg 768w, https:\/\/www.praha7.cz\/wp-content\/uploads\/2024\/09\/mural-N-Wintona-2-1536x864.jpeg 1536w, https:\/\/www.praha7.cz\/wp-content\/uploads\/2024\/09\/mural-N-Wintona-2-2048x1152.jpeg 2048w\" sizes=\"(max-width: 640px) 100vw, 640px\" \/><figcaption id=\"caption-attachment-78637\" class=\"wp-caption-text\">Mural s&nbsp;cit\u00e1tem Nicholase Wintona<\/figcaption><\/figure>\r\n\r\n<p>&nbsp;<\/p>","protected":false},"excerpt":{"rendered":"[perex] Pra\u017ean\u00e9 se do\u010dkali dlouho o\u010dek\u00e1van\u00e9ho spojen\u00ed Letn\u00e9 a&nbsp;Hole\u0161ovic a&nbsp;sir Nicholas Winton v\u016fbec prvn\u00ed ulice \u010di ve\u0159ejn\u00e9ho prostranstv\u00ed nesouc\u00edho jeho jm\u00e9no. Propojen\u00ed ulice Veletr\u017en\u00ed s&nbsp;D\u011blnickou bylo otev\u0159eno v&nbsp;\u00fater\u00fd 3.&nbsp;z\u00e1\u0159\u00ed 2024 za p\u0159\u00edtomnosti \u0159ady host\u016f v\u010detn\u011b Wintonov\u00fdch rodinn\u00fdch p\u0159\u00edslu\u0161n\u00edk\u016f. [\/perex] Pojmenov\u00e1n\u00ed po Nicholasi Wintonovi je v\u00edc ne\u017e symbolick\u00e9. Cesta, kter\u00e1 se s&nbsp;postupem v\u00fdstavby prom\u011bn\u00ed v&nbsp;ulici, p\u0159et\u00edn\u00e1 [&hellip;]","protected":false},"author":251,"featured_media":78633,"comment_status":"closed","ping_status":"open","sticky":false,"template":"","format":"standard","meta":[],"categories":[36,74],"tags":[57,125,110],"_links":{"self":[{"href":"https:\/\/www.praha7.cz\/api\/wp\/v2\/posts\/78619"}],"collection":[{"href":"https:\/\/www.praha7.cz\/api\/wp\/v2\/posts"}],"about":[{"href":"https:\/\/www.praha7.cz\/api\/wp\/v2\/types\/post"}],"author":[{"embeddable":true,"href":"https:\/\/www.praha7.cz\/api\/wp\/v2\/users\/251"}],"replies":[{"embeddable":true,"href":"https:\/\/www.praha7.cz\/api\/wp\/v2\/comments?post=78619"}],"version-history":[{"count":11,"href":"https:\/\/www.praha7.cz\/api\/wp\/v2\/posts\/78619\/revisions"}],"predecessor-version":[{"id":78647,"href":"https:\/\/www.praha7.cz\/api\/wp\/v2\/posts\/78619\/revisions\/78647"}],"wp:featuredmedia":[{"embeddable":true,"href":"https:\/\/www.praha7.cz\/api\/wp\/v2\/media\/78633"}],"wp:attachment":[{"href":"https:\/\/www.praha7.cz\/api\/wp\/v2\/media?parent=78619"}],"wp:term":[{"taxonomy":"category","embeddable":true,"href":"https:\/\/www.praha7.cz\/api\/wp\/v2\/categories?post=78619"},{"taxonomy":"post_tag","embeddable":true,"href":"https:\/\/www.praha7.cz\/api\/wp\/v2\/tags?post=78619"}],"curies":[{"name":"wp","href":"https:\/\/api.w.org\/{rel}","templated":true}]}}