    
{"id":78438,"date":"2024-08-23T12:17:37","date_gmt":"2024-08-23T10:17:37","guid":{"rendered":"https:\/\/www.praha7.cz\/?p=78438"},"modified":"2024-08-23T12:20:21","modified_gmt":"2024-08-23T10:20:21","slug":"nehledam-vzor-ale-inspiraci","status":"publish","type":"post","link":"https:\/\/www.praha7.cz\/nehledam-vzor-ale-inspiraci\/","title":{"rendered":"Nehled\u00e1m vzor, ale inspiraci"},"content":{"rendered":"<p>Egor Nefedov je skute\u010dn\u00fdm ob\u010danem sv\u011bta, expatem, kter\u00fd se ov\u0161em nestran\u00ed m\u00edstn\u00ed kultury, naopak, a&nbsp;jeliko\u017e prakticky cel\u00fd jeho dosp\u011bl\u00fd \u017eivot se odehr\u00e1v\u00e1 v&nbsp;\u010de\u0161tin\u011b, v&nbsp;ledas\u010dem u\u017e se c\u00edt\u00ed v\u00edce jako \u010cech ne\u017e jako Rus \u2013 mate\u0159sk\u00e1 ru\u0161tina pro n\u011bj z\u016fst\u00e1v\u00e1 sp\u00ed\u0161 romantick\u00fdm jazykem d\u011btstv\u00ed a&nbsp;dosp\u00edv\u00e1n\u00ed. Pro jednosm\u011brnou letenku z&nbsp;Moskvy do Prahy se rozhodl, kdy\u017e mu bylo 17 a&nbsp;dokon\u010dil v&nbsp;Rusku st\u0159edn\u00ed \u0161kolu. Po roce intenzivn\u00edho jazykov\u00e9ho kurzu \u010de\u0161tiny v&nbsp;Pod\u011bbradech za\u010dal studovat \u010desk\u00fd obor na V\u0160E a&nbsp;\u0161est let \u017eije na Sedmi\u010dce, kter\u00e1 se prozat\u00edm stala jeho druh\u00fdm domovem. L\u00edb\u00ed se mu m\u00edstn\u00ed pospolitost, protiklad k&nbsp;rusk\u00e9mu individualismu, kdy se \u010dlov\u011bk star\u00e1 jen o&nbsp;to, co pat\u0159\u00ed jemu sam\u00e9mu, co\u017e v\u011bt\u0161inou kon\u010d\u00ed dve\u0159mi jeho bytu. \u201ePrvn\u00ed rok byl nejt\u011b\u017e\u0161\u00ed, ale hodn\u011b mi pomohlo i&nbsp;to, \u017ee hned po kurzu \u010de\u0161tiny jsem \u0161el pracovat do hospody v&nbsp;mal\u00e9 vesni\u010dce za Kutnou Horou. Pot\u0159eboval jsem se rozmluvit a&nbsp;p\u0159i\u0161lo mi, \u017ee pivovar je pro to nejlep\u0161\u00edm m\u00edstem,\u201c sm\u011bje se Egor.<\/p>\r\n<p>Odjak\u017eiva v\u011bd\u011bl, \u017ee chce vybudovat vlastn\u00ed podnik, a&nbsp;touha \u201ed\u011blat si to po sv\u00e9m\u201c ho poh\u00e1n\u00ed dodnes. Svoboda je pro n\u011bj v&nbsp;dne\u0161n\u00edm nejist\u00e9m sv\u011bt\u011b tou nejcenn\u011bj\u0161\u00ed komoditou. Pro rodi\u010de z\u016fst\u00e1vaj\u00edc\u00ed v&nbsp;Moskv\u011b, kte\u0159\u00ed rychle pochopili, \u017ee Rusko pro svobodomysln\u00e9ho Egora nebude nejlep\u0161\u00edm m\u00edstem pro \u017eivot, je on s\u00e1m zase jejich nejsmyslupln\u011bj\u0161\u00ed investic\u00ed. Je\u0161t\u011b b\u011bhem vysoko\u0161kolsk\u00e9ho studia za\u010dal se sv\u00fdmi spolu\u017e\u00e1ky podnikat a&nbsp;pr\u00e1v\u011b v&nbsp;t\u00e9to dob\u011b spoluzalo\u017eil tak\u00e9 firmu <a href=\"https:\/\/www.artmoment.cz\/\" target=\"_blank\" rel=\"noopener\">ArtMoment<\/a>, je\u017e jako jednu ze sv\u00fdch kmenov\u00fdch z\u00e1kladen vyu\u017e\u00edv\u00e1 sedmi\u010dkov\u00fd <a href=\"https:\/\/www.vnitroblock.cz\/\" target=\"_blank\" rel=\"noopener\">Vnitroblock<\/a>, kde t\u00fdm\u016fm i&nbsp;jednotlivc\u016fm nab\u00edz\u00ed tvo\u0159iv\u00e9 ve\u010dery z\u00e1\u017eitkov\u00e9ho malov\u00e1n\u00ed. Nej\u010dast\u011bji jejich akce vyhled\u00e1vaj\u00ed mlad\u00e9 \u017eeny, kter\u00e9 si cht\u011bj\u00ed odpo\u010dinout od pr\u00e1ce a&nbsp;smyslupln\u011b str\u00e1vit voln\u00fd \u010das s&nbsp;kamar\u00e1dkou, maminkou nebo partnerem. ArtMoment ale nez\u016fst\u00e1v\u00e1 jen u&nbsp;z\u00e1kladn\u00ed nab\u00eddky event\u016f, krom\u011b klasick\u00e9ho i&nbsp;experiment\u00e1ln\u00edho malov\u00e1n\u00ed t\u00fdm ned\u00e1vno uspo\u0159\u00e1dal nap\u0159\u00edklad unik\u00e1tn\u00ed akci malov\u00e1n\u00ed ginem, spojenou s&nbsp;ochutn\u00e1vkou ginu od sedmi\u010dkov\u00e9 pal\u00edrny <a href=\"https:\/\/eshop.garage22.cz\/\" target=\"_blank\" rel=\"noopener\">Garage22<\/a>.<\/p>\r\n<p>Egor m\u00e1 odjak\u017eiva r\u00e1d \u0161ir\u0161\u00ed obzory, ch\u00e1pe, \u017ee ide\u00e1ln\u00ed \u010dlov\u011bk neexistuje a&nbsp;je dobr\u00e9 vz\u00edt si od ka\u017ed\u00e9ho n\u011bco. \u201eNehled\u00e1m vzor, ale inspiraci,\u201c vysv\u011btluje. Hodn\u011b mu z\u00e1le\u017e\u00ed na tom, aby jak\u00fdkoliv jeho produkt nebo slu\u017eba m\u011bly hodnotu, kter\u00e1 se od nich o\u010dek\u00e1v\u00e1. \u201eNezaj\u00edm\u00e1 m\u011b pozitivn\u00ed zp\u011btn\u00e1 vazba, zaj\u00edm\u00e1 m\u011b kritika, kter\u00e1 jedin\u00e1 posouv\u00e1 vp\u0159ed. Jen d\u00edky konstruktivn\u00ed zp\u011btn\u00e9 vazb\u011b z\u00e1kazn\u00edk\u016f, kter\u00e1 upozorn\u00ed na nedostatky, se d\u00e1 p\u0159ij\u00edt na to, jak produkt \u010di slu\u017ebu zlep\u0161it.\u201c I&nbsp;p\u0159esto, \u017ee koncept firmy ArtMoment byl od po\u010d\u00e1tku zcela apolitick\u00fd, ne-li dokonce antipolitick\u00fd, mus\u00ed Egor v&nbsp;r\u00e1mci dne\u0161n\u00ed polarizovan\u00e9 spole\u010dnosti \u010das od \u010dasu \u010delit negativn\u00edm koment\u00e1\u0159\u016fm ohledn\u011b sv\u00e9ho p\u016fvodu nebo zodpov\u00eddat ot\u00e1zku, jak se k&nbsp;sou\u010dasn\u00e9 politick\u00e9 situaci stav\u00ed. \u201eP\u0159ijde mi to nevhodn\u00e9, by\u0165 je m\u016fj n\u00e1zor stejn\u00fd jako ten, kter\u00fd p\u0159evl\u00e1d\u00e1 v&nbsp;z\u00e1padn\u00ed evropsk\u00e9 spole\u010dnosti,\u201c dod\u00e1v\u00e1. A\u010d Rusko m\u00e1 mo\u017en\u00e1 ve sv\u00e9 DNA imperialismus, Egor je dobr\u00fdm p\u0159\u00edkladem toho, \u017ee ka\u017ed\u00e1 mince m\u00e1 nakonec dv\u011b strany.<\/p>","protected":false},"excerpt":{"rendered":"Egor Nefedov je skute\u010dn\u00fdm ob\u010danem sv\u011bta, expatem, kter\u00fd se ov\u0161em nestran\u00ed m\u00edstn\u00ed kultury, naopak, a&nbsp;jeliko\u017e prakticky cel\u00fd jeho dosp\u011bl\u00fd \u017eivot se odehr\u00e1v\u00e1 v&nbsp;\u010de\u0161tin\u011b, v&nbsp;ledas\u010dem u\u017e se c\u00edt\u00ed v\u00edce jako \u010cech ne\u017e jako Rus \u2013 mate\u0159sk\u00e1 ru\u0161tina pro n\u011bj z\u016fst\u00e1v\u00e1 sp\u00ed\u0161 romantick\u00fdm jazykem d\u011btstv\u00ed a&nbsp;dosp\u00edv\u00e1n\u00ed. Pro jednosm\u011brnou letenku z&nbsp;Moskvy do Prahy se rozhodl, kdy\u017e mu bylo [&hellip;]","protected":false},"author":292,"featured_media":78439,"comment_status":"closed","ping_status":"open","sticky":false,"template":"","format":"standard","meta":[],"categories":[37],"tags":[],"_links":{"self":[{"href":"https:\/\/www.praha7.cz\/api\/wp\/v2\/posts\/78438"}],"collection":[{"href":"https:\/\/www.praha7.cz\/api\/wp\/v2\/posts"}],"about":[{"href":"https:\/\/www.praha7.cz\/api\/wp\/v2\/types\/post"}],"author":[{"embeddable":true,"href":"https:\/\/www.praha7.cz\/api\/wp\/v2\/users\/292"}],"replies":[{"embeddable":true,"href":"https:\/\/www.praha7.cz\/api\/wp\/v2\/comments?post=78438"}],"version-history":[{"count":3,"href":"https:\/\/www.praha7.cz\/api\/wp\/v2\/posts\/78438\/revisions"}],"predecessor-version":[{"id":78442,"href":"https:\/\/www.praha7.cz\/api\/wp\/v2\/posts\/78438\/revisions\/78442"}],"wp:featuredmedia":[{"embeddable":true,"href":"https:\/\/www.praha7.cz\/api\/wp\/v2\/media\/78439"}],"wp:attachment":[{"href":"https:\/\/www.praha7.cz\/api\/wp\/v2\/media?parent=78438"}],"wp:term":[{"taxonomy":"category","embeddable":true,"href":"https:\/\/www.praha7.cz\/api\/wp\/v2\/categories?post=78438"},{"taxonomy":"post_tag","embeddable":true,"href":"https:\/\/www.praha7.cz\/api\/wp\/v2\/tags?post=78438"}],"curies":[{"name":"wp","href":"https:\/\/api.w.org\/{rel}","templated":true}]}}