    
{"id":78373,"date":"2024-08-22T10:50:49","date_gmt":"2024-08-22T08:50:49","guid":{"rendered":"https:\/\/www.praha7.cz\/?p=78373"},"modified":"2024-08-22T10:50:49","modified_gmt":"2024-08-22T08:50:49","slug":"vase-aktovky-pomahaji-dal","status":"publish","type":"post","link":"https:\/\/www.praha7.cz\/vase-aktovky-pomahaji-dal\/","title":{"rendered":"Va\u0161e aktovky pom\u00e1haj\u00ed d\u00e1l"},"content":{"rendered":"<p>[perex]<\/p>\r\n<p>Tak\u00e9 letos na radnici b\u011b\u017e\u00ed <a href=\"https:\/\/www.praha7.cz\/na-radnici-opet-sbirame-aktovky-a-skolni-potreby\/\" target=\"_blank\" rel=\"noopener\">sb\u00edrka aktovek a&nbsp;\u0161koln\u00edch pot\u0159eb<\/a>. K\u00a0dne\u0161n\u00edmu dni jste p\u0159inesli v\u00edce ne\u017e 40 aktovek, batoh\u016f, pen\u00e1l\u016f a&nbsp;kuf\u0159\u00edk\u016f na v\u00fdtvarku. V\u011bt\u0161inu z\u00a0nich jsme prost\u0159ednictv\u00edm soci\u00e1ln\u00edho odboru a&nbsp;charitativn\u00edch organizac\u00ed v\u011bnovali pot\u0159ebn\u00fdm d\u011btem, ale pokud v\u00edte o&nbsp;n\u011bkom, kdo m\u00e1 probl\u00e9m v&nbsp;z\u00e1\u0159\u00ed vyj\u00edt s&nbsp;financemi a&nbsp;pot\u0159ebuje pro men\u0161\u00ed \u010di v\u011bt\u0161\u00ed d\u00edt\u011b aktovku nebo batoh do \u0161koly, m\u016f\u017ee se zastavit po p\u0159edchoz\u00ed domluv\u011b p\u0159\u00edmo na radnici \u2013 sta\u010d\u00ed zavolat na tel. 608&nbsp;383&nbsp;876. Sb\u00edrku uzav\u0159eme v\u00a0p\u00e1tek 6.&nbsp;z\u00e1\u0159\u00ed a&nbsp;ji\u017e nyn\u00ed d\u011bkujeme v\u0161em d\u00e1rc\u016fm!\u00a0<\/p>\r\n<p>[\/perex]<\/p>\r\n<p>&nbsp;<\/p>","protected":false},"excerpt":{"rendered":"[perex] Tak\u00e9 letos na radnici b\u011b\u017e\u00ed sb\u00edrka aktovek a&nbsp;\u0161koln\u00edch pot\u0159eb. K\u00a0dne\u0161n\u00edmu dni jste p\u0159inesli v\u00edce ne\u017e 40 aktovek, batoh\u016f, pen\u00e1l\u016f a&nbsp;kuf\u0159\u00edk\u016f na v\u00fdtvarku. V\u011bt\u0161inu z\u00a0nich jsme prost\u0159ednictv\u00edm soci\u00e1ln\u00edho odboru a&nbsp;charitativn\u00edch organizac\u00ed v\u011bnovali pot\u0159ebn\u00fdm d\u011btem, ale pokud v\u00edte o&nbsp;n\u011bkom, kdo m\u00e1 probl\u00e9m v&nbsp;z\u00e1\u0159\u00ed vyj\u00edt s&nbsp;financemi a&nbsp;pot\u0159ebuje pro men\u0161\u00ed \u010di v\u011bt\u0161\u00ed d\u00edt\u011b aktovku nebo batoh do \u0161koly, [&hellip;]","protected":false},"author":251,"featured_media":78374,"comment_status":"closed","ping_status":"open","sticky":false,"template":"","format":"standard","meta":[],"categories":[34],"tags":[117,84,123],"_links":{"self":[{"href":"https:\/\/www.praha7.cz\/api\/wp\/v2\/posts\/78373"}],"collection":[{"href":"https:\/\/www.praha7.cz\/api\/wp\/v2\/posts"}],"about":[{"href":"https:\/\/www.praha7.cz\/api\/wp\/v2\/types\/post"}],"author":[{"embeddable":true,"href":"https:\/\/www.praha7.cz\/api\/wp\/v2\/users\/251"}],"replies":[{"embeddable":true,"href":"https:\/\/www.praha7.cz\/api\/wp\/v2\/comments?post=78373"}],"version-history":[{"count":2,"href":"https:\/\/www.praha7.cz\/api\/wp\/v2\/posts\/78373\/revisions"}],"predecessor-version":[{"id":78380,"href":"https:\/\/www.praha7.cz\/api\/wp\/v2\/posts\/78373\/revisions\/78380"}],"wp:featuredmedia":[{"embeddable":true,"href":"https:\/\/www.praha7.cz\/api\/wp\/v2\/media\/78374"}],"wp:attachment":[{"href":"https:\/\/www.praha7.cz\/api\/wp\/v2\/media?parent=78373"}],"wp:term":[{"taxonomy":"category","embeddable":true,"href":"https:\/\/www.praha7.cz\/api\/wp\/v2\/categories?post=78373"},{"taxonomy":"post_tag","embeddable":true,"href":"https:\/\/www.praha7.cz\/api\/wp\/v2\/tags?post=78373"}],"curies":[{"name":"wp","href":"https:\/\/api.w.org\/{rel}","templated":true}]}}