    
{"id":78285,"date":"2024-08-19T14:12:24","date_gmt":"2024-08-19T12:12:24","guid":{"rendered":"https:\/\/www.praha7.cz\/?p=78285"},"modified":"2024-08-19T14:12:24","modified_gmt":"2024-08-19T12:12:24","slug":"vystavba-fontan-v-letenskych-sadech","status":"publish","type":"post","link":"https:\/\/www.praha7.cz\/vystavba-fontan-v-letenskych-sadech\/","title":{"rendered":"V\u00fdstavba font\u00e1n v&nbsp;Letensk\u00fdch sadech"},"content":{"rendered":"<p>[perex]<\/p>\r\n<p>I kdy\u017e prvn\u00ed n\u00e1vrhy na vodn\u00ed prvky v&nbsp;Letensk\u00fdch sadech vznikly ji\u017e v&nbsp;19.&nbsp;stolet\u00ed, voda se na Letnou dostala teprve p\u0159ed n\u011bkolika lety. <a href=\"https:\/\/www.praha-priroda.cz\/aktuality\/vodni-plochy\/?id=175\" target=\"_blank\" rel=\"noopener\">Nov\u00fd rybn\u00edk<\/a> se stal velmi nav\u0161t\u011bvovan\u00fdm m\u00edstem a&nbsp;c\u00edlem vych\u00e1zek Pra\u017ean\u016f.<\/p>\r\n<p>V minulosti ale byly na Letn\u00e9 pl\u00e1nov\u00e1ny i&nbsp;dal\u0161\u00ed vodn\u00ed prvky. Sou\u010d\u00e1st\u00ed Stalinova pomn\u00edku m\u011blo b\u00fdt i&nbsp;n\u011bkolik vodn\u00edch baz\u00e9n\u016f. K&nbsp;tomuto \u00fa\u010delu byla dokonce v&nbsp;podzem\u00ed pomn\u00edku vybudov\u00e1na \u010derpac\u00ed stanice na vodu z&nbsp;Vltavy. T\u011bmito nezrealizovan\u00fdmi pl\u00e1ny jsme se inspirovali \u2013 m\u00edsto vodn\u00edch baz\u00e9n\u016f ale\u00a0okol\u00ed n\u00e1dr\u017ee dopln\u00ed dv\u011b font\u00e1ny v&nbsp;m\u00edstech p\u016fvodn\u00edch kv\u011btin\u00e1\u010d\u016f na bo\u010dn\u00edm rameni b\u00fdval\u00e9ho Stalinova pomn\u00edku.\u00a0<\/p>\r\n<p>[\/perex]<\/p>\r\n<p>Ob\u011b font\u00e1ny budou 60 centimetr\u016f hlubok\u00e9 a&nbsp;ka\u017ed\u00e1 bude tryskat ze t\u0159\u00ed st\u0159ik\u016f. Voda do font\u00e1n bude p\u0159iv\u00e1d\u011bna z&nbsp;rybn\u00edka a&nbsp;pak se do n\u011bj op\u011bt vr\u00e1t\u00ed. Mezi font\u00e1nami vznikne je\u0161t\u011b vodn\u00ed prvek v&nbsp;podob\u011b kamenn\u00e9ho kor\u00fdtka.<\/p>\r\n<hr \/>\r\n<p>Investor:\u00a0Hlavn\u00ed m\u011bsto Praha, Odbor ochrany prost\u0159ed\u00ed MHMP, Jungmannova 35, Praha 1<br \/>\r\nZ\u00e1stupci investora:\u00a0Ing. Ji\u0159\u00ed Karnecki (tel.: 236&nbsp;005&nbsp;817), Ing. Josef \u0160linger (tel.: 236&nbsp;005&nbsp;818)<br \/>\r\nDodavatel:\u00a0Lesy hl. m. Prahy<br \/>\r\nProjektant:\u00a0MV Projekt, s. r. o.\u00a0<br \/>\r\nDoba realizace: \u010derven\u2012prosinec 2024<\/p>\r\n<p>zdroj: <a href=\"https:\/\/www.praha-priroda.cz\/aktuality\/?id=201&amp;fbclid=IwY2xjawEprq9leHRuA2FlbQIxMQABHZ-AIm4lJg7vJAEzewMequLfxrHhc2xSsWgLQXtfCy6VjVDmgY_qCwAq5A_aem_7-QxbLHJblOMHtyXBY0uNg\" target=\"_blank\" rel=\"noopener\">MHMP<\/a><\/p>","protected":false},"excerpt":{"rendered":"[perex] I&nbsp;kdy\u017e prvn\u00ed n\u00e1vrhy na vodn\u00ed prvky v&nbsp;Letensk\u00fdch sadech vznikly ji\u017e v&nbsp;19.&nbsp;stolet\u00ed, voda se na Letnou dostala teprve p\u0159ed n\u011bkolika lety. Nov\u00fd rybn\u00edk se stal velmi nav\u0161t\u011bvovan\u00fdm m\u00edstem a&nbsp;c\u00edlem vych\u00e1zek Pra\u017ean\u016f. V&nbsp;minulosti ale byly na Letn\u00e9 pl\u00e1nov\u00e1ny i&nbsp;dal\u0161\u00ed vodn\u00ed prvky. Sou\u010d\u00e1st\u00ed Stalinova pomn\u00edku m\u011blo b\u00fdt i&nbsp;n\u011bkolik vodn\u00edch baz\u00e9n\u016f. K&nbsp;tomuto \u00fa\u010delu byla dokonce v&nbsp;podzem\u00ed [&hellip;]","protected":false},"author":251,"featured_media":78286,"comment_status":"closed","ping_status":"open","sticky":false,"template":"","format":"standard","meta":[],"categories":[34],"tags":[119,110],"_links":{"self":[{"href":"https:\/\/www.praha7.cz\/api\/wp\/v2\/posts\/78285"}],"collection":[{"href":"https:\/\/www.praha7.cz\/api\/wp\/v2\/posts"}],"about":[{"href":"https:\/\/www.praha7.cz\/api\/wp\/v2\/types\/post"}],"author":[{"embeddable":true,"href":"https:\/\/www.praha7.cz\/api\/wp\/v2\/users\/251"}],"replies":[{"embeddable":true,"href":"https:\/\/www.praha7.cz\/api\/wp\/v2\/comments?post=78285"}],"version-history":[{"count":1,"href":"https:\/\/www.praha7.cz\/api\/wp\/v2\/posts\/78285\/revisions"}],"predecessor-version":[{"id":78287,"href":"https:\/\/www.praha7.cz\/api\/wp\/v2\/posts\/78285\/revisions\/78287"}],"wp:featuredmedia":[{"embeddable":true,"href":"https:\/\/www.praha7.cz\/api\/wp\/v2\/media\/78286"}],"wp:attachment":[{"href":"https:\/\/www.praha7.cz\/api\/wp\/v2\/media?parent=78285"}],"wp:term":[{"taxonomy":"category","embeddable":true,"href":"https:\/\/www.praha7.cz\/api\/wp\/v2\/categories?post=78285"},{"taxonomy":"post_tag","embeddable":true,"href":"https:\/\/www.praha7.cz\/api\/wp\/v2\/tags?post=78285"}],"curies":[{"name":"wp","href":"https:\/\/api.w.org\/{rel}","templated":true}]}}