    
{"id":78049,"date":"2024-08-05T17:05:42","date_gmt":"2024-08-05T15:05:42","guid":{"rendered":"https:\/\/www.praha7.cz\/?p=78049"},"modified":"2024-08-17T07:55:18","modified_gmt":"2024-08-17T05:55:18","slug":"odbor-zivotniho-prostredni-bude-od-8-do-16-8-fungovat-v-omezenem-rezimu","status":"publish","type":"post","link":"https:\/\/www.praha7.cz\/odbor-zivotniho-prostredni-bude-od-8-do-16-8-fungovat-v-omezenem-rezimu\/","title":{"rendered":"Odbor \u017eivotn\u00edho prost\u0159edn\u00ed bude od 8.&nbsp;do 16.&nbsp;8.&nbsp;fungovat v&nbsp;omezen\u00e9m re\u017eimu"},"content":{"rendered":"<p>[perex]<\/p>\r\n<p>Upozor\u0148ujeme ob\u010dany, \u017ee Odbor \u017eivotn\u00edho prost\u0159ed\u00ed bude z\u00a0technick\u00fdch d\u016fvod\u016f ve dnech 8.&nbsp;8. \u2013 16.&nbsp;8.&nbsp;2024 fungovat v\u00a0omezen\u00e9m re\u017eimu. Pracovn\u00edci odboru budou k\u00a0dispozici na e-mailech a&nbsp;mobiln\u00edch telefonn\u00edch \u010d\u00edslech, omezena bude mo\u017enost osobn\u00edch n\u00e1v\u0161t\u011bv.<\/p>\r\n<p>V\u00a0p\u0159\u00edpad\u011b, \u017ee budete ve v\u00fd\u0161e uveden\u00e9m term\u00ednu pot\u0159ebovat vystavit ryb\u00e1\u0159sk\u00fd \u010di loveck\u00fd l\u00edstek, domluvte se, pros\u00edm, ohledn\u011b jejich vyd\u00e1n\u00ed na t\u011bchto telefonn\u00edch \u010d\u00edslech: \u00a0605&nbsp;385\u00a0373, 602\u00a0147\u00a0419, 603\u00a0350&nbsp;314.<\/p>\r\n<p>D\u011bkujeme za pochopen\u00ed a&nbsp;omlouv\u00e1me se za p\u0159\u00edpadn\u00e9 komplikace.<\/p>\r\n<p>[\/perex]<\/p>\r\n<p>&nbsp;<\/p>","protected":false},"excerpt":{"rendered":"[perex] Upozor\u0148ujeme ob\u010dany, \u017ee Odbor \u017eivotn\u00edho prost\u0159ed\u00ed bude z\u00a0technick\u00fdch d\u016fvod\u016f ve dnech 8.&nbsp;8. \u2013 16.&nbsp;8.&nbsp;2024 fungovat v\u00a0omezen\u00e9m re\u017eimu. Pracovn\u00edci odboru budou k\u00a0dispozici na e-mailech a&nbsp;mobiln\u00edch telefonn\u00edch \u010d\u00edslech, omezena bude mo\u017enost osobn\u00edch n\u00e1v\u0161t\u011bv. V\u00a0p\u0159\u00edpad\u011b, \u017ee budete ve v\u00fd\u0161e uveden\u00e9m term\u00ednu pot\u0159ebovat vystavit ryb\u00e1\u0159sk\u00fd \u010di loveck\u00fd l\u00edstek, domluvte se, pros\u00edm, ohledn\u011b jejich vyd\u00e1n\u00ed na t\u011bchto telefonn\u00edch \u010d\u00edslech: [&hellip;]","protected":false},"author":5,"featured_media":59953,"comment_status":"closed","ping_status":"open","sticky":false,"template":"","format":"standard","meta":[],"categories":[34],"tags":[84],"_links":{"self":[{"href":"https:\/\/www.praha7.cz\/api\/wp\/v2\/posts\/78049"}],"collection":[{"href":"https:\/\/www.praha7.cz\/api\/wp\/v2\/posts"}],"about":[{"href":"https:\/\/www.praha7.cz\/api\/wp\/v2\/types\/post"}],"author":[{"embeddable":true,"href":"https:\/\/www.praha7.cz\/api\/wp\/v2\/users\/5"}],"replies":[{"embeddable":true,"href":"https:\/\/www.praha7.cz\/api\/wp\/v2\/comments?post=78049"}],"version-history":[{"count":2,"href":"https:\/\/www.praha7.cz\/api\/wp\/v2\/posts\/78049\/revisions"}],"predecessor-version":[{"id":78083,"href":"https:\/\/www.praha7.cz\/api\/wp\/v2\/posts\/78049\/revisions\/78083"}],"wp:featuredmedia":[{"embeddable":true,"href":"https:\/\/www.praha7.cz\/api\/wp\/v2\/media\/59953"}],"wp:attachment":[{"href":"https:\/\/www.praha7.cz\/api\/wp\/v2\/media?parent=78049"}],"wp:term":[{"taxonomy":"category","embeddable":true,"href":"https:\/\/www.praha7.cz\/api\/wp\/v2\/categories?post=78049"},{"taxonomy":"post_tag","embeddable":true,"href":"https:\/\/www.praha7.cz\/api\/wp\/v2\/tags?post=78049"}],"curies":[{"name":"wp","href":"https:\/\/api.w.org\/{rel}","templated":true}]}}