    
{"id":78040,"date":"2024-08-05T11:13:38","date_gmt":"2024-08-05T09:13:38","guid":{"rendered":"https:\/\/www.praha7.cz\/?p=78040"},"modified":"2024-08-12T10:22:49","modified_gmt":"2024-08-12T08:22:49","slug":"na-radnici-prahy-7-vlaje-duhova-vlajka-2","status":"publish","type":"post","link":"https:\/\/www.praha7.cz\/na-radnici-prahy-7-vlaje-duhova-vlajka-2\/","title":{"rendered":"Prague Pride: Program a&nbsp;opat\u0159en\u00ed"},"content":{"rendered":"<p>[perex]<\/p>\r\n<p>V Praze dnes, 5.&nbsp;srpna 2024, za\u010d\u00edn\u00e1 14.&nbsp;ro\u010dn\u00edk festivalu Prague Pride. Na radnici Prahy&nbsp;7 p\u0159i t\u00e9to p\u0159\u00edle\u017eitosti zavl\u00e1la ji\u017e tradi\u010dn\u011b duhov\u00e1 vlajka jako symbol tolerance a&nbsp;\u00facty ke v\u0161em lidem.<\/p>\r\n<p>[\/perex]<\/p>\r\n<p>Program festivalu najdete <a href=\"https:\/\/festival.praguepride.com\/program\/\" target=\"_blank\" rel=\"noopener\">zde<\/a>. Pro n\u00e1v\u0161t\u011bvn\u00edky je p\u0159ipraveno v\u00edce ne\u017e 200 festivalov\u00fdch akc\u00ed na r\u016fzn\u00fdch m\u00edstech ve m\u011bst\u011b. Vyvrcholen\u00edm festivalu je pr\u016fvod Pride Parade v&nbsp;sobotu 10.&nbsp;srpna 2024, \u00fa\u010dastn\u00edci pr\u016fvodu vyraz\u00ed ve 12.00 z&nbsp;doln\u00ed \u010d\u00e1sti V\u00e1clavsk\u00e9ho n\u00e1m\u011bst\u00ed ulicemi Na P\u0159\u00edkop\u011b a&nbsp;Hav\u00ed\u0159sk\u00e1 p\u0159es Ovocn\u00fd trh, Celetnou, Starom\u011bstsk\u00e9 n\u00e1m\u011bst\u00ed, Pa\u0159\u00ed\u017eskou a&nbsp;\u010cech\u016fv most do Letensk\u00fdch sad\u016f. Zm\u00edn\u011bn\u00e9 lokality budou p\u0159ibli\u017en\u011b po t\u0159i hodiny \u010d\u00e1ste\u010dn\u011b omezeny pro dopravu, nejv\u00edce se uzav\u00edrky dotknou \u010cechova mostu, kter\u00fd bude uzav\u0159en pro pr\u016fjezd aut, autobus\u016f i&nbsp;tramvaj\u00ed.\u00a0<\/p>\r\n\r\n<figure id=\"attachment_78041\" aria-describedby=\"caption-attachment-78041\" style=\"width: 640px\" class=\"wp-caption alignnone\"><img loading=\"lazy\" src=\"https:\/\/www.praha7.cz\/wp-content\/uploads\/2024\/08\/duhova-vlajka-2024_radnice-Praha-7_Hana-Trestikova-1488x1000.jpg\" alt=\"\" width=\"640\" height=\"430\" class=\"wp-image-78041 size-large\" srcset=\"https:\/\/www.praha7.cz\/wp-content\/uploads\/2024\/08\/duhova-vlajka-2024_radnice-Praha-7_Hana-Trestikova-1488x1000.jpg 1488w, https:\/\/www.praha7.cz\/wp-content\/uploads\/2024\/08\/duhova-vlajka-2024_radnice-Praha-7_Hana-Trestikova-595x400.jpg 595w, https:\/\/www.praha7.cz\/wp-content\/uploads\/2024\/08\/duhova-vlajka-2024_radnice-Praha-7_Hana-Trestikova-768x516.jpg 768w, https:\/\/www.praha7.cz\/wp-content\/uploads\/2024\/08\/duhova-vlajka-2024_radnice-Praha-7_Hana-Trestikova-1536x1032.jpg 1536w, https:\/\/www.praha7.cz\/wp-content\/uploads\/2024\/08\/duhova-vlajka-2024_radnice-Praha-7_Hana-Trestikova-2048x1376.jpg 2048w\" sizes=\"(max-width: 640px) 100vw, 640px\" \/><figcaption id=\"caption-attachment-78041\" class=\"wp-caption-text\">M\u00edstostarostka Hana T\u0159e\u0161t\u00edkov\u00e1, kter\u00e1 festivalu ud\u011blila z\u00e1\u0161titu<\/figcaption><\/figure>\r\n\r\n<h3>Dopravn\u00ed omezen\u00ed b\u011bhem pr\u016fvodu<\/h3>\r\n<p>Dopravn\u00ed omezen\u00ed v&nbsp;sobotu 10.&nbsp;srpna v&nbsp;\u010dase mezi 12.15 a&nbsp;15.00 se budou t\u00fdkat tramvajov\u00fdch linek \u010d. 17, 27, 41, 42. Ty budou v&nbsp;okol\u00ed \u010cechova mostu nam\u00edsto p\u0159es zast\u00e1vku Pr\u00e1vnick\u00e1 fakulta vedeny p\u0159es zast\u00e1vky Malostransk\u00e1. Opat\u0159en\u00ed se dotkne tak\u00e9 autobusov\u00e9 linky \u010d. 207, t\u00e9 se do\u010dasn\u011b zru\u0161\u00ed zast\u00e1vky Nemocnice Na Franti\u0161ku a&nbsp;Pr\u00e1vnick\u00e1 fakulta, vedena bude po levob\u0159e\u017en\u00ed komunikaci p\u0159es zast\u00e1vky \u010cech\u016fv most a&nbsp;Malostransk\u00e1 na Starom\u011bstskou. Autobusov\u00e1 linka \u010d. 194 bude v&nbsp;provozu pouze v&nbsp;\u00faseku Nemocnice pod Pet\u0159\u00ednem \u2013 Starom\u011bstsk\u00e1, v&nbsp;\u00faseku Starom\u011bstsk\u00e1 \u2013 Florenc bude mimo provoz.<\/p>","protected":false},"excerpt":{"rendered":"[perex] V&nbsp;Praze dnes, 5.&nbsp;srpna 2024, za\u010d\u00edn\u00e1 14.&nbsp;ro\u010dn\u00edk festivalu Prague Pride. Na radnici Prahy&nbsp;7 p\u0159i t\u00e9to p\u0159\u00edle\u017eitosti zavl\u00e1la ji\u017e tradi\u010dn\u011b duhov\u00e1 vlajka jako symbol tolerance a&nbsp;\u00facty ke v\u0161em lidem. [\/perex] Program festivalu najdete zde. Pro n\u00e1v\u0161t\u011bvn\u00edky je p\u0159ipraveno v\u00edce ne\u017e 200 festivalov\u00fdch akc\u00ed na r\u016fzn\u00fdch m\u00edstech ve m\u011bst\u011b. Vyvrcholen\u00edm festivalu je pr\u016fvod Pride Parade v&nbsp;sobotu [&hellip;]","protected":false},"author":251,"featured_media":78042,"comment_status":"closed","ping_status":"open","sticky":false,"template":"","format":"standard","meta":[],"categories":[34],"tags":[84],"_links":{"self":[{"href":"https:\/\/www.praha7.cz\/api\/wp\/v2\/posts\/78040"}],"collection":[{"href":"https:\/\/www.praha7.cz\/api\/wp\/v2\/posts"}],"about":[{"href":"https:\/\/www.praha7.cz\/api\/wp\/v2\/types\/post"}],"author":[{"embeddable":true,"href":"https:\/\/www.praha7.cz\/api\/wp\/v2\/users\/251"}],"replies":[{"embeddable":true,"href":"https:\/\/www.praha7.cz\/api\/wp\/v2\/comments?post=78040"}],"version-history":[{"count":3,"href":"https:\/\/www.praha7.cz\/api\/wp\/v2\/posts\/78040\/revisions"}],"predecessor-version":[{"id":78127,"href":"https:\/\/www.praha7.cz\/api\/wp\/v2\/posts\/78040\/revisions\/78127"}],"wp:featuredmedia":[{"embeddable":true,"href":"https:\/\/www.praha7.cz\/api\/wp\/v2\/media\/78042"}],"wp:attachment":[{"href":"https:\/\/www.praha7.cz\/api\/wp\/v2\/media?parent=78040"}],"wp:term":[{"taxonomy":"category","embeddable":true,"href":"https:\/\/www.praha7.cz\/api\/wp\/v2\/categories?post=78040"},{"taxonomy":"post_tag","embeddable":true,"href":"https:\/\/www.praha7.cz\/api\/wp\/v2\/tags?post=78040"}],"curies":[{"name":"wp","href":"https:\/\/api.w.org\/{rel}","templated":true}]}}