    
{"id":78008,"date":"2024-07-31T15:32:01","date_gmt":"2024-07-31T13:32:01","guid":{"rendered":"https:\/\/www.praha7.cz\/?p=78008"},"modified":"2024-08-13T10:43:31","modified_gmt":"2024-08-13T08:43:31","slug":"rekonstrukce-ul-bubenska-aktualni-zmeny-v-doprave","status":"publish","type":"post","link":"https:\/\/www.praha7.cz\/rekonstrukce-ul-bubenska-aktualni-zmeny-v-doprave\/","title":{"rendered":"Rekonstrukce ulice Bubensk\u00e1: aktu\u00e1ln\u00ed zm\u011bny v&nbsp;doprav\u011b"},"content":{"rendered":"<p>[perex]<\/p>\r\n<p>Rekonstrukce ulice Bubensk\u00e1 vstupuje do dal\u0161\u00ed f\u00e1ze, se kterou se poj\u00ed zm\u011bny v&nbsp;doprav\u011b. Od po\u010d\u00e1tku roku zde prob\u00edhaj\u00ed pr\u00e1ce souvisej\u00edc\u00ed s&nbsp;modernizac\u00ed \u017eeleznice a&nbsp;rekonstrukcemi s\u00edt\u00ed, s&nbsp;nimi\u017e se poda\u0159ilo spojit i&nbsp;dal\u0161\u00ed \u00fapravy ulice. Postup stavby ji\u017e umo\u017e\u0148uje od 1.&nbsp;srpna 2024 otev\u0159\u00edt pr\u016fjezd pod novou estak\u00e1dou v&nbsp;ul. Strojnick\u00e1 sm\u011brem k&nbsp;V\u00fdstavi\u0161ti a&nbsp;do ul. \u017delezni\u010d\u00e1\u0159\u016f. Z\u00e1rove\u0148 za\u010d\u00ednaj\u00ed pr\u00e1ce na realizaci vodovodn\u00ed p\u0159\u00edpojky, kter\u00e9 si vy\u017e\u00e1daj\u00ed p\u0159ekop\u00e1n\u00ed \u0159adic\u00edch pruh\u016f u&nbsp;K\u0159i\u017eovatky s&nbsp;ul. Veletr\u017en\u00ed. Tyto pr\u00e1ce budou prob\u00edhat od 1.&nbsp;do 11.&nbsp;srpna 2024. V&nbsp;t\u00e9to dob\u011b bude doprava v&nbsp;ul. Bubensk\u00e1 ji\u017en\u011b od ul. Veletr\u017en\u00ed vedena jednosm\u011brn\u011b ve sm\u011bru z&nbsp;centra. Trasa linky 156 z\u016fst\u00e1v\u00e1 beze zm\u011bn. D\u00e1le budou v&nbsp;dot\u010den\u00e9 oblasti pokra\u010dovat p\u0159edev\u0161\u00edm pr\u00e1ce na chodn\u00edc\u00edch.<\/p>\r\n<p>[\/perex]<\/p>\r\n<h3>Orienta\u010dn\u00ed sch\u00e9ma uzav\u00edrek a&nbsp;obj\u00edzdn\u00fdch tras platn\u00e9 od 1.&nbsp;8.&nbsp;do 11.&nbsp;srpna 2024<\/h3>\r\n<p><a href=\"https:\/\/www.praha7.cz\/wp-content\/uploads\/2024\/07\/Schema-uzavirek-2.jpg\"><img loading=\"lazy\" src=\"https:\/\/www.praha7.cz\/wp-content\/uploads\/2024\/07\/Schema-uzavirek-2.jpg\" alt=\"\" width=\"699\" height=\"530\" class=\"alignnone  wp-image-78009\" srcset=\"https:\/\/www.praha7.cz\/wp-content\/uploads\/2024\/07\/Schema-uzavirek-2.jpg 1635w, https:\/\/www.praha7.cz\/wp-content\/uploads\/2024\/07\/Schema-uzavirek-2-527x400.jpg 527w, https:\/\/www.praha7.cz\/wp-content\/uploads\/2024\/07\/Schema-uzavirek-2-1319x1000.jpg 1319w, https:\/\/www.praha7.cz\/wp-content\/uploads\/2024\/07\/Schema-uzavirek-2-768x582.jpg 768w, https:\/\/www.praha7.cz\/wp-content\/uploads\/2024\/07\/Schema-uzavirek-2-1536x1165.jpg 1536w\" sizes=\"(max-width: 699px) 100vw, 699px\" \/><\/a><\/p>\r\n<p>&nbsp;<\/p>\r\n<p>Dal\u0161\u00ed informace o&nbsp;prob\u00edhaj\u00edc\u00ed a&nbsp;pl\u00e1novan\u00e9 stavebn\u00ed \u010dinnosti a&nbsp;souvisej\u00edc\u00edch zm\u011bn\u00e1ch v&nbsp;doprav\u011b najdete <a href=\"http:\/\/www.praha7.cz\/doprava2024-leto\">zde<\/a>.<\/p>\r\n<p>&nbsp;<\/p>\r\n<p><strong>\u00dapravy v&nbsp;ulici Bubensk\u00e1<\/strong><\/p>\r\n<p>S\u00a0dosavadn\u00edmi pracemi na modernizac\u00ed \u017eeleznice, kter\u00e9 spo\u010d\u00edvaly p\u0159edev\u0161\u00edm v\u00a0p\u0159elo\u017ek\u00e1ch in\u017een\u00fdrsk\u00fdch s\u00edt\u00ed, odstran\u011bn\u00ed \u017eelezni\u010dn\u00edho p\u0159ejezdu a&nbsp;v\u00fdstavb\u011b nov\u00e9ho \u017eelezni\u010dn\u00edho mostu, se poda\u0159ilo spojit tak\u00e9 \u00fapravy uli\u010dn\u00edho prostoru v\u00a0severn\u00ed \u010d\u00e1sti Bubensk\u00e9. Doch\u00e1z\u00ed zde k&nbsp;rekonstrukci vodovodu, \u00faprav\u00e1m silnice a&nbsp;chodn\u00edk\u016f, v\u010detn\u011b pokl\u00e1dky nov\u00e9 dla\u017eby, opat\u0159en\u00ed pro cyklodopravu \u010di realizaci stavebn\u011b proveden\u00fdch ostr\u016fvk\u016f a&nbsp;parkovac\u00edch st\u00e1n\u00ed. V\u00a0dal\u0161\u00ed f\u00e1zi zde tak\u00e9 budou vysazeny nov\u00e9 stromy.<\/p>","protected":false},"excerpt":{"rendered":"[perex] Rekonstrukce ulice Bubensk\u00e1 vstupuje do dal\u0161\u00ed f\u00e1ze, se kterou se poj\u00ed zm\u011bny v&nbsp;doprav\u011b. Od po\u010d\u00e1tku roku zde prob\u00edhaj\u00ed pr\u00e1ce souvisej\u00edc\u00ed s&nbsp;modernizac\u00ed \u017eeleznice a&nbsp;rekonstrukcemi s\u00edt\u00ed, s&nbsp;nimi\u017e se poda\u0159ilo spojit i&nbsp;dal\u0161\u00ed \u00fapravy ulice. Postup stavby ji\u017e umo\u017e\u0148uje od 1.&nbsp;srpna 2024 otev\u0159\u00edt pr\u016fjezd pod novou estak\u00e1dou v&nbsp;ul. Strojnick\u00e1 sm\u011brem k&nbsp;V\u00fdstavi\u0161ti a&nbsp;do ul. \u017delezni\u010d\u00e1\u0159\u016f. Z\u00e1rove\u0148 za\u010d\u00ednaj\u00ed pr\u00e1ce na [&hellip;]","protected":false},"author":5,"featured_media":78011,"comment_status":"closed","ping_status":"open","sticky":false,"template":"","format":"standard","meta":[],"categories":[34],"tags":[57],"_links":{"self":[{"href":"https:\/\/www.praha7.cz\/api\/wp\/v2\/posts\/78008"}],"collection":[{"href":"https:\/\/www.praha7.cz\/api\/wp\/v2\/posts"}],"about":[{"href":"https:\/\/www.praha7.cz\/api\/wp\/v2\/types\/post"}],"author":[{"embeddable":true,"href":"https:\/\/www.praha7.cz\/api\/wp\/v2\/users\/5"}],"replies":[{"embeddable":true,"href":"https:\/\/www.praha7.cz\/api\/wp\/v2\/comments?post=78008"}],"version-history":[{"count":6,"href":"https:\/\/www.praha7.cz\/api\/wp\/v2\/posts\/78008\/revisions"}],"predecessor-version":[{"id":78016,"href":"https:\/\/www.praha7.cz\/api\/wp\/v2\/posts\/78008\/revisions\/78016"}],"wp:featuredmedia":[{"embeddable":true,"href":"https:\/\/www.praha7.cz\/api\/wp\/v2\/media\/78011"}],"wp:attachment":[{"href":"https:\/\/www.praha7.cz\/api\/wp\/v2\/media?parent=78008"}],"wp:term":[{"taxonomy":"category","embeddable":true,"href":"https:\/\/www.praha7.cz\/api\/wp\/v2\/categories?post=78008"},{"taxonomy":"post_tag","embeddable":true,"href":"https:\/\/www.praha7.cz\/api\/wp\/v2\/tags?post=78008"}],"curies":[{"name":"wp","href":"https:\/\/api.w.org\/{rel}","templated":true}]}}