    
{"id":77938,"date":"2024-07-25T08:51:07","date_gmt":"2024-07-25T06:51:07","guid":{"rendered":"https:\/\/www.praha7.cz\/?p=77938"},"modified":"2024-08-16T12:02:12","modified_gmt":"2024-08-16T10:02:12","slug":"park-u-vody-otevren-v-predbeznem-rezimu","status":"publish","type":"post","link":"https:\/\/www.praha7.cz\/park-u-vody-otevren-v-predbeznem-rezimu\/","title":{"rendered":"Park U&nbsp;Vody otev\u00edr\u00e1me v&nbsp;p\u0159edb\u011b\u017en\u00e9m re\u017eimu"},"content":{"rendered":"<p>[perex]<\/p>\r\n<p>Pr\u00e1ce v&nbsp;parku U&nbsp;Vody postoupily a&nbsp;umo\u017e\u0148uj\u00ed zp\u0159\u00edstupnit t\u00e9m\u011b\u0159 cel\u00fd prostor. Od \u010dtvrtka 25.&nbsp;\u010dervence 2024 m\u016f\u017eete park nav\u0161t\u00edvit v&nbsp;p\u0159edb\u011b\u017en\u00e9m re\u017eimu otev\u0159en\u00ed a&nbsp;zb\u00fdvaj\u00edc\u00ed letn\u00ed t\u00fddny str\u00e1vit v&nbsp;p\u0159\u00edjemn\u00e9m upraven\u00e9m prost\u0159ed\u00ed na b\u0159ehu Vltavy. K&nbsp;dispozici je \u0159ada m\u00edst k&nbsp;posezen\u00ed \u010di na piknik, vstupy do vody, spole\u010dn\u00e9 ohni\u0161t\u011b, plocha pro komunitn\u00ed aktivity \u010di workoutov\u00e9 prvky. Park je protkan\u00fd s\u00edt\u00ed cesti\u010dek a&nbsp;p\u011b\u0161in, v\u010detn\u011b bosochodn\u00edku s&nbsp;r\u016fzn\u00fdmi povrchy, kter\u00fd poskytuje p\u0159\u00edrodn\u00ed mas\u00e1\u017e pro nohy i&nbsp;d\u011btem prostor pro hry.<\/p>\r\n<p>[\/perex]<\/p>\r\n<p>N\u00e1v\u0161t\u011bvn\u00edk\u016fm se tak otev\u00edr\u00e1 t\u0159\u00edhektarov\u00e1 plocha pro odpo\u010dinek, sport i&nbsp;sousedsk\u00e1 setk\u00e1v\u00e1n\u00ed v&nbsp;atraktivn\u00edm prost\u0159ed\u00ed vltavsk\u00fdch b\u0159eh\u016f. Na m\u00edst\u011b je\u0161t\u011b prob\u00edhaj\u00ed dokon\u010dovac\u00ed pr\u00e1ce, dbejte pros\u00edm opatrnosti, nicm\u00e9n\u011b p\u0159\u00edstupu do parku ji\u017e nic nebr\u00e1n\u00ed.\u00a0<\/p>\r\n<p><img loading=\"lazy\" src=\"https:\/\/www.praha7.cz\/wp-content\/uploads\/2024\/07\/vstup-do-vody_3-1500x844.jpeg\" alt=\"\" width=\"640\" height=\"360\" class=\"alignnone size-large wp-image-77944\" srcset=\"https:\/\/www.praha7.cz\/wp-content\/uploads\/2024\/07\/vstup-do-vody_3-1500x844.jpeg 1500w, https:\/\/www.praha7.cz\/wp-content\/uploads\/2024\/07\/vstup-do-vody_3-600x338.jpeg 600w, https:\/\/www.praha7.cz\/wp-content\/uploads\/2024\/07\/vstup-do-vody_3-768x432.jpeg 768w, https:\/\/www.praha7.cz\/wp-content\/uploads\/2024\/07\/vstup-do-vody_3-1536x864.jpeg 1536w, https:\/\/www.praha7.cz\/wp-content\/uploads\/2024\/07\/vstup-do-vody_3-2048x1152.jpeg 2048w\" sizes=\"(max-width: 640px) 100vw, 640px\" \/><\/p>\r\n<p>&nbsp;<\/p>\r\n<p><img loading=\"lazy\" src=\"https:\/\/www.praha7.cz\/wp-content\/uploads\/2024\/07\/ohniste-1500x844.jpeg\" alt=\"\" width=\"640\" height=\"360\" class=\"alignnone size-large wp-image-77941\" srcset=\"https:\/\/www.praha7.cz\/wp-content\/uploads\/2024\/07\/ohniste-1500x844.jpeg 1500w, https:\/\/www.praha7.cz\/wp-content\/uploads\/2024\/07\/ohniste-600x338.jpeg 600w, https:\/\/www.praha7.cz\/wp-content\/uploads\/2024\/07\/ohniste-768x432.jpeg 768w, https:\/\/www.praha7.cz\/wp-content\/uploads\/2024\/07\/ohniste-1536x864.jpeg 1536w, https:\/\/www.praha7.cz\/wp-content\/uploads\/2024\/07\/ohniste-2048x1152.jpeg 2048w\" sizes=\"(max-width: 640px) 100vw, 640px\" \/><\/p>\r\n<p>Jeliko\u017e se jedn\u00e1 o&nbsp;aktivn\u00ed z\u00f3nu z\u00e1plavov\u00e9ho \u00fazem\u00ed a&nbsp;nelze zde um\u00eds\u0165ovat \u017e\u00e1dn\u00e9 stavby trval\u00e9ho charakteru, prob\u011bhly zde p\u0159edev\u0161\u00edm citliv\u00e9 <a href=\"https:\/\/projekt4y.cz\/park-u-vody\" target=\"_blank\" rel=\"noopener\">krajin\u00e1\u0159sk\u00e9 \u00fapravy<\/a>, kter\u00e9 vzniky na z\u00e1klad\u011b urbanisticko-krajin\u00e1\u0159sk\u00e9 sout\u011b\u017ee, dopln\u011bn\u00e9 o&nbsp;vhodn\u00fd mobili\u00e1\u0159 a&nbsp;sportovn\u00ed prvky. Zachov\u00e1na byla vegetace p\u0159\u00edrodn\u00edho charakteru, kterou obohatila nov\u00e1 v\u00fdsadba p\u0159ipom\u00ednaj\u00edc\u00ed ovocn\u00e9 sady. Dominantou prostoru je otev\u0159en\u00e1 travnat\u00e1 plocha. U\u017e s\u00e1m n\u00e1zev parku evokuje \u00fazkou spojitost s&nbsp;vodou, vznikly tu zcela nov\u00e9 vstupy do \u0159eky i&nbsp;stud\u00e1nka s&nbsp;pitnou vodou (jez\u00edrko pro osv\u011b\u017een\u00ed zat\u00edm nen\u00ed z&nbsp;technick\u00fdch d\u016fvod\u016f zprovozn\u011bno).\u00a0<\/p>\r\n<p><img loading=\"lazy\" src=\"https:\/\/www.praha7.cz\/wp-content\/uploads\/2024\/07\/studanka-1500x844.jpeg\" alt=\"\" width=\"640\" height=\"360\" class=\"alignnone size-large wp-image-77942\" srcset=\"https:\/\/www.praha7.cz\/wp-content\/uploads\/2024\/07\/studanka-1500x844.jpeg 1500w, https:\/\/www.praha7.cz\/wp-content\/uploads\/2024\/07\/studanka-600x338.jpeg 600w, https:\/\/www.praha7.cz\/wp-content\/uploads\/2024\/07\/studanka-768x432.jpeg 768w, https:\/\/www.praha7.cz\/wp-content\/uploads\/2024\/07\/studanka-1536x864.jpeg 1536w, https:\/\/www.praha7.cz\/wp-content\/uploads\/2024\/07\/studanka-2048x1152.jpeg 2048w\" sizes=\"(max-width: 640px) 100vw, 640px\" \/><\/p>\r\n<p><img loading=\"lazy\" src=\"https:\/\/www.praha7.cz\/wp-content\/uploads\/2024\/07\/lavicka-1500x876.jpeg\" alt=\"\" width=\"640\" height=\"374\" class=\"alignnone size-large wp-image-77943\" srcset=\"https:\/\/www.praha7.cz\/wp-content\/uploads\/2024\/07\/lavicka-1500x876.jpeg 1500w, https:\/\/www.praha7.cz\/wp-content\/uploads\/2024\/07\/lavicka-600x350.jpeg 600w, https:\/\/www.praha7.cz\/wp-content\/uploads\/2024\/07\/lavicka-768x448.jpeg 768w, https:\/\/www.praha7.cz\/wp-content\/uploads\/2024\/07\/lavicka-1536x897.jpeg 1536w, https:\/\/www.praha7.cz\/wp-content\/uploads\/2024\/07\/lavicka-2048x1196.jpeg 2048w\" sizes=\"(max-width: 640px) 100vw, 640px\" \/><\/p>\r\n<p>&nbsp;<\/p>\r\n<p><img loading=\"lazy\" src=\"https:\/\/www.praha7.cz\/wp-content\/uploads\/2024\/07\/mapa-park-u-vody.png\" alt=\"\" width=\"810\" height=\"573\" class=\"alignnone size-full wp-image-77965\" srcset=\"https:\/\/www.praha7.cz\/wp-content\/uploads\/2024\/07\/mapa-park-u-vody.png 810w, https:\/\/www.praha7.cz\/wp-content\/uploads\/2024\/07\/mapa-park-u-vody-565x400.png 565w, https:\/\/www.praha7.cz\/wp-content\/uploads\/2024\/07\/mapa-park-u-vody-768x543.png 768w\" sizes=\"(max-width: 810px) 100vw, 810px\" \/><\/p>\r\n<p>&nbsp;<\/p>\r\n<p>V prvn\u00ed polovin\u011b srpna bude v&nbsp;p\u0159ilehl\u00e9m objektu v&nbsp;ulici Varhul\u00edkov\u00e9 12 otev\u0159eno ob\u010derstven\u00ed a&nbsp;bezbari\u00e9rov\u00e9 toalety.\u00a0<\/p>\r\n<p>&nbsp;<\/p>\r\n<p>&nbsp;<\/p>\r\n<p><a href=\"https:\/\/www.praha7.cz\/wp-content\/uploads\/2024\/07\/park-u-vody-web_final.png\"><img loading=\"lazy\" src=\"https:\/\/www.praha7.cz\/wp-content\/uploads\/2024\/07\/park-u-vody-web_final-531x1000.png\" alt=\"\" width=\"531\" height=\"1000\" class=\"alignnone size-large wp-image-78139\" srcset=\"https:\/\/www.praha7.cz\/wp-content\/uploads\/2024\/07\/park-u-vody-web_final-531x1000.png 531w, https:\/\/www.praha7.cz\/wp-content\/uploads\/2024\/07\/park-u-vody-web_final-212x400.png 212w, https:\/\/www.praha7.cz\/wp-content\/uploads\/2024\/07\/park-u-vody-web_final-768x1446.png 768w, https:\/\/www.praha7.cz\/wp-content\/uploads\/2024\/07\/park-u-vody-web_final-816x1536.png 816w, https:\/\/www.praha7.cz\/wp-content\/uploads\/2024\/07\/park-u-vody-web_final-1088x2048.png 1088w, https:\/\/www.praha7.cz\/wp-content\/uploads\/2024\/07\/park-u-vody-web_final.png 2000w\" sizes=\"(max-width: 531px) 100vw, 531px\" \/><\/a><\/p>\r\n<p>&nbsp;<\/p>\r\n<p>&nbsp;<\/p>\r\n<hr \/>\r\n<p>V\u0161e k&nbsp;projektu park U&nbsp;Vody se do\u010dtete <a href=\"https:\/\/www.praha7.cz\/potrebuji-zaridit\/stavba-rekonstrukce\/planujte-sedmicku-s-nami\/park-u-vody\/\" target=\"_blank\" rel=\"noopener\">zde<\/a>.<\/p>\r\n<p>Str\u00e1nky architektonicko-krajin\u00e1\u0159sk\u00e9ho studia <a href=\"https:\/\/projekt4y.cz\/park-u-vody\" target=\"_blank\" rel=\"noopener\">YYYY<\/a>\u00a0<\/p>\r\n<p>Va\u0161e p\u0159ipom\u00ednky, koment\u00e1\u0159e i&nbsp;mil\u00e9 vzkazy uv\u00edt\u00e1me na adrese <a href=\"mailto:parkuvody@praha7.cz\">parkuvody@praha7.cz<\/a><\/p>\r\n<p>&nbsp;<\/p>","protected":false},"excerpt":{"rendered":"[perex] Pr\u00e1ce v&nbsp;parku U&nbsp;Vody postoupily a&nbsp;umo\u017e\u0148uj\u00ed zp\u0159\u00edstupnit t\u00e9m\u011b\u0159 cel\u00fd prostor. Od \u010dtvrtka 25.&nbsp;\u010dervence 2024 m\u016f\u017eete park nav\u0161t\u00edvit v&nbsp;p\u0159edb\u011b\u017en\u00e9m re\u017eimu otev\u0159en\u00ed a&nbsp;zb\u00fdvaj\u00edc\u00ed letn\u00ed t\u00fddny str\u00e1vit v&nbsp;p\u0159\u00edjemn\u00e9m upraven\u00e9m prost\u0159ed\u00ed na b\u0159ehu Vltavy. K&nbsp;dispozici je \u0159ada m\u00edst k&nbsp;posezen\u00ed \u010di na piknik, vstupy do vody, spole\u010dn\u00e9 ohni\u0161t\u011b, plocha pro komunitn\u00ed aktivity \u010di workoutov\u00e9 prvky. Park je protkan\u00fd s\u00edt\u00ed cesti\u010dek [&hellip;]","protected":false},"author":251,"featured_media":77939,"comment_status":"closed","ping_status":"open","sticky":false,"template":"","format":"standard","meta":[],"categories":[36],"tags":[119,125,91,110],"_links":{"self":[{"href":"https:\/\/www.praha7.cz\/api\/wp\/v2\/posts\/77938"}],"collection":[{"href":"https:\/\/www.praha7.cz\/api\/wp\/v2\/posts"}],"about":[{"href":"https:\/\/www.praha7.cz\/api\/wp\/v2\/types\/post"}],"author":[{"embeddable":true,"href":"https:\/\/www.praha7.cz\/api\/wp\/v2\/users\/251"}],"replies":[{"embeddable":true,"href":"https:\/\/www.praha7.cz\/api\/wp\/v2\/comments?post=77938"}],"version-history":[{"count":12,"href":"https:\/\/www.praha7.cz\/api\/wp\/v2\/posts\/77938\/revisions"}],"predecessor-version":[{"id":78140,"href":"https:\/\/www.praha7.cz\/api\/wp\/v2\/posts\/77938\/revisions\/78140"}],"wp:featuredmedia":[{"embeddable":true,"href":"https:\/\/www.praha7.cz\/api\/wp\/v2\/media\/77939"}],"wp:attachment":[{"href":"https:\/\/www.praha7.cz\/api\/wp\/v2\/media?parent=77938"}],"wp:term":[{"taxonomy":"category","embeddable":true,"href":"https:\/\/www.praha7.cz\/api\/wp\/v2\/categories?post=77938"},{"taxonomy":"post_tag","embeddable":true,"href":"https:\/\/www.praha7.cz\/api\/wp\/v2\/tags?post=77938"}],"curies":[{"name":"wp","href":"https:\/\/api.w.org\/{rel}","templated":true}]}}