    
{"id":77866,"date":"2024-07-18T13:30:38","date_gmt":"2024-07-18T11:30:38","guid":{"rendered":"https:\/\/www.praha7.cz\/?p=77866"},"modified":"2024-07-18T13:30:38","modified_gmt":"2024-07-18T11:30:38","slug":"hledate-zajimavou-praci-v-socialni-oblasti-10","status":"publish","type":"post","link":"https:\/\/www.praha7.cz\/hledate-zajimavou-praci-v-socialni-oblasti-10\/","title":{"rendered":"Hled\u00e1te zaj\u00edmavou pr\u00e1ci v&nbsp;soci\u00e1ln\u00ed oblasti?"},"content":{"rendered":"<p>[perex]<\/p>\r\n<p>\u00da\u0159ad Prahy&nbsp;7 p\u0159ijme do sv\u00e9ho t\u00fdmu kolegu\/kolegyni na pozici ve\u0159ejn\u00fd opatrovn\u00edk \/ ve\u0159ejn\u00e1 opatrovnice v&nbsp;odd\u011blen\u00ed soci\u00e1ln\u00ed pr\u00e1ce odboru soci\u00e1ln\u00edch v\u011bc\u00ed. M\u00e1te praxi v&nbsp;soci\u00e1ln\u00ed oblasti? L\u00e1k\u00e1 v\u00e1s r\u016fznorod\u00e1 a&nbsp;zodpov\u011bdn\u00e1 pr\u00e1ce? Komunikace se soudy v\u00e1m nen\u00ed ciz\u00ed a&nbsp;jste aktivn\u00ed \u0159idi\u010d\/ka? Chcete pracovat pro \u00fa\u0159ad s&nbsp;tak trochu jin\u00fdm p\u0159\u00edstupem? Nev\u00e1hejte a&nbsp;p\u0159ihlaste se do na\u0161eho v\u00fdb\u011brov\u00e9ho \u0159\u00edzen\u00ed.<\/p>\r\n<p>[\/perex]<\/p>\r\n<h3>Co u&nbsp;n\u00e1s budete d\u011blat?<\/h3>\r\n<p>N\u00e1pln\u00ed va\u0161\u00ed pr\u00e1ce bude zejm\u00e9na\u00a0zastupov\u00e1n\u00ed \u00fa\u0159adu M\u010c v&nbsp;agend\u011b ve\u0159ejn\u00e9ho opatrovnictv\u00ed, kontakt s&nbsp;klienty, kter\u00fdm byla soudem omezena sv\u00e9pr\u00e1vnost, komunikace se soudy, poji\u0161\u0165ovnami, bankami a&nbsp;spolupr\u00e1ce s&nbsp;neziskov\u00fdm sektorem. D\u00e1le povedete spisovou agendu, budete spolupracovat se soci\u00e1ln\u00edmi pracovn\u00edky \u00fa\u0159adu i&nbsp;se zdravotnick\u00fdmi za\u0159\u00edzen\u00edmi a&nbsp;za\u0159\u00edzen\u00edmi\u00a0 soci\u00e1ln\u00edch slu\u017eeb.<\/p>\r\n<h3>Co od v\u00e1s o\u010dek\u00e1v\u00e1me?<\/h3>\r\n<ul>\r\n\t<li>vysoko\u0161kolsk\u00e9 vzd\u011bl\u00e1n\u00ed v&nbsp;magistersk\u00e9m nebo bakal\u00e1\u0159sk\u00e9m studijn\u00edm programu, p\u0159\u00edpadn\u011b vy\u0161\u0161\u00ed odborn\u00e9 vzd\u011bl\u00e1n\u00ed nebo vzd\u011bl\u00e1n\u00ed s&nbsp;maturitn\u00ed zkou\u0161kou<\/li>\r\n\t<li>praxe v&nbsp;soci\u00e1ln\u00ed oblasti podm\u00ednkou<\/li>\r\n\t<li>orientace v&nbsp;pr\u00e1vn\u00ed problematice, ( z.\u010d. 89\/2012 Sb., nov\u00fd ob\u010dansk\u00fd z\u00e1kon\u00edk, ve zn\u011bn\u00ed pozd\u011bj\u0161\u00edch p\u0159edpis\u016f, z\u00e1kony souvisej\u00edc\u00ed se soci\u00e1ln\u00ed problematikou)<\/li>\r\n\t<li>\u0159idi\u010dsk\u00fd pr\u016fkaz skupiny B (aktivn\u00ed \u0159idi\u010d\/ka)<\/li>\r\n\t<li>pr\u00e1ce s&nbsp;PC, zejm\u00e9na MS Word, internet<\/li>\r\n\t<li>v\u00edt\u00e1na \u00fasp\u011b\u0161n\u011b slo\u017een\u00e1 zkou\u0161ka podle vyhl\u00e1\u0161ky \u010d. 312\/2002 Sb., o&nbsp;zvl\u00e1\u0161tn\u00ed odborn\u00e9 zp\u016fsobilosti<\/li>\r\n\t<li>samostatnost a&nbsp;spolehlivost, dobr\u00e9 komunika\u010dn\u00ed schopnosti, odolnost v\u016f\u010di stresu, soci\u00e1ln\u00ed c\u00edt\u011bn\u00ed, \u010dasov\u00e1 flexibilita<\/li>\r\n\t<li>znalost \u010desk\u00e9ho jazyka slovem i&nbsp;p\u00edsmem<\/li>\r\n<\/ul>\r\n<p>&nbsp;<\/p>\r\n<h3>Co v\u00e1m nab\u00edz\u00edme?<\/h3>\r\n<p>Pracovn\u00ed pom\u011br na dobu neur\u010ditou. N\u00e1stupn\u00ed plat v&nbsp;11.&nbsp;platov\u00e9 t\u0159\u00edd\u011b a\u017e do v\u00fd\u0161e 37&nbsp;170&nbsp;K\u010d podle d\u00e9lky odborn\u00e9 praxe. Po zku\u0161ebn\u00ed dob\u011b osobn\u00ed p\u0159\u00edplatek a\u017e do v\u00fd\u0161e 100&nbsp;% maxim\u00e1ln\u00edho n\u00e1stupn\u00edho platu. Stravenkovou kartu, p\u011bt dn\u016f zdravotn\u00edho volna, p\u0159\u00edsp\u011bvek na dovolenou, 200 hodin dovolen\u00e9, pru\u017enou pracovn\u00ed dobu.<\/p>\r\n<table width=\"1109\" height=\"217\" style=\"color: black !important; font-weight: normal !important;\">\r\n<tbody>\r\n<tr>\r\n<td style=\"height: 0px; text-align: center;\"><\/td>\r\n<td style=\"height: 0px; text-align: center;\"><\/td>\r\n<td style=\"height: 0px; text-align: center;\"><\/td>\r\n<\/tr>\r\n<tr>\r\n<td style=\"width: 361px; text-align: center;\">\r\n<p><img loading=\"lazy\" src=\"https:\/\/www.praha7.cz\/wp-content\/uploads\/2018\/11\/rust.jpg\" alt=\"\" width=\"99\" height=\"96\" class=\"alignnone size-full wp-image-21382\" \/><\/p>\r\n<span style=\"font-weight: normal !important; color: black !important;\">Platov\u00e9 ohodnocen\u00ed, kter\u00e9 roste spolu s&nbsp;v\u00e1mi.<\/span><\/td>\r\n<td style=\"width: 363px; text-align: center;\">\r\n<p><img loading=\"lazy\" src=\"https:\/\/www.praha7.cz\/wp-content\/uploads\/2018\/11\/benefit.jpg\" alt=\"\" width=\"99\" height=\"96\" class=\"alignnone size-full wp-image-21381\" \/><\/p>\r\n<span style=\"font-weight: normal !important; color: black !important;\">\u0160irokou \u0161k\u00e1lu benefit\u016f, kter\u00e9 p\u0159ich\u00e1zej\u00ed <br \/>\r\nve spr\u00e1vn\u00fd \u010das.<\/span><\/td>\r\n<td style=\"width: 363px; text-align: center;\">\r\n<p><img loading=\"lazy\" src=\"https:\/\/www.praha7.cz\/wp-content\/uploads\/2018\/11\/dovolena.jpg\" alt=\"\" width=\"99\" height=\"96\" class=\"alignnone size-full wp-image-21383\" \/><\/p>\r\n<span style=\"font-weight: normal !important; color: black !important;\">P\u011bt t\u00fddn\u016f dovolen\u00e9, na kterou nebudete cht\u00edt odjet, a&nbsp;p\u011bt dn\u016f indispozi\u010dn\u00edho volna.<\/span><\/td>\r\n<\/tr>\r\n<tr>\r\n<td style=\"width: 361px; text-align: center;\">\r\n<p><img loading=\"lazy\" src=\"https:\/\/www.praha7.cz\/wp-content\/uploads\/2018\/11\/vzdelavani.jpg\" alt=\"\" width=\"142\" height=\"96\" class=\"alignnone size-full wp-image-21384\" \/><\/p>\r\n<span style=\"font-weight: normal !important; color: black !important;\">Mo\u017enost dal\u0161\u00edho vzd\u011bl\u00e1v\u00e1n\u00ed, abyste se ve sv\u011bt\u011b neztratili.<\/span><\/td>\r\n<td style=\"width: 363px; text-align: center;\">\r\n<p><img loading=\"lazy\" src=\"https:\/\/www.praha7.cz\/wp-content\/uploads\/2018\/11\/inspirace.jpg\" alt=\"\" width=\"99\" height=\"96\" class=\"alignnone size-full wp-image-21385\" \/><\/p>\r\n<span style=\"font-weight: normal !important; color: black !important;\">Pr\u00e1ci v&nbsp;inspirativn\u00edm kolektivu, kde se p\u0159ed n\u00e1pady nezav\u00edraj\u00ed o\u010di.<\/span><\/td>\r\n<td style=\"width: 363px; text-align: center;\">\r\n<p><img loading=\"lazy\" src=\"https:\/\/www.praha7.cz\/wp-content\/uploads\/2018\/11\/perspektiva.jpg\" alt=\"\" width=\"99\" height=\"96\" class=\"alignnone size-full wp-image-21386\" \/><\/p>\r\n<span style=\"font-weight: normal !important; color: black !important;\">Perspektivn\u00ed zam\u011bstn\u00e1n\u00ed, kde pom\u00e1h\u00e1te m\u011bnit <br \/>\r\nsv\u011bt kolem sebe.<\/span><\/td>\r\n<\/tr>\r\n<\/tbody>\r\n<\/table>\r\n<p>&nbsp;<\/p>\r\n<h3>Jak se k\u00a0n\u00e1m dostanete?<\/h3>\r\n<p>P\u0159ihl\u00e1\u0161ku a&nbsp;souhlas se zpracov\u00e1n\u00edm osobn\u00edch \u00fadaj\u016f v\u010detn\u011b strukturovan\u00e9ho profesn\u00edho \u017eivotopisu, v\u00fdpisu z&nbsp;evidence Rejst\u0159\u00edku trest\u016f ne star\u0161\u00ed ne\u017e t\u0159i m\u011bs\u00edce\u00a0 (u&nbsp;ciz\u00edch st\u00e1tn\u00edch p\u0159\u00edslu\u0161n\u00edk\u016f t\u00e9\u017e obdobn\u00fd doklad osv\u011bd\u010duj\u00ed bez\u00fahonnost vydan\u00fd domovsk\u00fdm st\u00e1tem \u2013 pokud takov\u00fd doklad domovsk\u00fd st\u00e1t nevyd\u00e1v\u00e1, dolo\u017e\u00ed se bez\u00fahonnost \u010destn\u00fdm prohl\u00e1\u0161en\u00edm) a&nbsp;ov\u011b\u0159enou kopii dokladu o&nbsp;nejvy\u0161\u0161\u00edm dosa\u017een\u00e9m vzd\u011bl\u00e1n\u00ed je mo\u017en\u00e9 osobn\u011b doru\u010dit v&nbsp;\u00fa\u0159edn\u00edch hodin\u00e1ch do podatelny \u00da\u0159adu M\u010c Praha&nbsp;7 nebo zaslat na n\u00ed\u017ee uvedenou adresu <span style=\"color: #ff0000;\"><strong>nejpozd\u011bji do 2.&nbsp;srpna 2024<\/strong><\/span>. Ob\u00e1lku ozna\u010dte slovy: Ve\u0159ejn\u00fd opatrovn\u00edk \u00a0\u2013 \u00a0Odd\u011blen\u00ed soci\u00e1ln\u00ed pr\u00e1ce \u2013 Odbor soci\u00e1ln\u00edch v\u011bc\u00ed (OSV).<\/p>\r\n<p><strong>Vznik pracovn\u00edho pom\u011bru: dohodou<\/strong><\/p>\r\n<p>&nbsp;<\/p>\r\n<p>Ve\u0161ker\u00e9 pot\u0159ebn\u00e9 informace pro p\u0159ihl\u00e1\u0161en\u00ed do v\u00fdb\u011brov\u00e9ho \u0159\u00edzen\u00ed naleznete <a href=\"https:\/\/www.praha7.cz\/wp-content\/uploads\/2024\/07\/OSV-verejny-opatrovnik-II_.pdf\">ZDE<\/a>.<\/p>\r\n<p>&nbsp;<\/p>\r\n<p><em>M\u011bstsk\u00e1 \u010d\u00e1st Praha&nbsp;7<\/em><\/p>\r\n<p><em>\u00da\u0159ad m\u011bstsk\u00e9 \u010d\u00e1sti Praha&nbsp;7<\/em><\/p>\r\n<p><em>Odbor person\u00e1ln\u00edch \u010dinnost\u00ed<\/em><\/p>\r\n<p><em>U Pr\u016fhonu 1338\/38<\/em><\/p>\r\n<p><em>170&nbsp;00 Praha&nbsp;7<\/em><\/p>\r\n<p>&nbsp;<\/p>\r\n<p>Vyhla\u0161ovatel si vyhrazuje pr\u00e1vo zru\u0161it v\u00fdb\u011brov\u00e9 \u0159\u00edzen\u00ed kdykoli v&nbsp;jeho pr\u016fb\u011bhu.<\/p>\r\n<hr \/>\r\n<p><span style=\"color: #0000ff;\"><strong>FORMUL\u00c1\u0158E<\/strong><\/span><\/p>\r\n<p><a href=\"https:\/\/www.praha7.cz\/wp-content\/uploads\/2024\/04\/Prihlaska_do_vyberoveho_rizeni.doc\">P\u0159ihl\u00e1\u0161ka do v\u00fdb\u011brov\u00e9ho \u0159\u00edzen\u00ed<\/a><\/p>\r\n<p><a href=\"https:\/\/www.praha7.cz\/wp-content\/uploads\/2024\/04\/GDPR_souhlas_vyberove_rizeni.docx\">Souhlas se zpracov\u00e1n\u00edm osobn\u00edch \u00fadaj\u016f<\/a><\/p>\r\n<p>&nbsp;<\/p>","protected":false},"excerpt":{"rendered":"[perex] \u00da\u0159ad Prahy&nbsp;7 p\u0159ijme do sv\u00e9ho t\u00fdmu kolegu\/kolegyni na pozici ve\u0159ejn\u00fd opatrovn\u00edk \/ ve\u0159ejn\u00e1 opatrovnice v&nbsp;odd\u011blen\u00ed soci\u00e1ln\u00ed pr\u00e1ce odboru soci\u00e1ln\u00edch v\u011bc\u00ed. M\u00e1te praxi v&nbsp;soci\u00e1ln\u00ed oblasti? L\u00e1k\u00e1 v\u00e1s r\u016fznorod\u00e1 a&nbsp;zodpov\u011bdn\u00e1 pr\u00e1ce? Komunikace se soudy v\u00e1m nen\u00ed ciz\u00ed a&nbsp;jste aktivn\u00ed \u0159idi\u010d\/ka? Chcete pracovat pro \u00fa\u0159ad s&nbsp;tak trochu jin\u00fdm p\u0159\u00edstupem? Nev\u00e1hejte a&nbsp;p\u0159ihlaste se do na\u0161eho v\u00fdb\u011brov\u00e9ho \u0159\u00edzen\u00ed. [\/perex] [&hellip;]","protected":false},"author":251,"featured_media":65974,"comment_status":"closed","ping_status":"open","sticky":false,"template":"","format":"standard","meta":[],"categories":[34],"tags":[118],"_links":{"self":[{"href":"https:\/\/www.praha7.cz\/api\/wp\/v2\/posts\/77866"}],"collection":[{"href":"https:\/\/www.praha7.cz\/api\/wp\/v2\/posts"}],"about":[{"href":"https:\/\/www.praha7.cz\/api\/wp\/v2\/types\/post"}],"author":[{"embeddable":true,"href":"https:\/\/www.praha7.cz\/api\/wp\/v2\/users\/251"}],"replies":[{"embeddable":true,"href":"https:\/\/www.praha7.cz\/api\/wp\/v2\/comments?post=77866"}],"version-history":[{"count":1,"href":"https:\/\/www.praha7.cz\/api\/wp\/v2\/posts\/77866\/revisions"}],"predecessor-version":[{"id":77869,"href":"https:\/\/www.praha7.cz\/api\/wp\/v2\/posts\/77866\/revisions\/77869"}],"wp:featuredmedia":[{"embeddable":true,"href":"https:\/\/www.praha7.cz\/api\/wp\/v2\/media\/65974"}],"wp:attachment":[{"href":"https:\/\/www.praha7.cz\/api\/wp\/v2\/media?parent=77866"}],"wp:term":[{"taxonomy":"category","embeddable":true,"href":"https:\/\/www.praha7.cz\/api\/wp\/v2\/categories?post=77866"},{"taxonomy":"post_tag","embeddable":true,"href":"https:\/\/www.praha7.cz\/api\/wp\/v2\/tags?post=77866"}],"curies":[{"name":"wp","href":"https:\/\/api.w.org\/{rel}","templated":true}]}}