    
{"id":77810,"date":"2024-07-15T10:45:46","date_gmt":"2024-07-15T08:45:46","guid":{"rendered":"https:\/\/www.praha7.cz\/?p=77810"},"modified":"2024-07-15T10:45:46","modified_gmt":"2024-07-15T08:45:46","slug":"vyluka-vody-v-holesovicich-17-cervence","status":"publish","type":"post","link":"https:\/\/www.praha7.cz\/vyluka-vody-v-holesovicich-17-cervence\/","title":{"rendered":"V\u00fdluka vody v&nbsp;Hole\u0161ovic\u00edch 17.&nbsp;\u010dervence"},"content":{"rendered":"<p>[perex]<\/p>\r\n<p>Pra\u017esk\u00e9 vodovody a&nbsp;kanalizace upozor\u0148uj\u00ed na v\u00fdluku vody v&nbsp;Hole\u0161ovic\u00edch 17.&nbsp;\u010dervence 2024 od 8.00 hod. do 19.00. V\u00fdluka vody se bude t\u00fdkat odb\u011brn\u00fdch m\u00edst v&nbsp;ulic\u00edch \u010d. p.\/\u010d. o.:<\/p>\r\n<ul>\r\n\t<li>Dukelsk\u00fdch hrdin\u016f 564\/34, 232\/36, 902\/40, 903\/42, 904\/44, 905\/46<\/li>\r\n\t<li>Janovsk\u00e9ho 925\/32<\/li>\r\n\t<li>Schnirchova 1447\/15<\/li>\r\n\t<li>\u0160im\u00e1\u010dkova 906\/21<\/li>\r\n\t<li>Veletr\u017en\u00ed 926\/10, 198\/13, 924\/14, 197\/15, 901\/16, 196\/17, 234\/23, 233\/25<\/li>\r\n<\/ul>\r\n<p>[\/perex]<\/p>\r\n<p>D\u016fvodem je prov\u00e1d\u011bn\u00ed pl\u00e1novan\u00fdch oprav, udr\u017eovac\u00edch a&nbsp;revizn\u00edch prac\u00ed.\u00a0<\/p>\r\n<p>Podrobn\u00e9 informace nep\u0159etr\u017eit\u011b pod\u00e1v\u00e1 z\u00e1kaznick\u00e1 linka PVK na tel: 840&nbsp;111&nbsp;112 nebo 601&nbsp;274&nbsp;274. V\u00edce info <a href=\"https:\/\/www.pvk.cz\/aktuality\/planovane-vyluky\/preruseni-dodavky-vody-v-casti-praha-7-holesovice-dne-17-7-2024\/\" target=\"_blank\" rel=\"noopener\">zde<\/a>.<\/p>","protected":false},"excerpt":{"rendered":"[perex] Pra\u017esk\u00e9 vodovody a&nbsp;kanalizace upozor\u0148uj\u00ed na v\u00fdluku vody v&nbsp;Hole\u0161ovic\u00edch 17.&nbsp;\u010dervence 2024 od 8.00 hod. do 19.00. V\u00fdluka vody se bude t\u00fdkat odb\u011brn\u00fdch m\u00edst v&nbsp;ulic\u00edch \u010d. p.\/\u010d. o.: Dukelsk\u00fdch hrdin\u016f 564\/34, 232\/36, 902\/40, 903\/42, 904\/44, 905\/46 Janovsk\u00e9ho 925\/32 Schnirchova 1447\/15 \u0160im\u00e1\u010dkova 906\/21 Veletr\u017en\u00ed 926\/10, 198\/13, 924\/14, 197\/15, 901\/16, 196\/17, 234\/23, 233\/25 [\/perex] D\u016fvodem je prov\u00e1d\u011bn\u00ed pl\u00e1novan\u00fdch [&hellip;]","protected":false},"author":251,"featured_media":29060,"comment_status":"closed","ping_status":"open","sticky":false,"template":"","format":"standard","meta":[],"categories":[34],"tags":[125],"_links":{"self":[{"href":"https:\/\/www.praha7.cz\/api\/wp\/v2\/posts\/77810"}],"collection":[{"href":"https:\/\/www.praha7.cz\/api\/wp\/v2\/posts"}],"about":[{"href":"https:\/\/www.praha7.cz\/api\/wp\/v2\/types\/post"}],"author":[{"embeddable":true,"href":"https:\/\/www.praha7.cz\/api\/wp\/v2\/users\/251"}],"replies":[{"embeddable":true,"href":"https:\/\/www.praha7.cz\/api\/wp\/v2\/comments?post=77810"}],"version-history":[{"count":1,"href":"https:\/\/www.praha7.cz\/api\/wp\/v2\/posts\/77810\/revisions"}],"predecessor-version":[{"id":77811,"href":"https:\/\/www.praha7.cz\/api\/wp\/v2\/posts\/77810\/revisions\/77811"}],"wp:featuredmedia":[{"embeddable":true,"href":"https:\/\/www.praha7.cz\/api\/wp\/v2\/media\/29060"}],"wp:attachment":[{"href":"https:\/\/www.praha7.cz\/api\/wp\/v2\/media?parent=77810"}],"wp:term":[{"taxonomy":"category","embeddable":true,"href":"https:\/\/www.praha7.cz\/api\/wp\/v2\/categories?post=77810"},{"taxonomy":"post_tag","embeddable":true,"href":"https:\/\/www.praha7.cz\/api\/wp\/v2\/tags?post=77810"}],"curies":[{"name":"wp","href":"https:\/\/api.w.org\/{rel}","templated":true}]}}