    
{"id":77723,"date":"2024-07-10T16:25:42","date_gmt":"2024-07-10T14:25:42","guid":{"rendered":"https:\/\/www.praha7.cz\/?p=77723"},"modified":"2024-07-10T16:25:42","modified_gmt":"2024-07-10T14:25:42","slug":"festival-poulicniho-divadla-za-dvermi-do-16-7","status":"publish","type":"post","link":"https:\/\/www.praha7.cz\/festival-poulicniho-divadla-za-dvermi-do-16-7\/","title":{"rendered":"Festival pouli\u010dn\u00edho divadla Za dve\u0159mi do 16.&nbsp;7."},"content":{"rendered":"<p>[perex]<\/p>\r\n<p>Druh\u00fd \u010dervencov\u00fd t\u00fdden pat\u0159\u00ed v&nbsp;Praze ji\u017e tradi\u010dn\u011b pouli\u010dn\u00edmu divadlu. 16.&nbsp;ro\u010dn\u00edk pra\u017esk\u00e9ho festivalu pouli\u010dn\u00edho divadla <a href=\"https:\/\/zadvermi.cz\/\" target=\"_blank\" rel=\"noopener\">Za dve\u0159mi<\/a> se kon\u00e1 10.\u201316.&nbsp;\u010dervence 2024 v&nbsp;Hole\u0161ovick\u00e9 tr\u017enici, na Mari\u00e1nsk\u00e9m n\u00e1m\u011bst\u00ed a&nbsp;nov\u011b tak\u00e9 na dvo\u0159e hole\u0161ovick\u00e9ho Holportu. Pro div\u00e1ky je p\u0159ipraven pestr\u00fd v\u00fdb\u011br z&nbsp;\u010desk\u00e9 i&nbsp;zahrani\u010dn\u00ed tvorby: pouli\u010dn\u00ed show, kter\u00e9 procestovaly kus sv\u011bta, interaktivn\u00ed p\u0159edstaven\u00ed, v\u00fdtvarn\u00e9 i&nbsp;pohybov\u00e9 workshopy, \u017eiv\u00e1 hudba a&nbsp;speci\u00e1ln\u00ed Loutkov\u00fd a&nbsp;Rodinn\u00fd den. Vstup na festival je voln\u00fd.<\/p>\r\n<p>[\/perex]<\/p>\r\n<p>Leto\u0161n\u00ed ro\u010dn\u00edk festivalu Za dve\u0159mi nab\u00edz\u00ed pohodovou atmosf\u00e9ru a&nbsp;odpo\u010dinkov\u00e9 aktivity, akcentuje v\u0161ak tak\u00e9 pal\u010div\u00e1 t\u00e9mata, kter\u00e1 rezonuj\u00ed v&nbsp;dne\u0161n\u00ed spole\u010dnosti. Setk\u00e1me se s&nbsp;p\u0159\u00edb\u011bhy vyko\u0159en\u011bn\u00ed, hled\u00e1n\u00ed bezpe\u010dn\u00e9ho m\u00edsta k&nbsp;\u017eivotu i&nbsp;bl\u00edzkosti a&nbsp;d\u016fle\u017eitosti mezilidsk\u00fdch vazeb.<\/p>\r\n<p>B\u011bhem Loutkov\u00e9ho dne, kter\u00fd se kon\u00e1 v&nbsp;sobotu 13.&nbsp;7.&nbsp;2024 v&nbsp;Hole\u0161ovick\u00e9 tr\u017enici, se n\u00e1v\u0161t\u011bvn\u00edci sezn\u00e1m\u00ed s&nbsp;r\u016fzn\u00fdmi druhy loutek, budou m\u00edt mo\u017enost vyrobit si vlastn\u00ed loutku \u010di re\u017e\u00edrovat loutkov\u00e9 p\u0159edstaven\u00ed. Sou\u010d\u00e1st\u00ed programu bude i&nbsp;pr\u016fvod velk\u00fdch loutek centrem m\u011bsta. Ned\u011ble 14.&nbsp;7.&nbsp;bude pat\u0159it Rodinn\u00e9mu dni. V&nbsp;Hole\u0161ovick\u00e9 tr\u017enici bude p\u0159ipraven program zam\u011b\u0159en\u00fd na mlad\u00e9ho div\u00e1ka a&nbsp;na rodiny s&nbsp;d\u011btmi.<\/p>\r\n<hr \/>\r\n<p><span style=\"color: #0000ff;\"><strong><a href=\"https:\/\/zadvermi.cz\/program-2024\/\" target=\"_blank\" style=\"color: #0000ff;\" rel=\"noopener\">program na webu<\/a><\/strong><\/span><\/p>\r\n<p><span style=\"color: #0000ff;\"><strong><a href=\"https:\/\/www.facebook.com\/events\/389526510744839\" target=\"_blank\" style=\"color: #0000ff;\" rel=\"noopener\">ud\u00e1lost na facebooku<\/a><\/strong><\/span><\/p>\r\n<hr \/>\r\n<p>&nbsp;<\/p>\r\n<h3>\u010cekaj\u00ed n\u00e1s siln\u00e9 p\u0159\u00edb\u011bhy, virtu\u00f3zn\u00ed akrobacie, mist\u0159i ve sv\u00e9m oboru, \u017eongluj\u00edc\u00ed s&nbsp;p\u0159edm\u011bty i&nbsp;s&nbsp;emocemi div\u00e1k\u016f<\/h3>\r\n<p>Um\u011blci z&nbsp;kolektivu Entre Nous p\u0159edvedou precizn\u00ed cirkusov\u00e9 divadlo, kter\u00e9 balancuje na hranici mezi fikc\u00ed a&nbsp;realitou, mezi poetikou a&nbsp;fyzickou nahodilost\u00ed. Artist\u00e9 exceluj\u00ed v&nbsp;akrobacii na \u010d\u00ednsk\u00e9 ty\u010di a&nbsp;v&nbsp;p\u0159edstaven\u00ed ENTRE NOUS zkoumaj\u00ed slo\u017eit\u00e9 a&nbsp;bohat\u00e9 lidsk\u00e9 vztahy v&nbsp;dezorientovan\u00e9 spole\u010dnosti, p\u0159ekra\u010duj\u00ed hranice sv\u00fdch emocion\u00e1ln\u00edch stav\u016f a&nbsp;hraj\u00ed si s&nbsp;fyzick\u00fdm rizikem. To v\u0161e za doprovodu \u017eiv\u00e9 hudby.<\/p>\r\n<p>&nbsp;<\/p>\r\n<p>Belgick\u00e9 duo Bruital vystoup\u00ed se sv\u00fdm putovn\u00edm p\u0159edstaven\u00edm WANTED. Duet komi\u010dky a&nbsp;zvukov\u00e9ho in\u017een\u00fdra je inspirovan\u00fd westernem, kreslen\u00fdmi filmy a&nbsp;sm\u011bs\u00ed r\u016fzn\u00fdch styl\u016f, jako je n\u011bm\u00fd film, pantomima a&nbsp;klaunerie. P\u0159edstaven\u00ed je zalo\u017eeno na schopnosti dvou um\u011blc\u016f st\u00e1t se jedn\u00edm, ve spole\u010dn\u00e9 h\u0159e, kde je iluze v\u00fdsledkem p\u0159esn\u00e9 synchronizace mezi gestem a&nbsp;zvukem. Jeden z&nbsp;nich je hlasem, druh\u00fd t\u011blem. Zvukov\u00e9 efekty zd\u016fraz\u0148uj\u00ed mimiku a&nbsp;p\u0159in\u00e1\u0161ej\u00ed hloubku a&nbsp;texturu do pohybu, d\u00edky \u010demu\u017e se sc\u00e9na postupn\u011b m\u011bn\u00ed v&nbsp;Saloon, banku, pou\u0161\u0165 a&nbsp;to, co je neviditeln\u00e9, se st\u00e1v\u00e1 viditeln\u00fdm.<\/p>\r\n<p>&nbsp;<\/p>\r\n<p>S divadlem Voskresinnia pohl\u00e9dneme na ukrajinskou historii optikou Tarase \u0160ev\u010denka \u2013 spisovatele, b\u00e1sn\u00edka, mal\u00ed\u0159e, politick\u00e9ho v\u011bzn\u011b a&nbsp;p\u0159edn\u00edho duchovn\u00edho p\u0159edstavitele ukrajinsk\u00e9ho n\u00e1roda. Um\u011blci lvovsk\u00e9ho divadla p\u0159edstav\u00ed dramatick\u00e9 z\u00e1\u017eitky a&nbsp;situaci ukrajinsk\u00e9ho lidu v&nbsp;trval\u00e9m boji o&nbsp;st\u00e1tn\u00ed nez\u00e1vislost, co\u017e je tak aktu\u00e1ln\u00ed v&nbsp;dne\u0161n\u00edm dramatick\u00e9m v\u00e1le\u010dn\u00e9m obdob\u00ed na Ukrajin\u011b.<\/p>\r\n<p>&nbsp;<\/p>\r\n<p>Sbli\u017eov\u00e1n\u00ed se s&nbsp;uprchl\u00edky z&nbsp;Ukrajiny je \u00fast\u0159edn\u00edm motivem mezin\u00e1rodn\u00ed pouli\u010dn\u00ed inscenace CIRCUS CARAVANA. Vytvo\u0159ili ji divadeln\u00edci ze zem\u00ed V4 pod hlavi\u010dkou projektu \u201eIcebreaking\u201c, kter\u00fd je neverb\u00e1ln\u00edm pohybov\u011b-vizu\u00e1ln\u00edm vyj\u00e1d\u0159en\u00edm soci\u00e1ln\u00edho za\u010dlen\u011bn\u00ed a&nbsp;prost\u0159ednictv\u00edm divadla vypr\u00e1v\u00ed p\u0159\u00edb\u011bhy lid\u00ed v&nbsp;sm\u00ed\u0161en\u00fdch komunit\u00e1ch.<\/p>\r\n<p>&nbsp;<\/p>\r\n<p>Zaj\u00edmav\u00e9 t\u00e9ma p\u0159in\u00e1\u0161\u00ed mezin\u00e1rodn\u00ed soubor Temporary Collective \u2013 N\u00e1v\u0161t\u011bvn\u00edci budou m\u00edt mo\u017enost evaluovat zm\u011bny, kter\u00e9 se otiskly ve spole\u010dnosti i&nbsp;v&nbsp;na\u0161ich t\u011blech b\u011bhem dlouh\u00e9 covidov\u00e9 karant\u00e9ny. Jejich zvukov\u00e1 performance SILENT je ur\u010dena pro skupinu div\u00e1k\u016f ve ve\u0159ejn\u00e9m prostoru, b\u011bhem n\u00ed\u017e t\u011blo i&nbsp;mysl dost\u00e1v\u00e1 pohybov\u00e9 instrukce.<\/p>\r\n<p><img loading=\"lazy\" src=\"https:\/\/www.praha7.cz\/wp-content\/uploads\/2024\/07\/Circus-Caravana_premiere_Krakow_april-2024_AN_43-1498x1000.jpg\" alt=\"\" width=\"640\" height=\"427\" class=\"alignnone size-large wp-image-77724\" srcset=\"https:\/\/www.praha7.cz\/wp-content\/uploads\/2024\/07\/Circus-Caravana_premiere_Krakow_april-2024_AN_43-1498x1000.jpg 1498w, https:\/\/www.praha7.cz\/wp-content\/uploads\/2024\/07\/Circus-Caravana_premiere_Krakow_april-2024_AN_43-600x400.jpg 600w, https:\/\/www.praha7.cz\/wp-content\/uploads\/2024\/07\/Circus-Caravana_premiere_Krakow_april-2024_AN_43-768x513.jpg 768w, https:\/\/www.praha7.cz\/wp-content\/uploads\/2024\/07\/Circus-Caravana_premiere_Krakow_april-2024_AN_43-1536x1025.jpg 1536w, https:\/\/www.praha7.cz\/wp-content\/uploads\/2024\/07\/Circus-Caravana_premiere_Krakow_april-2024_AN_43-2048x1367.jpg 2048w\" sizes=\"(max-width: 640px) 100vw, 640px\" \/><\/p>\r\n<h3>Festival Za Dve\u0159mi p\u0159in\u00e1\u0161\u00ed tak\u00e9 novou tvorbu \u010desk\u00fdch um\u011blc\u016f a&nbsp;skupin<\/h3>\r\n<p>Sv\u011btovou premi\u00e9ru bude m\u00edt dokument\u00e1rn\u00ed a&nbsp;pohybov\u00e1 performance o&nbsp;kom\u00ednech a&nbsp;na kom\u00edn\u011b v&nbsp;re\u017eii Eli\u0161ky Brtnick\u00e9. Performance, nazvan\u00e1 jednodu\u0161e Kom\u00edn, p\u0159in\u00e1\u0161\u00ed fakta, ale i&nbsp;emoce spojen\u00e9 s&nbsp;t\u00edmto symbolem industri\u00e1ln\u00ed \u00e9ry. Pohyb t\u0159\u00ed performerek na kom\u00edn\u011b oz\u0159ejmuje jeho rozm\u011bry, stabilitu, mohutnost a&nbsp;materi\u00e1l. P\u0159edstaven\u00ed se bude po dva ve\u010dery konat na kom\u00edn\u011b, kter\u00fd je dominantou dvora v&nbsp;hole\u0161ovick\u00e9m Holportu.<\/p>\r\n<p>&nbsp;<\/p>\r\n<p>Duo Brat\u0159i v&nbsp;tricku, Adam Jarchovsk\u00fd a&nbsp;V\u00e1clav Jel\u00ednek, pat\u0159i mezi nejv\u00fdrazn\u011bj\u0161\u00ed soubory na poli sou\u010dasn\u00e9ho cirkusu u&nbsp;n\u00e1s. Soubor je mimo\u0159\u00e1dn\u00fd st\u00e1lou n\u00e1paditost\u00ed, propojov\u00e1n\u00ed \u017eongl\u00e9rsk\u00fdch technik vrcholn\u00e9 kvality i&nbsp;divadeln\u00edch situac\u00ed. Na Za dve\u0159mi si je letos div\u00e1ci u\u017eij\u00ed hned dvakr\u00e1t a&nbsp;to v&nbsp;nejnov\u011bj\u0161\u00edm p\u0159edstaven\u00ed Po\u0161\u0165\u00e1ci a&nbsp;v&nbsp;poh\u00e1dce Hra o&nbsp;tr\u016fn.<\/p>\r\n<p>&nbsp;<\/p>\r\n<p>Soubor V.O.S.A. Theatre ud\u011bl\u00e1 prvn\u00ed Prvn\u00ed krok na cest\u011b Mezi sv\u011bty\u2026 V&nbsp;ojedin\u011bl\u00e9m divadeln\u00edm tvaru o&nbsp;hled\u00e1n\u00ed rovnov\u00e1hy a&nbsp;k\u0159ehk\u00e9m balancov\u00e1n\u00ed mezi fyzik\u00e1ln\u00edmi z\u00e1kony uvid\u00ed div\u00e1ci akrobacii na origin\u00e1ln\u00edm letaj\u00edc\u00edm stroji v&nbsp;kulis\u00e1ch velk\u00fdch vesm\u00edrn\u00fdch t\u011bles.<\/p>\r\n<p>&nbsp;<\/p>\r\n<p>Z tuzemsk\u00e9 tvorby se d\u00e1le p\u0159edstav\u00ed p\u0159edn\u00ed akrobatick\u00e1 spole\u010dnost AirGym Art Company, skupina Blackout Paradox v&nbsp;ne\u010dekan\u011b denn\u00edm p\u0159edstaven\u00ed, kombinaci sv\u011bteln\u00e9 a&nbsp;ohniv\u00e9 show p\u0159edvede Vojta Stolbenko, atmosf\u00e9ru prvn\u00edch aeropl\u00e1n\u016f za\u017eijeme se souborem Holektiv, tradi\u010dn\u00ed Erbenovu poh\u00e1dku netradi\u010dn\u011b uvede herec a&nbsp;re\u017eis\u00e9r Jakub Folvar\u010dn\u00fd.<\/p>\r\n<p>&nbsp;<\/p>\r\n<p>P\u0159edstav\u00ed se tak\u00e9 zahrani\u010dn\u00ed s\u00f3list\u00e9, sv\u011btoob\u010dan Mr. Banana se svou provokativn\u00ed cirkusovou show Banan\u00b4o \u00b4Rama a&nbsp;legend\u00e1rn\u00ed a&nbsp;nezam\u011bniteln\u00fd herec a&nbsp;klaun Carlo M\u00f4 p\u0159edevede sv\u016fj um v&nbsp;pouli\u010dn\u00ed fyzick\u00e9 komedii YOUGUR.<\/p>\r\n<p>&nbsp;<\/p>\r\n<p>Festival Za dve\u0159mi slibuje nejen kulturn\u00ed z\u00e1\u017eitek, ale tak\u00e9 platformu pro zamy\u0161len\u00ed nad sou\u010dasn\u00fdmi glob\u00e1ln\u00edmi probl\u00e9my. P\u0159ij\u010fte se pod\u00edvat, jak um\u011bn\u00ed m\u016f\u017ee m\u011bnit pohled na sv\u011bt a&nbsp;jak mohou p\u0159\u00edb\u011bhy z&nbsp;r\u016fzn\u00fdch kout\u016f sv\u011bta naj\u00edt sv\u00e9 m\u00edsto pr\u00e1v\u011b na na\u0161ich ulic\u00edch.<\/p>\r\n<p><img loading=\"lazy\" src=\"https:\/\/www.praha7.cz\/wp-content\/uploads\/2024\/07\/VOSA-Theatre-Prvni-krok_-Foto-Anna-Solcova-4-665x1000.jpg\" alt=\"\" width=\"640\" height=\"962\" class=\"alignnone size-large wp-image-77726\" srcset=\"https:\/\/www.praha7.cz\/wp-content\/uploads\/2024\/07\/VOSA-Theatre-Prvni-krok_-Foto-Anna-Solcova-4-665x1000.jpg 665w, https:\/\/www.praha7.cz\/wp-content\/uploads\/2024\/07\/VOSA-Theatre-Prvni-krok_-Foto-Anna-Solcova-4-266x400.jpg 266w, https:\/\/www.praha7.cz\/wp-content\/uploads\/2024\/07\/VOSA-Theatre-Prvni-krok_-Foto-Anna-Solcova-4-768x1154.jpg 768w, https:\/\/www.praha7.cz\/wp-content\/uploads\/2024\/07\/VOSA-Theatre-Prvni-krok_-Foto-Anna-Solcova-4-1022x1536.jpg 1022w, https:\/\/www.praha7.cz\/wp-content\/uploads\/2024\/07\/VOSA-Theatre-Prvni-krok_-Foto-Anna-Solcova-4-1362x2048.jpg 1362w, https:\/\/www.praha7.cz\/wp-content\/uploads\/2024\/07\/VOSA-Theatre-Prvni-krok_-Foto-Anna-Solcova-4-scaled.jpg 1703w\" sizes=\"(max-width: 640px) 100vw, 640px\" \/><\/p>\r\n<p>&nbsp;<\/p>\r\n<p>&nbsp;<\/p>","protected":false},"excerpt":{"rendered":"[perex] Druh\u00fd \u010dervencov\u00fd t\u00fdden pat\u0159\u00ed v&nbsp;Praze ji\u017e tradi\u010dn\u011b pouli\u010dn\u00edmu divadlu. 16.&nbsp;ro\u010dn\u00edk pra\u017esk\u00e9ho festivalu pouli\u010dn\u00edho divadla Za dve\u0159mi se kon\u00e1 10.\u201316.&nbsp;\u010dervence 2024 v&nbsp;Hole\u0161ovick\u00e9 tr\u017enici, na Mari\u00e1nsk\u00e9m n\u00e1m\u011bst\u00ed a&nbsp;nov\u011b tak\u00e9 na dvo\u0159e hole\u0161ovick\u00e9ho Holportu. Pro div\u00e1ky je p\u0159ipraven pestr\u00fd v\u00fdb\u011br z&nbsp;\u010desk\u00e9 i&nbsp;zahrani\u010dn\u00ed tvorby: pouli\u010dn\u00ed show, kter\u00e9 procestovaly kus sv\u011bta, interaktivn\u00ed p\u0159edstaven\u00ed, v\u00fdtvarn\u00e9 i&nbsp;pohybov\u00e9 workshopy, \u017eiv\u00e1 hudba a&nbsp;speci\u00e1ln\u00ed [&hellip;]","protected":false},"author":251,"featured_media":77725,"comment_status":"closed","ping_status":"open","sticky":false,"template":"","format":"standard","meta":[],"categories":[34],"tags":[106,123,91],"_links":{"self":[{"href":"https:\/\/www.praha7.cz\/api\/wp\/v2\/posts\/77723"}],"collection":[{"href":"https:\/\/www.praha7.cz\/api\/wp\/v2\/posts"}],"about":[{"href":"https:\/\/www.praha7.cz\/api\/wp\/v2\/types\/post"}],"author":[{"embeddable":true,"href":"https:\/\/www.praha7.cz\/api\/wp\/v2\/users\/251"}],"replies":[{"embeddable":true,"href":"https:\/\/www.praha7.cz\/api\/wp\/v2\/comments?post=77723"}],"version-history":[{"count":1,"href":"https:\/\/www.praha7.cz\/api\/wp\/v2\/posts\/77723\/revisions"}],"predecessor-version":[{"id":77727,"href":"https:\/\/www.praha7.cz\/api\/wp\/v2\/posts\/77723\/revisions\/77727"}],"wp:featuredmedia":[{"embeddable":true,"href":"https:\/\/www.praha7.cz\/api\/wp\/v2\/media\/77725"}],"wp:attachment":[{"href":"https:\/\/www.praha7.cz\/api\/wp\/v2\/media?parent=77723"}],"wp:term":[{"taxonomy":"category","embeddable":true,"href":"https:\/\/www.praha7.cz\/api\/wp\/v2\/categories?post=77723"},{"taxonomy":"post_tag","embeddable":true,"href":"https:\/\/www.praha7.cz\/api\/wp\/v2\/tags?post=77723"}],"curies":[{"name":"wp","href":"https:\/\/api.w.org\/{rel}","templated":true}]}}