    
{"id":77705,"date":"2024-07-10T12:17:47","date_gmt":"2024-07-10T10:17:47","guid":{"rendered":"https:\/\/www.praha7.cz\/?p=77705"},"modified":"2024-07-11T10:45:54","modified_gmt":"2024-07-11T08:45:54","slug":"vystraha-pred-velmi-silnymi-bourkami-10-cervence","status":"publish","type":"post","link":"https:\/\/www.praha7.cz\/vystraha-pred-velmi-silnymi-bourkami-10-cervence\/","title":{"rendered":"V\u00fdstraha p\u0159ed velmi siln\u00fdmi bou\u0159kami 10.&nbsp;\u010dervence"},"content":{"rendered":"<p>[perex]<\/p>\r\n<p>Na z\u00e1klad\u011b v\u00fdstrahy vydan\u00e9 \u010cHM\u00da upozor\u0148ujeme na mo\u017en\u00fd v\u00fdskyt velmi siln\u00fdch bou\u0159ek doprov\u00e1zen\u00fdch p\u0159\u00edvalov\u00fdmi sr\u00e1\u017ekami s&nbsp;\u00fahrny kolem 50 mm, v&nbsp;opakovan\u00fdch bou\u0159k\u00e1ch i&nbsp;p\u0159es 70 mm, n\u00e1razy v\u011btru kolem 25 m\/s (90 km\/h) a&nbsp;kroupami kolem 3 cm. V\u00fdstraha plat\u00ed ve st\u0159edu 10.&nbsp;\u010dervence 2024 od 12 do 22 hodin.\u00a0<\/p>\r\n<p>[\/perex]<\/p>\r\n<p>Pros\u00edme, bu\u010fte na sebe opatrn\u00ed, v&nbsp;p\u0159\u00edpad\u011b bou\u0159ek se vyvarujte pohybu v&nbsp;parc\u00edch, na h\u0159i\u0161t\u00edch a&nbsp;v&nbsp;m\u00edstech, kde by mohl hrozit p\u00e1d strom\u016f \u010di v\u011btv\u00ed. Zabezpe\u010dte okna, dve\u0159e a&nbsp;p\u0159edm\u011bty na balkonech \u010di teras\u00e1ch. Aktu\u00e1ln\u00edmu po\u010das\u00ed p\u0159izp\u016fsobte pohyb po ulic\u00edch i&nbsp;rychlost j\u00edzdy.<\/p>\r\n<p>Rozsah a&nbsp;intenzita varov\u00e1n\u00ed se mohou m\u011bnit, sledujte pros\u00edm zpravodajstv\u00ed, str\u00e1nky <a href=\"https:\/\/www.chmi.cz\/files\/portal\/docs\/meteo\/om\/vystrahy\/index.html\" target=\"_blank\" rel=\"noopener\">\u010cHM\u00da<\/a> nebo aplikaci <a href=\"https:\/\/tinyurl.com\/FFICZ\" target=\"_blank\" rel=\"noopener\">FFI<\/a>.\u00a0<\/p>\r\n<p>&nbsp;<\/p>","protected":false},"excerpt":{"rendered":"[perex] Na z\u00e1klad\u011b v\u00fdstrahy vydan\u00e9 \u010cHM\u00da upozor\u0148ujeme na mo\u017en\u00fd v\u00fdskyt velmi siln\u00fdch bou\u0159ek doprov\u00e1zen\u00fdch p\u0159\u00edvalov\u00fdmi sr\u00e1\u017ekami s&nbsp;\u00fahrny kolem 50 mm, v&nbsp;opakovan\u00fdch bou\u0159k\u00e1ch i&nbsp;p\u0159es 70 mm, n\u00e1razy v\u011btru kolem 25 m\/s (90 km\/h) a&nbsp;kroupami kolem 3 cm. V\u00fdstraha plat\u00ed ve st\u0159edu 10.&nbsp;\u010dervence 2024 od 12 do 22 hodin.\u00a0 [\/perex] Pros\u00edme, bu\u010fte na sebe opatrn\u00ed, v&nbsp;p\u0159\u00edpad\u011b bou\u0159ek [&hellip;]","protected":false},"author":251,"featured_media":67753,"comment_status":"closed","ping_status":"open","sticky":false,"template":"","format":"standard","meta":[],"categories":[34],"tags":[111,112],"_links":{"self":[{"href":"https:\/\/www.praha7.cz\/api\/wp\/v2\/posts\/77705"}],"collection":[{"href":"https:\/\/www.praha7.cz\/api\/wp\/v2\/posts"}],"about":[{"href":"https:\/\/www.praha7.cz\/api\/wp\/v2\/types\/post"}],"author":[{"embeddable":true,"href":"https:\/\/www.praha7.cz\/api\/wp\/v2\/users\/251"}],"replies":[{"embeddable":true,"href":"https:\/\/www.praha7.cz\/api\/wp\/v2\/comments?post=77705"}],"version-history":[{"count":1,"href":"https:\/\/www.praha7.cz\/api\/wp\/v2\/posts\/77705\/revisions"}],"predecessor-version":[{"id":77706,"href":"https:\/\/www.praha7.cz\/api\/wp\/v2\/posts\/77705\/revisions\/77706"}],"wp:featuredmedia":[{"embeddable":true,"href":"https:\/\/www.praha7.cz\/api\/wp\/v2\/media\/67753"}],"wp:attachment":[{"href":"https:\/\/www.praha7.cz\/api\/wp\/v2\/media?parent=77705"}],"wp:term":[{"taxonomy":"category","embeddable":true,"href":"https:\/\/www.praha7.cz\/api\/wp\/v2\/categories?post=77705"},{"taxonomy":"post_tag","embeddable":true,"href":"https:\/\/www.praha7.cz\/api\/wp\/v2\/tags?post=77705"}],"curies":[{"name":"wp","href":"https:\/\/api.w.org\/{rel}","templated":true}]}}