    
{"id":77673,"date":"2024-07-08T15:09:42","date_gmt":"2024-07-08T13:09:42","guid":{"rendered":"https:\/\/www.praha7.cz\/?p=77673"},"modified":"2024-07-09T09:28:57","modified_gmt":"2024-07-09T07:28:57","slug":"dnes-nebude-pristaven-kontejner-v-ulici-cechova-a-nad-kr-oborou","status":"publish","type":"post","link":"https:\/\/www.praha7.cz\/dnes-nebude-pristaven-kontejner-v-ulici-cechova-a-nad-kr-oborou\/","title":{"rendered":"Dnes nebude p\u0159istaven kontejner v&nbsp;ulici \u010cechova a&nbsp;Nad Kr. oborou"},"content":{"rendered":"<p>[perex]<\/p>\r\n<p>Na z\u00e1klad\u011b sd\u011blen\u00ed svozov\u00e9 slu\u017eby dnes, 8.&nbsp;\u010dervence 2024, nebude p\u0159istaven kontejner na velkoobjemov\u00fd odpad v&nbsp;m\u00edst\u011b \u010cechova \u00d7 Nad Kr\u00e1lovskou oborou. D\u016fvodem je rekonstrukce dan\u00e9 k\u0159i\u017eovatky. Za p\u0159\u00edpadn\u00e9 komplikace se velmi omlouv\u00e1me. P\u0159ehled p\u0159istaven\u00ed velkoobjemov\u00fdch kontejner\u016f najdete <a href=\"https:\/\/www.praha7.cz\/temata\/odpad\/velkoobjemove-kontejnery\/\">zde<\/a>.\u00a0<\/p>\r\n<p>[\/perex]<\/p>","protected":false},"excerpt":{"rendered":"[perex] Na z\u00e1klad\u011b sd\u011blen\u00ed svozov\u00e9 slu\u017eby dnes, 8.&nbsp;\u010dervence 2024, nebude p\u0159istaven kontejner na velkoobjemov\u00fd odpad v&nbsp;m\u00edst\u011b \u010cechova \u00d7 Nad Kr\u00e1lovskou oborou. D\u016fvodem je rekonstrukce dan\u00e9 k\u0159i\u017eovatky. Za p\u0159\u00edpadn\u00e9 komplikace se velmi omlouv\u00e1me. P\u0159ehled p\u0159istaven\u00ed velkoobjemov\u00fdch kontejner\u016f najdete zde.\u00a0 [\/perex]","protected":false},"author":251,"featured_media":22994,"comment_status":"closed","ping_status":"open","sticky":false,"template":"","format":"standard","meta":[],"categories":[34],"tags":[114],"_links":{"self":[{"href":"https:\/\/www.praha7.cz\/api\/wp\/v2\/posts\/77673"}],"collection":[{"href":"https:\/\/www.praha7.cz\/api\/wp\/v2\/posts"}],"about":[{"href":"https:\/\/www.praha7.cz\/api\/wp\/v2\/types\/post"}],"author":[{"embeddable":true,"href":"https:\/\/www.praha7.cz\/api\/wp\/v2\/users\/251"}],"replies":[{"embeddable":true,"href":"https:\/\/www.praha7.cz\/api\/wp\/v2\/comments?post=77673"}],"version-history":[{"count":1,"href":"https:\/\/www.praha7.cz\/api\/wp\/v2\/posts\/77673\/revisions"}],"predecessor-version":[{"id":77676,"href":"https:\/\/www.praha7.cz\/api\/wp\/v2\/posts\/77673\/revisions\/77676"}],"wp:featuredmedia":[{"embeddable":true,"href":"https:\/\/www.praha7.cz\/api\/wp\/v2\/media\/22994"}],"wp:attachment":[{"href":"https:\/\/www.praha7.cz\/api\/wp\/v2\/media?parent=77673"}],"wp:term":[{"taxonomy":"category","embeddable":true,"href":"https:\/\/www.praha7.cz\/api\/wp\/v2\/categories?post=77673"},{"taxonomy":"post_tag","embeddable":true,"href":"https:\/\/www.praha7.cz\/api\/wp\/v2\/tags?post=77673"}],"curies":[{"name":"wp","href":"https:\/\/api.w.org\/{rel}","templated":true}]}}