    
{"id":77626,"date":"2024-07-03T15:54:20","date_gmt":"2024-07-03T13:54:20","guid":{"rendered":"https:\/\/www.praha7.cz\/?p=77626"},"modified":"2024-07-03T15:54:20","modified_gmt":"2024-07-03T13:54:20","slug":"v-cervenci-a-srpnu-na-skejty","status":"publish","type":"post","link":"https:\/\/www.praha7.cz\/v-cervenci-a-srpnu-na-skejty\/","title":{"rendered":"V \u010dervenci a&nbsp;srpnu na skejty!"},"content":{"rendered":"<p>[perex]<\/p>\r\n<p>V podchodech na Vltavsk\u00e9 to \u017eije i&nbsp;v&nbsp;l\u00e9t\u011b! Tak\u00e9 v&nbsp;\u010dervenci a&nbsp;srpnu v\u017edy ve st\u0159edu od 17 hodin se na v\u00e1s t\u011b\u0161\u00ed Petr L\u00f6wy. Kurzy pro za\u010d\u00e1te\u010dn\u00edky i&nbsp;pokro\u010dil\u00e9 jsou zdarma stejn\u011b jako vyp\u016fj\u010den\u00ed pom\u016fcek.\u00a0<\/p>\r\n<p>[\/perex]<\/p>\r\n<ul>\r\n\t<li>\u010dervenec a&nbsp;srpen 2024<\/li>\r\n\t<li>ka\u017edou st\u0159edu<\/li>\r\n\t<li>v\u017edy 17.00\u201318.30<\/li>\r\n\t<li>sraz v&nbsp;\u010derven\u00e9m podchodu na Vltavsk\u00e9\u00a0<\/li>\r\n\t<li>zdarma, bez rezervace<\/li>\r\n\t<li>v\u00edce informac\u00ed: fb <a href=\"https:\/\/www.facebook.com\/V7underground\" target=\"_blank\" rel=\"noopener\">V7 Underground<\/a><\/li>\r\n\t<li>kontaktn\u00ed telefon: 608\u00a0090\u00a0880 (Petr L\u00f6wy)<br \/>\r\n\u00a0<\/li>\r\n<\/ul>","protected":false},"excerpt":{"rendered":"[perex] V&nbsp;podchodech na Vltavsk\u00e9 to \u017eije i&nbsp;v&nbsp;l\u00e9t\u011b! Tak\u00e9 v&nbsp;\u010dervenci a&nbsp;srpnu v\u017edy ve st\u0159edu od 17 hodin se na v\u00e1s t\u011b\u0161\u00ed Petr L\u00f6wy. Kurzy pro za\u010d\u00e1te\u010dn\u00edky i&nbsp;pokro\u010dil\u00e9 jsou zdarma stejn\u011b jako vyp\u016fj\u010den\u00ed pom\u016fcek.\u00a0 [\/perex] \u010dervenec a&nbsp;srpen 2024 ka\u017edou st\u0159edu v\u017edy 17.00\u201318.30 sraz v&nbsp;\u010derven\u00e9m podchodu na Vltavsk\u00e9\u00a0 zdarma, bez rezervace v\u00edce informac\u00ed: fb V7 Underground kontaktn\u00ed [&hellip;]","protected":false},"author":251,"featured_media":71727,"comment_status":"closed","ping_status":"open","sticky":false,"template":"","format":"standard","meta":[],"categories":[34],"tags":[123,122,91],"_links":{"self":[{"href":"https:\/\/www.praha7.cz\/api\/wp\/v2\/posts\/77626"}],"collection":[{"href":"https:\/\/www.praha7.cz\/api\/wp\/v2\/posts"}],"about":[{"href":"https:\/\/www.praha7.cz\/api\/wp\/v2\/types\/post"}],"author":[{"embeddable":true,"href":"https:\/\/www.praha7.cz\/api\/wp\/v2\/users\/251"}],"replies":[{"embeddable":true,"href":"https:\/\/www.praha7.cz\/api\/wp\/v2\/comments?post=77626"}],"version-history":[{"count":2,"href":"https:\/\/www.praha7.cz\/api\/wp\/v2\/posts\/77626\/revisions"}],"predecessor-version":[{"id":82726,"href":"https:\/\/www.praha7.cz\/api\/wp\/v2\/posts\/77626\/revisions\/82726"}],"wp:featuredmedia":[{"embeddable":true,"href":"https:\/\/www.praha7.cz\/api\/wp\/v2\/media\/71727"}],"wp:attachment":[{"href":"https:\/\/www.praha7.cz\/api\/wp\/v2\/media?parent=77626"}],"wp:term":[{"taxonomy":"category","embeddable":true,"href":"https:\/\/www.praha7.cz\/api\/wp\/v2\/categories?post=77626"},{"taxonomy":"post_tag","embeddable":true,"href":"https:\/\/www.praha7.cz\/api\/wp\/v2\/tags?post=77626"}],"curies":[{"name":"wp","href":"https:\/\/api.w.org\/{rel}","templated":true}]}}