    
{"id":77620,"date":"2024-07-03T14:44:17","date_gmt":"2024-07-03T12:44:17","guid":{"rendered":"https:\/\/www.praha7.cz\/?p=77620"},"modified":"2024-07-03T14:50:19","modified_gmt":"2024-07-03T12:50:19","slug":"hledate-zajimavou-praci-zamerenou-na-ochranu-deti-8","status":"publish","type":"post","link":"https:\/\/www.praha7.cz\/hledate-zajimavou-praci-zamerenou-na-ochranu-deti-8\/","title":{"rendered":"Hled\u00e1te zaj\u00edmavou pr\u00e1ci zam\u011b\u0159enou na ochranu d\u011bt\u00ed?"},"content":{"rendered":"<p>[perex]<\/p>\r\n<p>\u00da\u0159ad Prahy&nbsp;7 p\u0159ijme do sv\u00e9ho t\u00fdmu kolegu \u010di kolegyni na pozici kur\u00e1tor\/ka pro d\u011bti a&nbsp;ml\u00e1de\u017e v&nbsp;odd\u011blen\u00ed soci\u00e1ln\u011b-pr\u00e1vn\u00ed ochrany d\u011bt\u00ed (OSPOD). Je va\u0161\u00edm \u017eivotn\u00edm posl\u00e1n\u00edm pom\u00e1hat d\u011btem a&nbsp;rodin\u00e1m s&nbsp;d\u011btmi? Vyzn\u00e1te se v&nbsp;soci\u00e1ln\u011b-pr\u00e1vn\u00edm prost\u0159ed\u00ed a&nbsp;chcete sv\u00fdch schopnost\u00ed vyu\u017e\u00edt k&nbsp;ochran\u011b t\u011bch nejslab\u0161\u00edch? M\u00e1te z\u00e1jem pracovat v&nbsp;dynamicky se rozv\u00edjej\u00edc\u00ed m\u011bstsk\u00e9 \u010d\u00e1sti pro \u00fa\u0159ad s&nbsp;tak trochu jin\u00fdm p\u0159\u00edstupem? Nev\u00e1hejte a&nbsp;p\u0159ihlaste se do na\u0161eho v\u00fdb\u011brov\u00e9ho \u0159\u00edzen\u00ed.<\/p>\r\n<p>[\/perex]<\/p>\r\n<h3>Co u&nbsp;n\u00e1s budete d\u011blat?<\/h3>\r\n<p>Stanete se sou\u010d\u00e1st\u00ed t\u00fdmu, kter\u00fd zaji\u0161\u0165uje ochranu nezletil\u00fdch d\u011bt\u00ed a&nbsp;rodin s&nbsp;nezletil\u00fdmi d\u011btmi. Budete vykon\u00e1vat p\u0159enesenou p\u016fsobnost st\u00e1tu v&nbsp;oblasti soci\u00e1ln\u011b-pr\u00e1vn\u00ed ochrany d\u011bt\u00ed.\u00a0<\/p>\r\n<p>&nbsp;<\/p>\r\n<h3>Co od v\u00e1s o\u010dek\u00e1v\u00e1me?<\/h3>\r\n<ul>\r\n\t<li>vysoko\u0161kolsk\u00e9 vzd\u011bl\u00e1n\u00ed v&nbsp;magistersk\u00e9m, bakal\u00e1\u0159sk\u00e9m studijn\u00edm programu nebo vy\u0161\u0161\u00ed odborn\u00e9 vzd\u011bl\u00e1n\u00ed (dle \u00a7 110 Z\u00e1k. \u010d. 108\/2006 Sb. o&nbsp;soci\u00e1ln\u00edch slu\u017eb\u00e1ch v&nbsp;platn\u00e9m zn\u011bn\u00ed)<\/li>\r\n\t<li>znalost z\u00e1k. \u010d. 359\/1999 Sb., o&nbsp;soci\u00e1ln\u011b-pr\u00e1vn\u00ed ochran\u011b d\u011bt\u00ed v&nbsp;platn\u00e9m zn\u011bn\u00ed a&nbsp;souvisej\u00edc\u00edch z\u00e1kon\u016f<\/li>\r\n\t<li>znalost z\u00e1k. \u010d. 2018\/2003 Sb., o&nbsp;odpov\u011bdnosti ml\u00e1de\u017ee za protipr\u00e1vn\u00ed \u010diny a&nbsp;o&nbsp;soudnictv\u00ed ve v\u011bcech ml\u00e1de\u017ee (z\u00e1kon o&nbsp;soudnictv\u00ed ve v\u011bcech ml\u00e1de\u017ee) ve zn\u011bn\u00ed pozd\u011bj\u0161\u00edch p\u0159edpis\u016f<\/li>\r\n\t<li>dobrou u\u017eivatelskou znalost pr\u00e1ce s&nbsp;PC<\/li>\r\n\t<li>samostatnost, odpov\u011bdnost, dobr\u00e9 komunika\u010dn\u00ed schopnosti, zvl\u00e1d\u00e1n\u00ed stresov\u00e9 z\u00e1t\u011b\u017ee, \u010dasovou flexibilitu<\/li>\r\n\t<li>ZOZ a&nbsp;praxe v&nbsp;oboru vy\u0301hodou<\/li>\r\n<\/ul>\r\n<p>&nbsp;<\/p>\r\n<h3>Co v\u00e1m nab\u00edz\u00edme?<\/h3>\r\n<p>Pracovn\u00ed pom\u011br na dobu neur\u010ditou. N\u00e1stupn\u00ed plat v&nbsp;11.&nbsp;platov\u00e9 t\u0159\u00edd\u011b a\u017e do v\u00fd\u0161e 37&nbsp;170&nbsp;K\u010d podle d\u00e9lky odborn\u00e9 praxe. Po zku\u0161ebn\u00ed dob\u011b osobn\u00ed p\u0159\u00edplatek a\u017e do v\u00fd\u0161e 100&nbsp;% maxim\u00e1ln\u00edho n\u00e1stupn\u00edho platu. Stravenkovou kartu, 5 dn\u016f zdravotn\u00edho volna, p\u0159\u00edsp\u011bvek na dovolenou, 200 hodin dovolen\u00e9, pru\u017enou pracovn\u00ed dobu.<\/p>\r\n<table width=\"1109\" height=\"217\" style=\"color: black !important; font-weight: normal !important;\">\r\n<tbody>\r\n<tr>\r\n<td style=\"height: 0px; text-align: center;\"><\/td>\r\n<td style=\"height: 0px; text-align: center;\"><\/td>\r\n<td style=\"height: 0px; text-align: center;\"><\/td>\r\n<\/tr>\r\n<tr>\r\n<td style=\"width: 361px; text-align: center;\">\r\n<p><img loading=\"lazy\" src=\"https:\/\/www.praha7.cz\/wp-content\/uploads\/2018\/11\/rust.jpg\" alt=\"\" width=\"99\" height=\"96\" class=\"alignnone size-full wp-image-21382\" \/><\/p>\r\n<span style=\"font-weight: normal !important; color: black !important;\">Platov\u00e9 ohodnocen\u00ed, kter\u00e9 roste spolu s&nbsp;v\u00e1mi.<\/span><\/td>\r\n<td style=\"width: 363px; text-align: center;\">\r\n<p><img loading=\"lazy\" src=\"https:\/\/www.praha7.cz\/wp-content\/uploads\/2018\/11\/benefit.jpg\" alt=\"\" width=\"99\" height=\"96\" class=\"alignnone size-full wp-image-21381\" \/><\/p>\r\n<span style=\"font-weight: normal !important; color: black !important;\">\u0160irokou \u0161k\u00e1lu benefit\u016f, kter\u00e9 p\u0159ich\u00e1zej\u00ed <br \/>\r\nve spr\u00e1vn\u00fd \u010das.<\/span><\/td>\r\n<td style=\"width: 363px; text-align: center;\">\r\n<p><img loading=\"lazy\" src=\"https:\/\/www.praha7.cz\/wp-content\/uploads\/2018\/11\/dovolena.jpg\" alt=\"\" width=\"99\" height=\"96\" class=\"alignnone size-full wp-image-21383\" \/><\/p>\r\n<span style=\"font-weight: normal !important; color: black !important;\">P\u011bt t\u00fddn\u016f dovolen\u00e9, na kterou <br \/>\r\nnebudete cht\u00edt odjet.<\/span><\/td>\r\n<\/tr>\r\n<tr>\r\n<td style=\"width: 361px; text-align: center;\">\r\n<p><img loading=\"lazy\" src=\"https:\/\/www.praha7.cz\/wp-content\/uploads\/2018\/11\/vzdelavani.jpg\" alt=\"\" width=\"142\" height=\"96\" class=\"alignnone size-full wp-image-21384\" \/><\/p>\r\n<span style=\"font-weight: normal !important; color: black !important;\">Mo\u017enost dal\u0161\u00edho vzd\u011bl\u00e1v\u00e1n\u00ed, abyste se ve sv\u011bt\u011b neztratili.<\/span><\/td>\r\n<td style=\"width: 363px; text-align: center;\">\r\n<p><img loading=\"lazy\" src=\"https:\/\/www.praha7.cz\/wp-content\/uploads\/2018\/11\/inspirace.jpg\" alt=\"\" width=\"99\" height=\"96\" class=\"alignnone size-full wp-image-21385\" \/><\/p>\r\n<span style=\"font-weight: normal !important; color: black !important;\">Pr\u00e1ci v&nbsp;inspirativn\u00edm kolektivu, kde se p\u0159ed n\u00e1pady nezav\u00edraj\u00ed o\u010di.<\/span><\/td>\r\n<td style=\"width: 363px; text-align: center;\">\r\n<p><img loading=\"lazy\" src=\"https:\/\/www.praha7.cz\/wp-content\/uploads\/2018\/11\/perspektiva.jpg\" alt=\"\" width=\"99\" height=\"96\" class=\"alignnone size-full wp-image-21386\" \/><\/p>\r\n<span style=\"font-weight: normal !important; color: black !important;\">Perspektivn\u00ed zam\u011bstn\u00e1n\u00ed, kde pom\u00e1h\u00e1te m\u011bnit sv\u011bt kolem sebe.<\/span><\/td>\r\n<\/tr>\r\n<\/tbody>\r\n<\/table>\r\n<p>&nbsp;<\/p>\r\n<h3>Jak se k\u00a0n\u00e1m dostanete?<\/h3>\r\n<p>P\u0159ihl\u00e1\u0161ku a&nbsp;souhlas se zpracov\u00e1n\u00edm osobn\u00edch \u00fadaj\u016f\u00a0v\u010detn\u011b strukturovan\u00e9ho profesn\u00edho \u017eivotopisu, v\u00fdpisu z&nbsp;evidence Rejst\u0159\u00edku trest\u016f ne star\u0161\u00ed ne\u017e t\u0159i m\u011bs\u00edce a&nbsp;ov\u011b\u0159enou kopii dokladu o&nbsp;nejvy\u0161\u0161\u00edm dosa\u017een\u00e9m vzd\u011bl\u00e1n\u00ed je mo\u017en\u00e9 osobn\u011b doru\u010dit v&nbsp;\u00fa\u0159edn\u00edch hodin\u00e1ch do podatelny \u00da\u0159adu M\u010c Praha&nbsp;7 nebo zaslat na n\u00ed\u017ee uvedenou adresu <span style=\"color: #ff0000;\"><strong>nejpozd\u011bji do 26.&nbsp;\u010dervence 2024<\/strong><\/span>. Ob\u00e1lku ozna\u010dte slovy Kur\u00e1tor\/ka pro d\u011bti a&nbsp;ml\u00e1de\u017e \u2013 OSPOD \u2013 OSV.<\/p>\r\n<p><strong>Vznik pracovn\u00edho pom\u011bru: 1.&nbsp;z\u00e1\u0159\u00ed 2024<\/strong><\/p>\r\n<p><strong>Ve\u0161ker\u00e9 pot\u0159ebn\u00e9 informace pro p\u0159ihl\u00e1\u0161en\u00ed do v\u00fdb\u011brov\u00e9ho \u0159\u00edzen\u00ed naleznete <a href=\"https:\/\/www.praha7.cz\/wp-content\/uploads\/2024\/07\/OSV-kura\u0301tor-OSPOD.pdf\">ZDE<\/a>.<\/strong><\/p>\r\n<p>&nbsp;<\/p>\r\n<p>Vyhla\u0161ovatel si vyhrazuje pr\u00e1vo zru\u0161it v\u00fdb\u011brov\u00e9 \u0159\u00edzen\u00ed kdykoli v&nbsp;jeho pr\u016fb\u011bhu.<\/p>\r\n<p>&nbsp;<\/p>\r\n<p><em>M\u011bstsk\u00e1 \u010d\u00e1st Praha&nbsp;7<\/em><\/p>\r\n<p><em>\u00da\u0159ad m\u011bstsk\u00e9 \u010d\u00e1sti Praha&nbsp;7<\/em><\/p>\r\n<p><em>Odbor person\u00e1ln\u00edch \u010dinnost\u00ed<\/em><\/p>\r\n<p><em>U Pr\u016fhonu 1338\/38<\/em><\/p>\r\n<p><em>170&nbsp;00 Praha&nbsp;7<\/em><\/p>\r\n<hr \/>\r\n<p><strong>Formul\u00e1\u0159e ke sta\u017een\u00ed:<\/strong><\/p>\r\n<p><a href=\"https:\/\/www.praha7.cz\/wp-content\/uploads\/2024\/04\/Prihlaska_do_vyberoveho_rizeni.doc\">P\u0159ihl\u00e1\u0161ka do v\u00fdb\u011brov\u00e9ho \u0159\u00edzen\u00ed<\/a><\/p>\r\n<p><a href=\"https:\/\/www.praha7.cz\/wp-content\/uploads\/2024\/04\/GDPR_souhlas_vyberove_rizeni.docx\">Souhlas se zpracov\u00e1n\u00edm osobn\u00edch \u00fadaj\u016f<\/a><\/p>\r\n<p>&nbsp;<\/p>","protected":false},"excerpt":{"rendered":"[perex] \u00da\u0159ad Prahy&nbsp;7 p\u0159ijme do sv\u00e9ho t\u00fdmu kolegu \u010di kolegyni na pozici kur\u00e1tor\/ka pro d\u011bti a&nbsp;ml\u00e1de\u017e v&nbsp;odd\u011blen\u00ed soci\u00e1ln\u011b-pr\u00e1vn\u00ed ochrany d\u011bt\u00ed (OSPOD). Je va\u0161\u00edm \u017eivotn\u00edm posl\u00e1n\u00edm pom\u00e1hat d\u011btem a&nbsp;rodin\u00e1m s&nbsp;d\u011btmi? Vyzn\u00e1te se v&nbsp;soci\u00e1ln\u011b-pr\u00e1vn\u00edm prost\u0159ed\u00ed a&nbsp;chcete sv\u00fdch schopnost\u00ed vyu\u017e\u00edt k&nbsp;ochran\u011b t\u011bch nejslab\u0161\u00edch? M\u00e1te z\u00e1jem pracovat v&nbsp;dynamicky se rozv\u00edjej\u00edc\u00ed m\u011bstsk\u00e9 \u010d\u00e1sti pro \u00fa\u0159ad s&nbsp;tak trochu jin\u00fdm p\u0159\u00edstupem? Nev\u00e1hejte [&hellip;]","protected":false},"author":251,"featured_media":39926,"comment_status":"closed","ping_status":"open","sticky":false,"template":"","format":"standard","meta":[],"categories":[34],"tags":[118],"_links":{"self":[{"href":"https:\/\/www.praha7.cz\/api\/wp\/v2\/posts\/77620"}],"collection":[{"href":"https:\/\/www.praha7.cz\/api\/wp\/v2\/posts"}],"about":[{"href":"https:\/\/www.praha7.cz\/api\/wp\/v2\/types\/post"}],"author":[{"embeddable":true,"href":"https:\/\/www.praha7.cz\/api\/wp\/v2\/users\/251"}],"replies":[{"embeddable":true,"href":"https:\/\/www.praha7.cz\/api\/wp\/v2\/comments?post=77620"}],"version-history":[{"count":2,"href":"https:\/\/www.praha7.cz\/api\/wp\/v2\/posts\/77620\/revisions"}],"predecessor-version":[{"id":77623,"href":"https:\/\/www.praha7.cz\/api\/wp\/v2\/posts\/77620\/revisions\/77623"}],"wp:featuredmedia":[{"embeddable":true,"href":"https:\/\/www.praha7.cz\/api\/wp\/v2\/media\/39926"}],"wp:attachment":[{"href":"https:\/\/www.praha7.cz\/api\/wp\/v2\/media?parent=77620"}],"wp:term":[{"taxonomy":"category","embeddable":true,"href":"https:\/\/www.praha7.cz\/api\/wp\/v2\/categories?post=77620"},{"taxonomy":"post_tag","embeddable":true,"href":"https:\/\/www.praha7.cz\/api\/wp\/v2\/tags?post=77620"}],"curies":[{"name":"wp","href":"https:\/\/api.w.org\/{rel}","templated":true}]}}