    
{"id":77607,"date":"2024-07-03T09:18:45","date_gmt":"2024-07-03T07:18:45","guid":{"rendered":"https:\/\/www.praha7.cz\/?p=77607"},"modified":"2024-07-03T09:18:45","modified_gmt":"2024-07-03T07:18:45","slug":"porucha-vodovodniho-radu-ve-veletrzni","status":"publish","type":"post","link":"https:\/\/www.praha7.cz\/porucha-vodovodniho-radu-ve-veletrzni\/","title":{"rendered":"Porucha vodovodn\u00edho \u0159adu ve Veletr\u017en\u00ed"},"content":{"rendered":"<p>[perex]<\/p>\r\n<p>Upozor\u0148ujeme na poruchu vodovodn\u00edho \u0159adu v&nbsp;ulici Veletr\u017en\u00ed 235\/21. Bez vody: Janovsk\u00e9ho, \u0160im\u00e1\u010dkova, Veletr\u017en\u00ed (367 odb\u011bratel\u016f).\u00a0<\/p>\r\n<p>N\u00e1hradn\u00ed z\u00e1sobov\u00e1n\u00ed je zaji\u0161t\u011bno. P\u0159edpoklad ukon\u010den\u00ed opravy asi v&nbsp;15 hodin. Aktu\u00e1ln\u00ed stav sledujte pros\u00edm <a href=\"https:\/\/www.pvk.cz\/aktuality\/havarie\/\" target=\"_blank\" rel=\"noopener\">zde<\/a>.<\/p>\r\n<p>[\/perex]<\/p>","protected":false},"excerpt":{"rendered":"[perex] Upozor\u0148ujeme na poruchu vodovodn\u00edho \u0159adu v&nbsp;ulici Veletr\u017en\u00ed 235\/21. Bez vody: Janovsk\u00e9ho, \u0160im\u00e1\u010dkova, Veletr\u017en\u00ed (367 odb\u011bratel\u016f).\u00a0 N\u00e1hradn\u00ed z\u00e1sobov\u00e1n\u00ed je zaji\u0161t\u011bno. P\u0159edpoklad ukon\u010den\u00ed opravy asi v&nbsp;15 hodin. Aktu\u00e1ln\u00ed stav sledujte pros\u00edm zde. [\/perex]","protected":false},"author":251,"featured_media":76621,"comment_status":"closed","ping_status":"open","sticky":false,"template":"","format":"standard","meta":[],"categories":[34],"tags":[110],"_links":{"self":[{"href":"https:\/\/www.praha7.cz\/api\/wp\/v2\/posts\/77607"}],"collection":[{"href":"https:\/\/www.praha7.cz\/api\/wp\/v2\/posts"}],"about":[{"href":"https:\/\/www.praha7.cz\/api\/wp\/v2\/types\/post"}],"author":[{"embeddable":true,"href":"https:\/\/www.praha7.cz\/api\/wp\/v2\/users\/251"}],"replies":[{"embeddable":true,"href":"https:\/\/www.praha7.cz\/api\/wp\/v2\/comments?post=77607"}],"version-history":[{"count":1,"href":"https:\/\/www.praha7.cz\/api\/wp\/v2\/posts\/77607\/revisions"}],"predecessor-version":[{"id":77608,"href":"https:\/\/www.praha7.cz\/api\/wp\/v2\/posts\/77607\/revisions\/77608"}],"wp:featuredmedia":[{"embeddable":true,"href":"https:\/\/www.praha7.cz\/api\/wp\/v2\/media\/76621"}],"wp:attachment":[{"href":"https:\/\/www.praha7.cz\/api\/wp\/v2\/media?parent=77607"}],"wp:term":[{"taxonomy":"category","embeddable":true,"href":"https:\/\/www.praha7.cz\/api\/wp\/v2\/categories?post=77607"},{"taxonomy":"post_tag","embeddable":true,"href":"https:\/\/www.praha7.cz\/api\/wp\/v2\/tags?post=77607"}],"curies":[{"name":"wp","href":"https:\/\/api.w.org\/{rel}","templated":true}]}}