    
{"id":77557,"date":"2024-07-01T13:31:44","date_gmt":"2024-07-01T11:31:44","guid":{"rendered":"https:\/\/www.praha7.cz\/?p=77557"},"modified":"2024-07-11T13:24:36","modified_gmt":"2024-07-11T11:24:36","slug":"od-1-7-2024-nabyva-platnosti-novy-stavebni-zakon","status":"publish","type":"post","link":"https:\/\/www.praha7.cz\/od-1-7-2024-nabyva-platnosti-novy-stavebni-zakon\/","title":{"rendered":"Od 1.&nbsp;7.&nbsp;nab\u00fdv\u00e1 platnosti nov\u00fd stavebn\u00ed z\u00e1kon"},"content":{"rendered":"<p>[perex]<\/p>\r\n<p>Jak jsme v\u00e1s ji\u017e informovali v\u00a0\u010dl\u00e1nku <a href=\"https:\/\/www.praha7.cz\/od-1-7-startuje-digitalizace-stavebniho-rizeni\/\" target=\"_blank\" rel=\"noopener\">zde<\/a>, dne 1.&nbsp;7.&nbsp;2024 nab\u00fdv\u00e1 pln\u00e9 \u00fa\u010dinnosti z\u00e1kon \u010d. 283\/2021 Sb., stavebn\u00ed z\u00e1kon, ve zn\u011bn\u00ed pozd\u011bj\u0161\u00edch p\u0159edpis\u016f. Z\u00e1sadn\u00ed novinkou je digitalizace stavebn\u00edho \u0159\u00edzen\u00ed a&nbsp;pod\u00e1v\u00e1n\u00ed \u017e\u00e1dost o&nbsp;vyd\u00e1n\u00ed povolen\u00ed z\u00e1m\u011bru prost\u0159ednictv\u00edm <a href=\"https:\/\/mmr.gov.cz\/cs\/ostatni\/web\/novinky\/portal-stavebnika-najdete-na-portal-stavebnisprava\" target=\"_blank\" rel=\"noopener\">Port\u00e1lu stavebn\u00edka<\/a>.<\/p>\r\n<p>[\/perex]<\/p>\r\n<p>Pokud je p\u0159edm\u011btem \u017e\u00e1dosti z\u00e1m\u011br, pro kter\u00fd je stavebn\u00edm z\u00e1konem vy\u017eadov\u00e1no zpracov\u00e1n\u00ed dokumentace projektantem, mus\u00ed b\u00fdt tato dokumentace zpracov\u00e1na v\u017edy v&nbsp;elektronick\u00e9 podob\u011b a&nbsp;vlo\u017eena prost\u0159ednictv\u00edm port\u00e1lu stavebn\u00edka do evidence elektronick\u00fdch dokumentac\u00ed. Tato dokumentace mus\u00ed b\u00fdt ve form\u00e1tu PDF, je\u017e je opat\u0159eno EAR a&nbsp;E\u010cR, p\u0159i\u010dem\u017e ka\u017ed\u00fd dokument (nap\u0159. technick\u00e1 zpr\u00e1va) a&nbsp;ka\u017ed\u00fd v\u00fdkres mus\u00ed b\u00fdt \u201eoraz\u00edtkov\u00e1n\u201c samostatn\u011b.<\/p>\r\n<p><strong>Povinnost elektronick\u00e9ho pod\u00e1n\u00ed p\u0159es Port\u00e1l stavebn\u00edka se nevztahuje na dopln\u011bn\u00ed \u017e\u00e1dost\u00ed podan\u00fdch do 30.&nbsp;6.&nbsp;2024. Upozor\u0148ujeme klienty Stavebn\u00edho \u00fa\u0159adu, \u017ee u&nbsp;pod\u00e1n\u00ed t\u011bchto dopln\u011bn\u00ed je v\u017edy t\u0159eba uv\u00e9st ide\u00e1ln\u011b \u010d\u00edslo jednac\u00ed. V&nbsp;p\u0159\u00edpad\u011b, \u017ee jste \u010d\u00edslo jednac\u00ed od Stavebn\u00edho \u00fa\u0159adu je\u0161t\u011b neobdr\u017eeli (nap\u0159\u00edklad v&nbsp;r\u00e1mci v\u00fdzvy k&nbsp;dopln\u011bn\u00ed), uve\u010fte alespo\u0148 datum pod\u00e1n\u00ed va\u0161\u00ed \u017e\u00e1dosti. <\/strong><\/p>\r\n<p>Podrobn\u00e9 informace t\u00fdkaj\u00edc\u00ed se digitalizace stavebn\u00edho \u0159\u00edzen\u00ed v\u00a0\u010cR najdete na str\u00e1nk\u00e1ch <a href=\"https:\/\/mmr.gov.cz\/cs\/ministerstvo\/stavebni-pravo\/digitalizace-stavebniho-rizeni-v-cr\" target=\"_blank\" rel=\"noopener\">Ministerstva pro m\u00edstn\u00ed rozvoj<\/a>.<\/p>\r\n<p>Dal\u0161\u00ed praktick\u00e9 n\u00e1vody najdete tak\u00e9 <a href=\"https:\/\/www.cka.cz\/svet-architektury\/aktualne\/novinky\/jak-byt-lepe-pripraven-a-na-1-7-2024\" target=\"_blank\" rel=\"noopener\">ZDE<\/a>.<\/p>\r\n<p>Stavebn\u00ed \u00fa\u0159ad M\u010c Praha&nbsp;7 d\u011bl\u00e1 maximum pro to, aby p\u0159echod na nov\u00fd syst\u00e9m prob\u011bhl co nejl\u00e9pe. V\u0161e ov\u0161em z\u00e1vis\u00ed p\u0159edev\u0161\u00edm na p\u0159ipravenosti a&nbsp;funk\u010dnosti v\u0161ech syst\u00e9m\u016f na \u00farovni Ministerstva pro m\u00edstn\u00ed rozvoj. Pros\u00edme proto v\u0161echny \u00fa\u010dastn\u00edky stavebn\u00edch \u0159\u00edzen\u00ed zejm\u00e9na na po\u010d\u00e1tku \u00fa\u010dinnosti nov\u00e9ho stavebn\u00edho z\u00e1kona o&nbsp;trp\u011blivost.<\/p>\r\n<p>D\u011bkujeme za pochopen\u00ed.<\/p>","protected":false},"excerpt":{"rendered":"[perex] Jak jsme v\u00e1s ji\u017e informovali v\u00a0\u010dl\u00e1nku zde, dne 1.&nbsp;7.&nbsp;2024 nab\u00fdv\u00e1 pln\u00e9 \u00fa\u010dinnosti z\u00e1kon \u010d. 283\/2021 Sb., stavebn\u00ed z\u00e1kon, ve zn\u011bn\u00ed pozd\u011bj\u0161\u00edch p\u0159edpis\u016f. Z\u00e1sadn\u00ed novinkou je digitalizace stavebn\u00edho \u0159\u00edzen\u00ed a&nbsp;pod\u00e1v\u00e1n\u00ed \u017e\u00e1dost o&nbsp;vyd\u00e1n\u00ed povolen\u00ed z\u00e1m\u011bru prost\u0159ednictv\u00edm Port\u00e1lu stavebn\u00edka. [\/perex] Pokud je p\u0159edm\u011btem \u017e\u00e1dosti z\u00e1m\u011br, pro kter\u00fd je stavebn\u00edm z\u00e1konem vy\u017eadov\u00e1no zpracov\u00e1n\u00ed dokumentace projektantem, mus\u00ed b\u00fdt tato [&hellip;]","protected":false},"author":5,"featured_media":77163,"comment_status":"closed","ping_status":"open","sticky":false,"template":"","format":"standard","meta":[],"categories":[34],"tags":[84],"_links":{"self":[{"href":"https:\/\/www.praha7.cz\/api\/wp\/v2\/posts\/77557"}],"collection":[{"href":"https:\/\/www.praha7.cz\/api\/wp\/v2\/posts"}],"about":[{"href":"https:\/\/www.praha7.cz\/api\/wp\/v2\/types\/post"}],"author":[{"embeddable":true,"href":"https:\/\/www.praha7.cz\/api\/wp\/v2\/users\/5"}],"replies":[{"embeddable":true,"href":"https:\/\/www.praha7.cz\/api\/wp\/v2\/comments?post=77557"}],"version-history":[{"count":6,"href":"https:\/\/www.praha7.cz\/api\/wp\/v2\/posts\/77557\/revisions"}],"predecessor-version":[{"id":77595,"href":"https:\/\/www.praha7.cz\/api\/wp\/v2\/posts\/77557\/revisions\/77595"}],"wp:featuredmedia":[{"embeddable":true,"href":"https:\/\/www.praha7.cz\/api\/wp\/v2\/media\/77163"}],"wp:attachment":[{"href":"https:\/\/www.praha7.cz\/api\/wp\/v2\/media?parent=77557"}],"wp:term":[{"taxonomy":"category","embeddable":true,"href":"https:\/\/www.praha7.cz\/api\/wp\/v2\/categories?post=77557"},{"taxonomy":"post_tag","embeddable":true,"href":"https:\/\/www.praha7.cz\/api\/wp\/v2\/tags?post=77557"}],"curies":[{"name":"wp","href":"https:\/\/api.w.org\/{rel}","templated":true}]}}