    
{"id":77519,"date":"2024-06-29T11:25:28","date_gmt":"2024-06-29T09:25:28","guid":{"rendered":"https:\/\/www.praha7.cz\/?p=77519"},"modified":"2025-09-18T16:37:11","modified_gmt":"2025-09-18T14:37:11","slug":"praha-7-zavadi-zasobovaci-mista-s-parkovacim-kotoucem","status":"publish","type":"post","link":"https:\/\/www.praha7.cz\/praha-7-zavadi-zasobovaci-mista-s-parkovacim-kotoucem\/","title":{"rendered":"Praha&nbsp;7 zav\u00e1d\u00ed z\u00e1sobovac\u00ed m\u00edsta s&nbsp;parkovac\u00edm kotou\u010dem"},"content":{"rendered":"<p>[perex]<\/p>\r\n<p>Praha&nbsp;7 pl\u00e1nuje roz\u0161\u00ed\u0159it s\u00ed\u0165 z\u00e1sobovac\u00edch m\u00edst v\u00a0ulic\u00edch. C\u00edlem t\u011bchto rychloobr\u00e1tkov\u00fdch st\u00e1n\u00ed je zajistit mo\u017enost kr\u00e1tkodob\u00e9ho parkov\u00e1n\u00ed jak pro lok\u00e1ln\u00ed podniky k&nbsp;z\u00e1sobov\u00e1n\u00ed, tak pro m\u00edstn\u00ed obyvatele, kte\u0159\u00ed pot\u0159ebuj\u00ed v&nbsp;bl\u00edzkosti domu n\u011bco vylo\u017eit \u010di nalo\u017eit. Tato m\u00edsta \u0159e\u0161\u00ed pot\u0159ebu nutn\u00e9ho zaparkov\u00e1n\u00ed p\u0159ed domem na kr\u00e1tkou dobu. Aby tuto funkci mohla plnit, nemohou zde b\u00fdt dlouhodob\u011b odstaven\u00e1 vozidla. Proto Praha&nbsp;7 pilotn\u011b zav\u00e1d\u00ed z\u00e1sobovac\u00ed m\u00edsta s&nbsp;parkovac\u00edm kotou\u010dem, kter\u00e1 umo\u017en\u00ed rychlou a&nbsp;efektivn\u00ed kontrolu ze strany policie. Prvn\u00ed takov\u00e9 m\u00edsto bylo koncem \u010dervna stanoveno v\u00a0ul. Franti\u0161ka K\u0159\u00ed\u017eka u&nbsp;k\u0159i\u017eovatky s\u00a0ul. Milady Hor\u00e1kov\u00e9.\u00a0<\/p>\r\n<p>[\/perex]<\/p>\r\n<p>Popt\u00e1vka po rychloobr\u00e1tkov\u00fdch z\u00e1sobovac\u00edch m\u00edstech opakovan\u011b zazn\u011bla tak\u00e9 ze strany ob\u010dan\u016f v\u00a0r\u00e1mci ned\u00e1vn\u00fdch debat o&nbsp;parkov\u00e1n\u00ed v\u00a0Praze 7.&nbsp;\u0158idi\u010di d\u00edky nim z\u00edsk\u00e1vaj\u00ed mo\u017enost 24 hodin denn\u011b na 15 minut zastavit v\u00a0bl\u00edzkosti sv\u00e9ho domu, vylo\u017eit \u010di nalo\u017eit, co pot\u0159ebuj\u00ed, a&nbsp;pak s\u00a0autem odjet t\u0159eba do gar\u00e1\u017ee \u010di na jak\u00e9koli m\u00edsto, kde zaparkuj\u00ed. Z\u00e1sobovac\u00ed m\u00edsta v\u00a0tomto re\u017eimu pom\u00e1haj\u00ed zajistit d\u016fle\u017eitou dopravn\u00ed obsluhu ve vyt\u00ed\u017een\u00fdch\u00a0ulic\u00edch, kde je nap\u0159\u00edklad ve ve\u010dern\u00edch hodin\u00e1ch velmi obt\u00ed\u017en\u00e9 zaparkovat.<\/p>\r\n<p>Dosavadn\u00ed praxe uk\u00e1zala, \u017ee z\u00e1sobovac\u00ed m\u00edsta ozna\u010den\u00e1 zna\u010dkou s&nbsp;p\u00edsmenem P na modr\u00e9m pozad\u00ed, n\u00e1pisem \u201er\u00e9serv\u00e9\u201c a&nbsp;dodatkovou tabulkou \u201ez\u00e1sobov\u00e1n\u00ed\u201c \u0159idi\u010di \u010dasto neodli\u0161uj\u00ed od okoln\u00edch z\u00f3n placen\u00e9ho st\u00e1n\u00ed a&nbsp;parkuj\u00ed zde dlouhodob\u011b. Z\u00e1rove\u0148 je ze strany policie obt\u00ed\u017en\u00e9 identifikovat, kdy \u0159idi\u010d na dan\u00e9 m\u00edsto p\u0159ijel a&nbsp;efektivn\u011b tak vym\u00e1hat dodr\u017eov\u00e1n\u00ed tohoto zna\u010den\u00ed.<\/p>\r\n<p>Proto se Praha&nbsp;7 rozhodla zav\u00e1d\u011bt z\u00e1sobovac\u00ed m\u00edsta ozna\u010den\u00e1 zna\u010dkou z\u00e1kaz zastaven\u00ed a&nbsp;dodatkovou tabulkou \u201emimo z\u00e1sobov\u00e1n\u00ed s\u00a0parkovac\u00edm kotou\u010dem max. 15 minut\u201c. Prvn\u00ed takov\u00e9 m\u00edsto m\u011bstsk\u00e1 \u010d\u00e1st pilotn\u011b zavedla v&nbsp;ul. Franti\u0161ka K\u0159\u00ed\u017eka u&nbsp;k\u0159i\u017eovatky s&nbsp;ul. Milady Hor\u00e1kov\u00e9. Radnice bude sledovat, jak se opat\u0159en\u00ed osv\u011bd\u010d\u00ed v\u00a0praxi, dal\u0161\u00ed takov\u00e1 m\u00edsta by pak m\u011bla postupn\u011b p\u0159ib\u00fdvat.<\/p>\r\n<p><img loading=\"lazy\" src=\"https:\/\/www.praha7.cz\/wp-content\/uploads\/2024\/06\/zasobovani-s-kotoucem-500x400.jpg\" alt=\"\" width=\"500\" height=\"400\" class=\"alignnone size-medium wp-image-77520\" srcset=\"https:\/\/www.praha7.cz\/wp-content\/uploads\/2024\/06\/zasobovani-s-kotoucem-500x400.jpg 500w, https:\/\/www.praha7.cz\/wp-content\/uploads\/2024\/06\/zasobovani-s-kotoucem.jpg 607w\" sizes=\"(max-width: 500px) 100vw, 500px\" \/><\/p>\r\n<p>&nbsp;<\/p>\r\n<p><strong>Jak z\u00e1sobovac\u00ed m\u00edsto s\u00a0parkovac\u00edm kotou\u010dem funguje?<\/strong><\/p>\r\n<p>\u0158idi\u010d mus\u00ed ve vozidle viditeln\u011b ozna\u010dit dobu za\u010d\u00e1tku st\u00e1n\u00ed. B\u011b\u017en\u011b se k&nbsp;tomu vyu\u017e\u00edv\u00e1 parkovac\u00ed kotou\u010d (\u010di parkovac\u00ed hodiny). Jedn\u00e1 se o&nbsp;plastovou nebo pap\u00edrovou pom\u016fcku, kterou lze po\u0159\u00eddit ji\u017e za dvacet a\u017e t\u0159icet korun a&nbsp;na kter\u00e9 se jednodu\u0161e vyzna\u010d\u00ed doba p\u0159\u00edjezdu. Pokud parkovac\u00ed kotou\u010d nem\u00e1te k&nbsp;dispozici, sta\u010d\u00ed v&nbsp;aut\u011b zanechat i&nbsp;viditeln\u011b um\u00edst\u011bn\u00fd pap\u00edr s&nbsp;napsan\u00fdm \u010dasem p\u0159\u00edjezdu (nap\u0159\u00edklad: P\u0159\u00edjezd 18.30).<\/p>\r\n\r\n<figure id=\"attachment_77544\" aria-describedby=\"caption-attachment-77544\" style=\"width: 628px\" class=\"wp-caption alignnone\"><img loading=\"lazy\" src=\"https:\/\/www.praha7.cz\/wp-content\/uploads\/2024\/06\/parkovaci\u0301-hodiny.jpeg\" alt=\"\" width=\"628\" height=\"559\" class=\"wp-image-77544 size-full\" srcset=\"https:\/\/www.praha7.cz\/wp-content\/uploads\/2024\/06\/parkovaci\u0301-hodiny.jpeg 628w, https:\/\/www.praha7.cz\/wp-content\/uploads\/2024\/06\/parkovaci\u0301-hodiny-449x400.jpeg 449w\" sizes=\"(max-width: 628px) 100vw, 628px\" \/><figcaption id=\"caption-attachment-77544\" class=\"wp-caption-text\">ilustra\u010dn\u00ed foto<\/figcaption><\/figure>","protected":false},"excerpt":{"rendered":"[perex] Praha&nbsp;7 pl\u00e1nuje roz\u0161\u00ed\u0159it s\u00ed\u0165 z\u00e1sobovac\u00edch m\u00edst v\u00a0ulic\u00edch. C\u00edlem t\u011bchto rychloobr\u00e1tkov\u00fdch st\u00e1n\u00ed je zajistit mo\u017enost kr\u00e1tkodob\u00e9ho parkov\u00e1n\u00ed jak pro lok\u00e1ln\u00ed podniky k&nbsp;z\u00e1sobov\u00e1n\u00ed, tak pro m\u00edstn\u00ed obyvatele, kte\u0159\u00ed pot\u0159ebuj\u00ed v&nbsp;bl\u00edzkosti domu n\u011bco vylo\u017eit \u010di nalo\u017eit. Tato m\u00edsta \u0159e\u0161\u00ed pot\u0159ebu nutn\u00e9ho zaparkov\u00e1n\u00ed p\u0159ed domem na kr\u00e1tkou dobu. Aby tuto funkci mohla plnit, nemohou zde b\u00fdt dlouhodob\u011b odstaven\u00e1 [&hellip;]","protected":false},"author":5,"featured_media":77525,"comment_status":"closed","ping_status":"open","sticky":false,"template":"","format":"standard","meta":[],"categories":[34],"tags":[57,82],"_links":{"self":[{"href":"https:\/\/www.praha7.cz\/api\/wp\/v2\/posts\/77519"}],"collection":[{"href":"https:\/\/www.praha7.cz\/api\/wp\/v2\/posts"}],"about":[{"href":"https:\/\/www.praha7.cz\/api\/wp\/v2\/types\/post"}],"author":[{"embeddable":true,"href":"https:\/\/www.praha7.cz\/api\/wp\/v2\/users\/5"}],"replies":[{"embeddable":true,"href":"https:\/\/www.praha7.cz\/api\/wp\/v2\/comments?post=77519"}],"version-history":[{"count":11,"href":"https:\/\/www.praha7.cz\/api\/wp\/v2\/posts\/77519\/revisions"}],"predecessor-version":[{"id":86786,"href":"https:\/\/www.praha7.cz\/api\/wp\/v2\/posts\/77519\/revisions\/86786"}],"wp:featuredmedia":[{"embeddable":true,"href":"https:\/\/www.praha7.cz\/api\/wp\/v2\/media\/77525"}],"wp:attachment":[{"href":"https:\/\/www.praha7.cz\/api\/wp\/v2\/media?parent=77519"}],"wp:term":[{"taxonomy":"category","embeddable":true,"href":"https:\/\/www.praha7.cz\/api\/wp\/v2\/categories?post=77519"},{"taxonomy":"post_tag","embeddable":true,"href":"https:\/\/www.praha7.cz\/api\/wp\/v2\/tags?post=77519"}],"curies":[{"name":"wp","href":"https:\/\/api.w.org\/{rel}","templated":true}]}}