    
{"id":77477,"date":"2024-06-28T10:30:50","date_gmt":"2024-06-28T08:30:50","guid":{"rendered":"https:\/\/www.praha7.cz\/?p=77477"},"modified":"2024-07-08T13:15:15","modified_gmt":"2024-07-08T11:15:15","slug":"na-lovce-znaku-prvni-cervencovy-tyden-zdarma","status":"publish","type":"post","link":"https:\/\/www.praha7.cz\/na-lovce-znaku-prvni-cervencovy-tyden-zdarma\/","title":{"rendered":"Na Lovce znak\u016f prvn\u00ed \u010dervencov\u00fd t\u00fdden zdarma"},"content":{"rendered":"<p>[perex]<\/p>\r\n<p>V\u00fdstava <a href=\"https:\/\/www.holesovickatrznice.cz\/lovci-znaku\" target=\"_blank\" rel=\"noopener\">Lovci znak\u016f<\/a> v&nbsp;hale 17 v&nbsp;Hole\u0161ovick\u00e9 tr\u017enici p\u0159in\u00e1\u0161\u00ed d\u00e1rek pro v\u0161echny \u0161kol\u00e1ky \u2013 vstupn\u00e9 zdarma po cel\u00fd prvn\u00ed pr\u00e1zdninov\u00fd t\u00fdden.\u00a0<\/p>\r\n<p>[\/perex]<\/p>\r\n<p>Sta\u010d\u00ed v&nbsp;t\u00fddnu od 1.&nbsp;do 7.&nbsp;\u010dervence 2024 uk\u00e1zat vysv\u011bd\u010den\u00ed nebo jeho fotku a&nbsp;z\u00edsk\u00e1te vstup zdarma pro d\u011bti na interaktivn\u00ed v\u00fdstavu Lovci znak\u016f, kde se zabav\u00edte lu\u0161t\u011bn\u00edm \u0161ifer a&nbsp;dozv\u00edte se v\u00edc o&nbsp;vzniku p\u00edsma a&nbsp;cel\u00e9 na\u0161\u00ed komunikaci.<\/p>\r\n<h3>Otv\u00edrac\u00ed doba<\/h3>\r\n<p>po\u2013p\u00e1 9.00\u201318.00<br \/>\r\nso, ne 10.00\u201318.00<br \/>\r\nHala 17, Hole\u0161ovick\u00e1 tr\u017enice<\/p>\r\n<p>&nbsp;<\/p>","protected":false},"excerpt":{"rendered":"[perex] V\u00fdstava Lovci znak\u016f v&nbsp;hale 17 v&nbsp;Hole\u0161ovick\u00e9 tr\u017enici p\u0159in\u00e1\u0161\u00ed d\u00e1rek pro v\u0161echny \u0161kol\u00e1ky \u2013 vstupn\u00e9 zdarma po cel\u00fd prvn\u00ed pr\u00e1zdninov\u00fd t\u00fdden.\u00a0 [\/perex] Sta\u010d\u00ed v&nbsp;t\u00fddnu od 1.&nbsp;do 7.&nbsp;\u010dervence 2024 uk\u00e1zat vysv\u011bd\u010den\u00ed nebo jeho fotku a&nbsp;z\u00edsk\u00e1te vstup zdarma pro d\u011bti na interaktivn\u00ed v\u00fdstavu Lovci znak\u016f, kde se zabav\u00edte lu\u0161t\u011bn\u00edm \u0161ifer a&nbsp;dozv\u00edte se v\u00edc o&nbsp;vzniku p\u00edsma a&nbsp;cel\u00e9 na\u0161\u00ed [&hellip;]","protected":false},"author":251,"featured_media":77481,"comment_status":"closed","ping_status":"open","sticky":false,"template":"","format":"standard","meta":[],"categories":[34],"tags":[123],"_links":{"self":[{"href":"https:\/\/www.praha7.cz\/api\/wp\/v2\/posts\/77477"}],"collection":[{"href":"https:\/\/www.praha7.cz\/api\/wp\/v2\/posts"}],"about":[{"href":"https:\/\/www.praha7.cz\/api\/wp\/v2\/types\/post"}],"author":[{"embeddable":true,"href":"https:\/\/www.praha7.cz\/api\/wp\/v2\/users\/251"}],"replies":[{"embeddable":true,"href":"https:\/\/www.praha7.cz\/api\/wp\/v2\/comments?post=77477"}],"version-history":[{"count":1,"href":"https:\/\/www.praha7.cz\/api\/wp\/v2\/posts\/77477\/revisions"}],"predecessor-version":[{"id":77482,"href":"https:\/\/www.praha7.cz\/api\/wp\/v2\/posts\/77477\/revisions\/77482"}],"wp:featuredmedia":[{"embeddable":true,"href":"https:\/\/www.praha7.cz\/api\/wp\/v2\/media\/77481"}],"wp:attachment":[{"href":"https:\/\/www.praha7.cz\/api\/wp\/v2\/media?parent=77477"}],"wp:term":[{"taxonomy":"category","embeddable":true,"href":"https:\/\/www.praha7.cz\/api\/wp\/v2\/categories?post=77477"},{"taxonomy":"post_tag","embeddable":true,"href":"https:\/\/www.praha7.cz\/api\/wp\/v2\/tags?post=77477"}],"curies":[{"name":"wp","href":"https:\/\/api.w.org\/{rel}","templated":true}]}}