    
{"id":77452,"date":"2024-06-27T14:26:32","date_gmt":"2024-06-27T12:26:32","guid":{"rendered":"https:\/\/www.praha7.cz\/?p=77452"},"modified":"2024-06-27T14:26:32","modified_gmt":"2024-06-27T12:26:32","slug":"pribeh-parku-u-vody","status":"publish","type":"post","link":"https:\/\/www.praha7.cz\/pribeh-parku-u-vody\/","title":{"rendered":"P\u0159\u00edb\u011bh parku U&nbsp;Vody"},"content":{"rendered":"<p>[perex]<\/p>\r\n<p>P\u00ed\u0161e se rok 2015. Nach\u00e1z\u00edme se v&nbsp;m\u011bstsk\u00e9 \u010d\u00e1sti Praha&nbsp;7 na \u00fazem\u00ed, kter\u00e9 jen s&nbsp;velkou d\u00e1vkou p\u0159edstavivosti p\u0159ipom\u00edn\u00e1 ve\u0159ejn\u00fd prostor. M\u00edsto, jemu\u017e je vhodn\u00e9 se vyhnout, ohrani\u010den\u00e9 vysokou protipovod\u0148ovou zd\u00ed a&nbsp;rezav\u00fdm oplocen\u00edm. Velkou \u010d\u00e1st plochy pod\u00e9l \u0159eky tvo\u0159\u00ed betonov\u00e9 panely s&nbsp;odstaven\u00fdmi auty, ch\u00e1traj\u00edc\u00ed rezidua po industri\u00e1ln\u00edm obdob\u00ed a&nbsp;neudr\u017eovan\u00e1 zele\u0148. M\u00edsto neprostupn\u00e9 a&nbsp;uzav\u0159en\u00e9 z&nbsp;jedn\u00e9 strany technick\u00fdmi budovami p\u0159\u00edstavu a&nbsp;z&nbsp;druh\u00e9 beton\u00e1rkou. M\u00edsto jako stvo\u0159en\u00e9 pro budouc\u00ed m\u011bstsk\u00fd park, kter\u00fd bude ve\u0159ejnosti zp\u0159\u00edstupn\u011bn v&nbsp;\u010dervenci, slavnostn\u00ed otev\u0159en\u00ed prob\u011bhne v&nbsp;z\u00e1\u0159\u00ed.<\/p>\r\n<p>[\/perex]<\/p>\r\n<p><strong>Park U\u00a0Vody (2015)<br \/>\r\n<\/strong>\u00dazem\u00ed o&nbsp;velikosti t\u0159\u00ed hektar\u016f se nach\u00e1z\u00ed v&nbsp;severn\u00ed \u010d\u00e1sti hole\u0161ovick\u00e9ho poloostrova na lev\u00e9m vltavsk\u00e9m b\u0159ehu a&nbsp;je sou\u010d\u00e1st\u00ed p\u0159\u00edm\u011bstsk\u00e9ho parku Trojsk\u00e1 kotlina. Z&nbsp;ji\u017en\u00ed strany tvo\u0159\u00ed hranu parku z&nbsp;velk\u00e9 \u010d\u00e1sti cca 6 metr\u016f vysok\u00e1 protipovod\u0148ov\u00e1 st\u011bna. Zbytek ji\u017en\u00ed strany parku byl v&nbsp;minulosti oplocen v&nbsp;reakci na nezaji\u0161t\u011bn\u00e9 prost\u0159ed\u00ed a&nbsp;problematick\u00e9 skupiny osob, kter\u00e9 zde periodicky nal\u00e9zaly \u00fato\u010di\u0161t\u011b v&nbsp;okol\u00ed mostn\u00edch pil\u00ed\u0159\u016f. V&nbsp;z\u00e1padn\u00ed \u010d\u00e1sti kolem silni\u010dn\u00edho mostu m\u00e1 park v\u00edce p\u0159\u00edrodn\u00ed charakter se vzrostl\u00fdmi stromy a&nbsp;p\u0159ech\u00e1z\u00ed do neudr\u017eovan\u00e9 divo\u010diny. Z&nbsp;v\u00fdchodn\u00ed strany pak soused\u00ed s&nbsp;oplocen\u00fdm soukrom\u00fdm are\u00e1lem p\u0159\u00edstavu. Park le\u017e\u00ed v&nbsp;aktivn\u00ed z\u00f3n\u011b z\u00e1plavov\u00e9ho \u00fazem\u00ed, co\u017e znamen\u00e1, \u017ee p\u0159i povodni m\u016f\u017ee b\u00fdt zaplaven vodou, a&nbsp;jsou zde proto vysok\u00e9 bezpe\u010dnostn\u00ed n\u00e1roky.<\/p>\r\n<p>Od po\u010d\u00e1tku 20.&nbsp;stolet\u00ed se \u00fazem\u00ed vyu\u017e\u00edvalo zejm\u00e9na k&nbsp;pr\u016fmyslov\u00fdm \u00fa\u010del\u016fm, dlouho jako p\u0159ekladi\u0161t\u011b sypk\u00fdch hmot a&nbsp;jako sou\u010d\u00e1st n\u00e1kladn\u00edho p\u0159\u00edstavu. V&nbsp;prvn\u00ed polovin\u011b 20.&nbsp;stolet\u00ed zde byly polo\u017eeny koleje vedouc\u00ed do p\u0159\u00edstavu naproti Hole\u0161ovick\u00e9 kose, pozd\u011bji koleje \u00fastily do are\u00e1lu beton\u00e1rky, kter\u00e1 zaji\u0161\u0165ovala dod\u00e1vky materi\u00e1lu pro v\u00fdstavbu pra\u017esk\u00fdch s\u00eddli\u0161\u0165. V&nbsp;70.&nbsp;letech byly koleje napojeny na nov\u011b vybudovan\u00e9 n\u00e1dra\u017e\u00ed Hole\u0161ovice. V&nbsp;jihov\u00fdchodn\u00ed \u010d\u00e1sti parku bylo z\u0159\u00edzeno odtahov\u00e9 parkovi\u0161t\u011b a&nbsp;do zbytku \u00fazem\u00ed nebylo krom\u011b z\u00e1kladn\u00ed \u00fadr\u017eby investov\u00e1no.<\/p>\r\n<p><strong>Pl\u00e1nov\u00e1n\u00ed (2015\u20132020)<br \/>\r\n<\/strong>V roce 2015 M\u010c Praha&nbsp;7 po\u017e\u00e1dala hlavn\u00ed m\u011bsto Prahu o&nbsp;sv\u011b\u0159en\u00ed pozemk\u016f parku do sv\u00e9 spr\u00e1vy, k&nbsp;\u010demu\u017e do\u0161lo v&nbsp;roce 2019. Dal\u0161\u00edm krokem pro o\u017eiven\u00ed zapomenut\u00e9ho m\u00edsta je vtisknout dan\u00e9 plo\u0161e funkci, kter\u00e1 zajist\u00ed alespo\u0148 minim\u00e1ln\u00ed soci\u00e1ln\u00ed dohled. Ve stejn\u00e9 dob\u011b hledala m\u00edstn\u00ed komunitn\u00ed zahrada nov\u00e9 m\u00edsto, a&nbsp;tak vznikla oboustrann\u011b v\u00fdhodn\u00e1 spolupr\u00e1ce. Komunitn\u00ed zahrada Prazelenina, je\u017e zde p\u016fsobila od roku 2016, uk\u00e1zala, \u017ee dan\u00e9 m\u00edsto lze vn\u00edmat a&nbsp;vyu\u017e\u00edvat i&nbsp;jinak ne\u017e jen jako betonov\u00e9 plochy s&nbsp;parkuj\u00edc\u00edmi auty. P\u0159i n\u00e1sledn\u00e9 p\u0159\u00edprav\u011b sout\u011b\u017ee byla budoucnost komunitn\u00ed zahrady v&nbsp;parku potvrzena s&nbsp;t\u00edm, \u017ee bude pot\u0159eba pro ni naj\u00edt spr\u00e1vn\u00e9 m\u00edsto.<\/p>\r\n<p>Velk\u00fdm \u00fasp\u011bchem pro fungov\u00e1n\u00ed budouc\u00edho parku bylo dojedn\u00e1n\u00ed prostupu skrz sousedn\u00ed are\u00e1l na \u00fazem\u00ed b\u00fdval\u00e9 beton\u00e1rky z\u00e1padn\u011b od parku. P\u0159ed touto domluvou se v&nbsp;m\u00edst\u011b nach\u00e1zela pouze \u00fazk\u00e1 mezera vinouc\u00ed se mezi zd\u00ed beton\u00e1rky a&nbsp;\u0159ekou, kterou se nau\u010dili vyu\u017e\u00edvat jen obratn\u011bj\u0161\u00ed p\u011b\u0161\u00ed u\u017eivatel\u00e9. \u0160lo v\u0161ak o&nbsp;jedin\u00e9 mo\u017en\u00e9 spojen\u00ed pod\u00e9l \u0159eky od Hole\u0161ovic ke Stromovce. Otev\u0159ely se nov\u00e9 mo\u017enosti propojen\u00ed, jak v&nbsp;n\u00e1vaznosti na park, tak ve smyslu celom\u011bstsk\u00fdch tras cyklodopravy. Cyklodoprava byla v&nbsp;parku v\u00edt\u00e1na a&nbsp;d\u00edky n\u00ed se za\u010dala \u0159e\u0161it i&nbsp;nov\u00e1 t\u00e9mata souvisej\u00edc\u00ed s&nbsp;veden\u00edm cyklotras v&nbsp;parc\u00edch v&nbsp;kontextu \u0159eky. Rozho\u0159ela se diskuze o&nbsp;tom, zda m\u00e1 cyklotrasa v\u00e9st v&nbsp;komfortn\u00ed \u0161\u00ed\u0159i a&nbsp;proveden\u00ed p\u0159\u00edmo pod\u00e9l \u0159eky, anebo by m\u011bla b\u00fdt naopak odd\u00e1lena od \u0159eky, aby b\u0159eh mohl b\u00fdt ponech\u00e1n v&nbsp;p\u0159\u00edrod\u011b bl\u00edzk\u00e9m stavu. V\u00fdsledkem byl kompromis. Pod\u00e9l \u0159eky povede ve zpevn\u011bn\u00e9m povrchu 2 metry \u0161irok\u00e1 stezka, kter\u00e1 zp\u0159\u00edstupn\u00ed park i&nbsp;n\u00e1v\u0161t\u011bvn\u00edk\u016fm s&nbsp;pohybov\u00fdm omezen\u00edm, a&nbsp;po ji\u017en\u00edm okraji bude vedena 4 metry \u0161irok\u00e1 cyklostezka tak, aby st\u0159ed \u00fazem\u00ed z\u016fstal voln\u00fd pro parkov\u00e9 vyu\u017eit\u00ed.<\/p>\r\n<p>V kontextu t\u011bchto jedn\u00e1n\u00ed a&nbsp;postupn\u00fdch p\u0159\u00edprav prob\u011bhla prvn\u00ed participace s&nbsp;ve\u0159ejnost\u00ed p\u0159\u00edmo na m\u00edst\u011b. \u00da\u010dast byla p\u0159ekvapiv\u011b vysok\u00e1 a&nbsp;navzdory nep\u0159\u00edzniv\u00e9mu v\u011btrn\u00e9mu po\u010das\u00ed se se\u0161la skupina p\u0159ibli\u017en\u011b 50&nbsp;lid\u00ed \u2013 rodi\u010d\u016f s&nbsp;d\u011btmi, pam\u011btn\u00edk\u016f, z\u00e1stupc\u016f m\u00edstn\u00edch komunitn\u00edch organizac\u00ed a&nbsp;spolk\u016f. K&nbsp;z\u00e1jmu bezpochyby p\u0159isp\u011bla i&nbsp;skute\u010dnost, \u017ee doln\u00ed Hole\u0161ovice postr\u00e1daj\u00ed v\u011bt\u0161\u00ed parkov\u00e9 plochy a&nbsp;musej\u00ed se spol\u00e9hat pouze na Stromovku, kter\u00e1 z&nbsp;tohoto m\u00edsta nebyla dlouhou dobu snadno dostupn\u00e1.<\/p>\r\n<p>Zlomov\u00fdm okam\u017eikem ve vn\u00edm\u00e1n\u00ed lokality jako parku bylo zru\u0161en\u00ed odtahov\u00e9ho parkovi\u0161t\u011b a&nbsp;odstran\u011bn\u00ed b\u00fdval\u00e9ho p\u0159ekladi\u0161t\u011b p\u0159i p\u0159ed\u00e1n\u00ed pozemk\u016f do spr\u00e1vy M\u010c. Tato prom\u011bna v&nbsp;roce 2019 byla tak radik\u00e1ln\u00ed, \u017ee se \u010dasem za\u010dalo zapom\u00ednat, jak toto \u00fazem\u00ed vypadalo na za\u010d\u00e1tku procesu a&nbsp;\u017ee tento stav je jen dal\u0161\u00edm krokem na cest\u011b k&nbsp;p\u0159\u00edprav\u011b m\u011bstsk\u00e9ho parku. Z&nbsp;p\u016fvodn\u011b betonov\u00fdch ploch, na kter\u00fdch \u010dasto st\u00e1lo mno\u017estv\u00ed aut, se po oset\u00ed v&nbsp;pr\u016fb\u011bhu let stala zelen\u00e1 louka l\u00e1kaj\u00edc\u00ed k&nbsp;posezen\u00ed \u010di hr\u00e1m.<\/p>\r\n<p>V roce 2020 n\u00e1sledovala druh\u00e1 participace formou dotazn\u00edku, aby se ov\u011b\u0159il nejen z\u00e1jem o&nbsp;nov\u00fd park, ale aby se n\u00e1zory budouc\u00edch n\u00e1v\u0161t\u011bvn\u00edk\u016f prom\u00edtly do zad\u00e1n\u00ed p\u0159ipravovan\u00e9 sout\u011b\u017ee. V&nbsp;porovn\u00e1n\u00ed s&nbsp;rokem 2017, kdy prob\u011bhla ve\u0159ejn\u00e1 vych\u00e1zka, se v\u00fdznamn\u011b zm\u011bnil celkov\u00fd pohled na \u00fazem\u00ed, upravil se zp\u016fsob vyu\u017eit\u00ed parku i&nbsp;o\u010dek\u00e1v\u00e1n\u00ed jeho n\u00e1v\u0161t\u011bvn\u00edk\u016f a&nbsp;roz\u0161\u00ed\u0159ilo se spektrum u\u017eivatel\u016f. Nyn\u00ed t\u00e9m\u011b\u0159 80&nbsp;% dotazovan\u00fdch odpov\u011bd\u011blo, \u017ee park vn\u00edmaj\u00ed jako bezpe\u010dn\u00fd, a&nbsp;v\u00edce ne\u017e polovina uvedla, \u017ee po odstran\u011bn\u00ed betonov\u00fdch ploch ho ji\u017e nepova\u017euj\u00ed za zanedban\u00e9 m\u00edsto. N\u00e1v\u0161t\u011bvn\u00edci si za\u010dali k&nbsp;parku budovat nov\u00fd vztah a&nbsp;vn\u00edmat ho v\u00edce pobytov\u011b. Jako dal\u0161\u00ed krok postupn\u00e9ho osvojov\u00e1n\u00ed si m\u00edsta ve\u0159ejnost\u00ed vyhl\u00e1sila M\u010c anketu t\u00fdkaj\u00edc\u00ed se jm\u00e9na parku. Objevila se zaj\u00edmav\u00e1 pojmenov\u00e1n\u00ed: Mok\u0159ad, park Josefa Bicana a&nbsp;dal\u0161\u00ed, nejv\u00edce hlas\u016f v\u0161ak z\u00edskalo ji\u017e za\u017eit\u00e9 ozna\u010den\u00ed park U&nbsp;Vody.<\/p>\r\n<p><strong>Sout\u011b\u017e (2020\u20132021)<\/strong><br \/>\r\nSmyslem a&nbsp;c\u00edlem zad\u00e1n\u00ed bylo znovunav\u00e1z\u00e1n\u00ed vztahu s&nbsp;\u0159ekou, pos\u00edlen\u00ed jedine\u010dn\u00e9ho charakteru parku se zachovanou stopou pr\u016fmyslov\u00e9ho provozu a&nbsp;vyu\u017eit\u00ed potenci\u00e1lu jednoho z&nbsp;m\u00e1la ve\u0159ejn\u00fdch m\u00edst v&nbsp;m\u011bstsk\u00e9 struktu\u0159e s&nbsp;rozlehlou zelenou plochou. Proto bylo pro zad\u00e1n\u00ed zvoleno motto: \u201ePark u&nbsp;\u0159eky. Divok\u00fd i&nbsp;udr\u017eovan\u00fd. Industri\u00e1ln\u00ed. Hole\u0161ovick\u00fd. Komunitn\u00ed.\u201c Velk\u00fdm t\u00e9matem v&nbsp;t\u00e9 dob\u011b byla i&nbsp;klimatick\u00e1 situace m\u011bst. M\u010c Praha&nbsp;7 v&nbsp;roce 2019 vyhl\u00e1sila klimatickou nouzi a&nbsp;zav\u00e1zala se hledat opat\u0159en\u00ed, kter\u00e1 povedou ke zlep\u0161en\u00ed aktu\u00e1ln\u00ed situace. Z&nbsp;tohoto pohledu byla realizace parku velkou p\u0159\u00edle\u017eitost\u00ed.<\/p>\r\n<p>Podstatnou str\u00e1nkou zad\u00e1n\u00ed byla i&nbsp;ekonomick\u00e1 udr\u017eitelnost \u0159e\u0161en\u00ed. Aby n\u011bkter\u00e9 v\u011bci nebyly ze strany odborn\u00e9 poroty podcen\u011bny, byla tato porota dopln\u011bna o&nbsp;odborn\u00e9 znalce ve specifick\u00fdch oblastech (z\u00e1plavov\u00e9 \u00fazem\u00ed, n\u00e1sledn\u00e1 \u00fadr\u017eba, posouzen\u00ed vhodnosti navr\u017een\u00fdch taxon\u016f zelen\u011b atd.). Jednalo se zejm\u00e9na o&nbsp;z\u00e1stupce instituc\u00ed, kter\u00e9 se budou pod\u00edlet na n\u00e1sledn\u00e9m povolovac\u00edm \u0159\u00edzen\u00ed.<\/p>\r\n<p>Do sout\u011b\u017ee se p\u0159ihl\u00e1silo 20 sout\u011b\u017en\u00edch n\u00e1vrh\u016f, kter\u00e9 p\u0159edstavovaly \u0161irok\u00e9 spektrum odborn\u00fdch n\u00e1zor\u016f na dan\u00e9 \u00fazem\u00ed a&nbsp;\u0159e\u0161en\u00ed parku. Byly ud\u011bleny ceny za 1.&nbsp;a&nbsp;2.&nbsp;m\u00edsto a&nbsp;\u010dty\u0159i n\u00e1vrhy byly ocen\u011bny odm\u011bnou za inspirativn\u00ed \u0159e\u0161en\u00ed. V\u00edt\u011bzem a&nbsp;tak\u00e9 osloven\u00fdm t\u00fdmem pro zpracov\u00e1n\u00ed dal\u0161\u00ed f\u00e1ze projektu byl zvolen ateli\u00e9r YYYY. Koncept n\u00e1vrhu se op\u00edr\u00e1 o&nbsp;industri\u00e1ln\u00ed minulost, kter\u00e1 hraje zejm\u00e9na v&nbsp;materi\u00e1lov\u00e9m \u0159e\u0161en\u00ed a&nbsp;detailech d\u016fle\u017eitou roli, celkov\u00e9 \u0159e\u0161en\u00ed je zalo\u017eeno na \u201erozprsc\u00edch\u201c, parkov\u00fdch n\u00e1m\u011bst\u00edch zapojen\u00fdch do parku paprskovitou cestn\u00ed s\u00edt\u00ed. Zcela neopominutelnou roli v&nbsp;tomto n\u00e1vrhu pak hraje pr\u00e1ce s&nbsp;vegetac\u00ed.<\/p>\r\n<p><strong>Norsk\u00e9 fondy aneb za jak dlouho je mo\u017en\u00e9 postavit park? (2020\u20132024)<br \/>\r\n<\/strong>Koncem roku 2020 se objevila mo\u017enost kofinancov\u00e1n\u00ed projektu z&nbsp;Norsk\u00fdch fond\u016f. Podm\u00ednky t\u00e9to otev\u0159en\u00e9 v\u00fdzvy byly konkr\u00e9tn\u011b nastaveny n\u00e1sledovn\u011b: maxim\u00e1ln\u011b 26 milion\u016f K\u010d, term\u00edn \u010derp\u00e1n\u00ed do 30.&nbsp;4.&nbsp;2024. Je re\u00e1ln\u00e9 povolit a&nbsp;postavit park za t\u0159i a&nbsp;p\u016fl roku? Vskutku nesnadn\u00fd \u00fakol.<\/p>\r\n<p>Vidina v\u00fdrazn\u00e9 finan\u010dn\u00ed podpory projektu a&nbsp;t\u00edm i&nbsp;jeho realizovatelnosti nakonec rozhodla, \u017e\u00e1dost byla pod\u00e1na a&nbsp;v&nbsp;kv\u011btnu 2021 byla na z\u00e1klad\u011b rozhodnut\u00ed ministerstva \u017eivotn\u00edho prost\u0159ed\u00ed schv\u00e1lena dotace ve v\u00fd\u0161i 21 milion\u016f korun. D\u00edky podpo\u0159e z&nbsp;Norsk\u00fdch fond\u016f se poda\u0159ilo zrealizovat n\u011bkolik velmi \u00fasp\u011b\u0161n\u00fdch interaktivn\u00edch semin\u00e1\u0159\u016f v&nbsp;z\u00e1kladn\u00edch a&nbsp;mate\u0159sk\u00fdch \u0161kol\u00e1ch na t\u00e9ma voda \u2013 o&nbsp;jej\u00ed cest\u011b a&nbsp;kolob\u011bhu. Prob\u011bhla i&nbsp;v\u00fdtvarn\u00e1 sout\u011b\u017e pro d\u011bti ze z\u00e1kladn\u00edch \u0161kol na t\u00e9ma \u0159eka ve m\u011bst\u011b. Jedno z&nbsp;v\u00edt\u011bzn\u00fdch d\u011bl se dokonce stalo p\u0159edlohou pro ofici\u00e1ln\u00ed logo nov\u00e9ho parku. V&nbsp;kv\u011btnu 2022 byla uspo\u0159\u00e1d\u00e1na mezin\u00e1rodn\u00ed konference v\u011bnovan\u00e1 motivu m\u011bsta a&nbsp;\u0159eky, koncepci a&nbsp;rozvoji n\u00e1b\u0159e\u017e\u00ed i&nbsp;\u0161etrn\u00e9mu p\u0159\u00edstupu k&nbsp;p\u016fvodn\u00edm technick\u00fdm a&nbsp;architektonick\u00fdm prvk\u016fm v&nbsp;cenn\u00e9m p\u0159\u00edrodn\u00edm prost\u0159ed\u00ed. V\u0161echny tyto aktivity m\u011bly p\u0159ibl\u00ed\u017eit problematiku vody ve m\u011bst\u011b, klimatick\u00fdch zm\u011bn a&nbsp;vlivu lidsk\u00e9 \u010dinnosti na \u017eivotn\u00ed prost\u0159ed\u00ed.<\/p>\r\n<p><strong>Povolov\u00e1n\u00ed projektu (2021\u20132023)<\/strong><br \/>\r\nDle smlouvy uzav\u0159en\u00e9 s&nbsp;dodavatelem bylo na vypracov\u00e1n\u00ed projektov\u00e9 dokumentace, zaji\u0161t\u011bn\u00ed a&nbsp;zapracov\u00e1n\u00ed vyj\u00e1d\u0159en\u00ed dot\u010den\u00fdch org\u00e1n\u016f st\u00e1tn\u00ed spr\u00e1vy a&nbsp;z\u00edsk\u00e1n\u00ed kladn\u00e9ho rozhodnut\u00ed stavebn\u00edho \u00fa\u0159adu osm m\u011bs\u00edc\u016f. To se zd\u00e1 jako dlouh\u00e1 doba, av\u0161ak v&nbsp;centru m\u011bsta je to jenom zd\u00e1n\u00ed. K&nbsp;projektu se vyjad\u0159uje \u0159ada instituc\u00ed, p\u0159i\u010dem\u017e ka\u017ed\u00e1 m\u00e1 jasn\u00fd n\u00e1zor, co m\u00e1 \u0159e\u0161en\u00e9 \u00fazem\u00ed spl\u0148ovat, a&nbsp;v\u00edce ne\u017e \u010dasto zasahuj\u00ed do n\u00e1vrhu zp\u016fsobem, jen\u017e je z&nbsp;autorsk\u00e9ho pohledu nep\u0159im\u011b\u0159en\u00fd.<\/p>\r\n<p>Nakonec se potvrdily obavy ohledn\u011b projedn\u00e1v\u00e1n\u00ed stavby v&nbsp;aktivn\u00ed z\u00f3n\u011b z\u00e1plavov\u00e9ho \u00fazem\u00ed. Zaji\u0161t\u011bn\u00ed stanoviska spr\u00e1vce vodn\u00edho toku se p\u0159es ve\u0161ker\u00e9 \u00fasil\u00ed a&nbsp;dobrou v\u016fli v\u0161ech z\u00fa\u010dastn\u011bn\u00fdch prot\u00e1hlo na sedm m\u011bs\u00edc\u016f. N\u00e1sledn\u00e9 povolen\u00ed projektu na stavebn\u00edm \u00fa\u0159adu u\u017e prob\u011bhlo hladce a&nbsp;v&nbsp;z\u00e1\u0159\u00ed roku 2022 bylo vyd\u00e1no spole\u010dn\u00e9 povolen\u00ed, jemu\u017e byla v&nbsp;listopadu vyzna\u010dena pr\u00e1vn\u00ed moc.<\/p>\r\n<p>Na konci tohoto odstavce je pot\u0159eba dodat, \u017ee ani pr\u00e1vn\u00ed moc rozhodnut\u00ed stavebn\u00edho \u00fa\u0159adu ned\u00e1v\u00e1 jistotu, \u017ee park bude moci b\u00fdt dokon\u010den. \u00dazem\u00ed prot\u00ednaj\u00ed star\u00e9 nefunk\u010dn\u00ed koleje, kter\u00e9 maj\u00ed v&nbsp;parku sv\u00e9 m\u00edsto jako relikt industri\u00e1ln\u00ed minulosti. Bohu\u017eel v\u0161ak soukrom\u00fd vlastn\u00edk sousedn\u00edho p\u0159\u00edstavu, do n\u011bj\u017e tyto koleje \u00fast\u00ed, je p\u0159esv\u011bd\u010den, \u017ee se jedn\u00e1 o&nbsp;jeho majetek a&nbsp;\u017ee vznik parku nen\u00ed v&nbsp;souladu s&nbsp;provozov\u00e1n\u00edm p\u0159\u00edstavu. Realizace parku se tak dostala pod pr\u00e1vn\u00ed palbu t\u00e9to spole\u010dnosti a&nbsp;p\u0159es ve\u0161ker\u00e9 logick\u00e9 argumenty a&nbsp;snahu m\u011bstsk\u00e9 \u010d\u00e1sti vyj\u00edt sousedovi parku vst\u0159\u00edc prob\u00edh\u00e1 i&nbsp;v&nbsp;tuto chv\u00edli n\u011bkolik soudn\u00edch \u0159\u00edzen\u00ed, kter\u00e1 vis\u00ed jako Damokl\u016fv me\u010d nad budoucnost\u00ed parku U&nbsp;Vody.<\/p>\r\n<p><strong>V\u00fdb\u011br zhotovitele a\u00a0realizace (2022\u20132024)<br \/>\r\n<\/strong>V prosinci 2022 byla ofici\u00e1ln\u011b zve\u0159ejn\u011bna v\u00fdzva pod\u00e1n\u00ed nab\u00eddek na zhotovitele parku. Lh\u016fta na pod\u00e1n\u00ed nab\u00eddek byla stanovena na druhou polovinu ledna 2023. Jak to tak chod\u00ed v&nbsp;situac\u00edch, kdy nen\u00ed p\u0159\u00edli\u0161 \u010dasu, musela b\u00fdt z\u00e1konn\u00e1 lh\u016fta postupn\u011b prodlu\u017eov\u00e1na s&nbsp;ohledem na dotazy i&nbsp;n\u00e1sledn\u00e9 n\u00e1mitky. Uzav\u0159en\u00ed smlouvy se zhotovitelem Environmental Building do\u0161lo v&nbsp;druh\u00e9 p\u016flce dubna 2023. Realizace m\u011bla b\u00fdt zah\u00e1jena p\u0159ed\u00e1n\u00edm staveni\u0161t\u011b, kter\u00e9 prob\u011bhlo v&nbsp;kv\u011btnu 2023. Fakticky v\u0161ak byly pr\u00e1ce v&nbsp;parku zah\u00e1jeny o&nbsp;dva m\u011bs\u00edce pozd\u011bji. Nespokojenost s&nbsp;pomal\u00fdm rozjezdem stavby projevovala i&nbsp;ve\u0159ejnost, kter\u00e1 opakovan\u011b reklamovala, \u017ee se na stavb\u011b nic ned\u011bje, p\u0159esto\u017ee je staveni\u0161t\u011b oplocen\u00e9. V&nbsp;t\u00e9 dob\u011b byl park ji\u017e velmi obl\u00edben\u00fd, co\u017e dokazuje jeho n\u00e1v\u0161t\u011bvnost, kter\u00e1 v&nbsp;letn\u00edch m\u011bs\u00edc\u00edch p\u0159ed zah\u00e1jen\u00edm realizace dosahovala i&nbsp;v\u00edce ne\u017e 500 n\u00e1v\u0161t\u011bvn\u00edk\u016f denn\u011b. Proto i&nbsp;navzdory zaji\u0161t\u011bn\u00ed prostupnosti parku v&nbsp;pr\u016fb\u011bhu stavby, kdy to pr\u00e1ce umo\u017e\u0148ovaly, doch\u00e1zelo k&nbsp;pronik\u00e1n\u00ed ve\u0159ejnosti na staveni\u0161t\u011b a&nbsp;naru\u0161ov\u00e1n\u00ed stavby. Ni\u010den\u00ed sou\u010d\u00e1st\u00ed zaji\u0161t\u011bn\u00ed staveni\u0161t\u011b bylo na denn\u00edm po\u0159\u00e1dku a&nbsp;znamenalo pro stavbu zna\u010dn\u00e9 v\u00fddaje i&nbsp;celkov\u00e9 zdr\u017een\u00ed prac\u00ed.<\/p>\r\n<p>Je polovina roku 2024, uplynulo tedy t\u00e9m\u011b\u0159 desetilet\u00ed od zah\u00e1jen\u00ed p\u0159\u00edprav nov\u00e9ho parku. To je pom\u011brn\u011b dlouh\u00e1 doba, ale realizace st\u00e1le nen\u00ed dokon\u010dena. V&nbsp;posledn\u00ed dob\u011b do\u0161lo k&nbsp;otev\u0159en\u00ed \u010d\u00e1sti parku v&nbsp;p\u0159edstihu p\u0159ed fin\u00e1ln\u00edm term\u00ednem p\u0159ed\u00e1n\u00ed kompletn\u00ed stavby, aby jej obyvatel\u00e9 mohli s&nbsp;p\u0159\u00edchodem letn\u00edho po\u010das\u00ed vyu\u017e\u00edvat. Sou\u010dasn\u011b se t\u00edm otev\u0159elo v\u00fdznamn\u00e9 propojen\u00ed pro p\u011b\u0161\u00ed a&nbsp;cyklisty sm\u011brem do Stromovky. Cyklostezka i&nbsp;stezka kolem \u0159eky je dokon\u010dena. Po\u010d\u00ednaj\u00edc\u00ed zelen\u00ed prosv\u00edt\u00e1 nov\u00e1 cestn\u00ed s\u00ed\u0165, workoutov\u00e9 h\u0159i\u0161t\u011b, prob\u011bhla nov\u00e1 v\u00fdsadba. Stavebn\u00ed pr\u00e1ce se bl\u00ed\u017e\u00ed do c\u00edlov\u00e9 rovinky. Douf\u00e1me, \u017ee tento \u010dl\u00e1nek vnese trochu pochopen\u00ed do procesu, kter\u00fd m\u00e1 mnoho vrstev, pod\u00edl\u00ed se na n\u011bm mnoho akt\u00e9r\u016f a&nbsp;na cest\u011b k&nbsp;jeho realizaci \u010dek\u00e1 mnoho \u010dasto p\u0159ekvapiv\u00fdch p\u0159ek\u00e1\u017eek.<\/p>\r\n<hr \/>\r\n<p>\u2192 Text vych\u00e1z\u00ed z&nbsp;\u010dl\u00e1nku, jen\u017e byl seps\u00e1n pro \u010dasopis Urbanismus a&nbsp;\u00fazemn\u00ed rozvoj, <a href=\"http:\/\/www.uur.cz\" target=\"_blank\" rel=\"noopener\">www.uur.cz<\/a>.<br \/>\r\n\u2193<br \/>\r\n<strong>Projektant<\/strong>: YYYY, s. r. o.<br \/>\r\n<strong>Zhotovitel<\/strong>: ENVIRONMENTAL BUILDING a.s.<br \/>\r\n\u2192 Projekt byl podpo\u0159en \u00fa\u010delovou dotac\u00ed z&nbsp;magistr\u00e1tu hl. m. Prahy a\u00a0grantem z\u00a0Norsk\u00fdch fond\u016f \u201eFinancov\u00e1no z\u00a0Fond\u016f EHP a\u00a0Norska 2014\u20132021 \u2013 program CZ-ENVIRONMENT\u201c.<\/p>\r\n<p>\u2192\u00a0<a href=\"http:\/\/www.praha7.cz\/park-u-vody\" target=\"_blank\" rel=\"noopener\">www.praha7.cz\/park-u-vody<\/a><\/p>","protected":false},"excerpt":{"rendered":"[perex] P\u00ed\u0161e se rok 2015. Nach\u00e1z\u00edme se v&nbsp;m\u011bstsk\u00e9 \u010d\u00e1sti Praha&nbsp;7 na \u00fazem\u00ed, kter\u00e9 jen s&nbsp;velkou d\u00e1vkou p\u0159edstavivosti p\u0159ipom\u00edn\u00e1 ve\u0159ejn\u00fd prostor. M\u00edsto, jemu\u017e je vhodn\u00e9 se vyhnout, ohrani\u010den\u00e9 vysokou protipovod\u0148ovou zd\u00ed a&nbsp;rezav\u00fdm oplocen\u00edm. Velkou \u010d\u00e1st plochy pod\u00e9l \u0159eky tvo\u0159\u00ed betonov\u00e9 panely s&nbsp;odstaven\u00fdmi auty, ch\u00e1traj\u00edc\u00ed rezidua po industri\u00e1ln\u00edm obdob\u00ed a&nbsp;neudr\u017eovan\u00e1 zele\u0148. M\u00edsto neprostupn\u00e9 a&nbsp;uzav\u0159en\u00e9 z&nbsp;jedn\u00e9 strany technick\u00fdmi [&hellip;]","protected":false},"author":292,"featured_media":75403,"comment_status":"closed","ping_status":"open","sticky":false,"template":"","format":"standard","meta":[],"categories":[37],"tags":[],"_links":{"self":[{"href":"https:\/\/www.praha7.cz\/api\/wp\/v2\/posts\/77452"}],"collection":[{"href":"https:\/\/www.praha7.cz\/api\/wp\/v2\/posts"}],"about":[{"href":"https:\/\/www.praha7.cz\/api\/wp\/v2\/types\/post"}],"author":[{"embeddable":true,"href":"https:\/\/www.praha7.cz\/api\/wp\/v2\/users\/292"}],"replies":[{"embeddable":true,"href":"https:\/\/www.praha7.cz\/api\/wp\/v2\/comments?post=77452"}],"version-history":[{"count":1,"href":"https:\/\/www.praha7.cz\/api\/wp\/v2\/posts\/77452\/revisions"}],"predecessor-version":[{"id":77460,"href":"https:\/\/www.praha7.cz\/api\/wp\/v2\/posts\/77452\/revisions\/77460"}],"wp:featuredmedia":[{"embeddable":true,"href":"https:\/\/www.praha7.cz\/api\/wp\/v2\/media\/75403"}],"wp:attachment":[{"href":"https:\/\/www.praha7.cz\/api\/wp\/v2\/media?parent=77452"}],"wp:term":[{"taxonomy":"category","embeddable":true,"href":"https:\/\/www.praha7.cz\/api\/wp\/v2\/categories?post=77452"},{"taxonomy":"post_tag","embeddable":true,"href":"https:\/\/www.praha7.cz\/api\/wp\/v2\/tags?post=77452"}],"curies":[{"name":"wp","href":"https:\/\/api.w.org\/{rel}","templated":true}]}}