    
{"id":77415,"date":"2024-06-27T11:57:38","date_gmt":"2024-06-27T09:57:38","guid":{"rendered":"https:\/\/www.praha7.cz\/?p=77415"},"modified":"2024-06-28T10:11:23","modified_gmt":"2024-06-28T08:11:23","slug":"ve-ctvrtek-27-6-hrozi-velmi-silne-bourky","status":"publish","type":"post","link":"https:\/\/www.praha7.cz\/ve-ctvrtek-27-6-hrozi-velmi-silne-bourky\/","title":{"rendered":"Ve \u010dtvrtek 27.&nbsp;6.&nbsp;hroz\u00ed velmi siln\u00e9 bou\u0159ky"},"content":{"rendered":"<p>[perex]<\/p>\r\n<p>Upozor\u0148ujeme na mo\u017en\u00fd v\u00fdskyt velmi siln\u00fdch bou\u0159ek, kter\u00e9 se na na\u0161em \u00fazem\u00ed mohou objevovat v&nbsp;pr\u016fb\u011bhu \u010dtvrtka 27.&nbsp;\u010dervna 2024 do 24 hodin.<br \/>\r\n<br \/>\r\n<\/p>\r\n<p>[\/perex]<\/p>\r\n<p>Pros\u00edme, bu\u010fte na sebe opatrn\u00ed, v&nbsp;p\u0159\u00edpad\u011b bou\u0159ek se vyvarujte pohybu v&nbsp;parc\u00edch a&nbsp;na h\u0159i\u0161t\u00edch, zabezpe\u010dte okna, dve\u0159e a&nbsp;p\u0159edm\u011bty na balkonech. Aktu\u00e1ln\u00edmu po\u010das\u00ed pros\u00edm p\u0159izp\u016fsobte pohyb po ulic\u00edch i&nbsp;rychlost j\u00edzdy.<\/p>\r\n<p><br \/>\r\nRozsah a&nbsp;intenzita varov\u00e1n\u00ed se mohou m\u011bnit, sledujte pros\u00edm zpravodajstv\u00ed nebo <a href=\"https:\/\/www.chmi.cz\/files\/portal\/docs\/meteo\/om\/vystrahy\/index.html\" target=\"_blank\" rel=\"noopener\">str\u00e1nky \u010cHM\u00da<\/a>.<\/p>","protected":false},"excerpt":{"rendered":"[perex] Upozor\u0148ujeme na mo\u017en\u00fd v\u00fdskyt velmi siln\u00fdch bou\u0159ek, kter\u00e9 se na na\u0161em \u00fazem\u00ed mohou objevovat v&nbsp;pr\u016fb\u011bhu \u010dtvrtka 27.&nbsp;\u010dervna 2024 do 24 hodin. [\/perex] Pros\u00edme, bu\u010fte na sebe opatrn\u00ed, v&nbsp;p\u0159\u00edpad\u011b bou\u0159ek se vyvarujte pohybu v&nbsp;parc\u00edch a&nbsp;na h\u0159i\u0161t\u00edch, zabezpe\u010dte okna, dve\u0159e a&nbsp;p\u0159edm\u011bty na balkonech. Aktu\u00e1ln\u00edmu po\u010das\u00ed pros\u00edm p\u0159izp\u016fsobte pohyb po ulic\u00edch i&nbsp;rychlost j\u00edzdy. Rozsah a&nbsp;intenzita varov\u00e1n\u00ed se [&hellip;]","protected":false},"author":251,"featured_media":77416,"comment_status":"closed","ping_status":"open","sticky":false,"template":"","format":"standard","meta":[],"categories":[34],"tags":[99,112],"_links":{"self":[{"href":"https:\/\/www.praha7.cz\/api\/wp\/v2\/posts\/77415"}],"collection":[{"href":"https:\/\/www.praha7.cz\/api\/wp\/v2\/posts"}],"about":[{"href":"https:\/\/www.praha7.cz\/api\/wp\/v2\/types\/post"}],"author":[{"embeddable":true,"href":"https:\/\/www.praha7.cz\/api\/wp\/v2\/users\/251"}],"replies":[{"embeddable":true,"href":"https:\/\/www.praha7.cz\/api\/wp\/v2\/comments?post=77415"}],"version-history":[{"count":1,"href":"https:\/\/www.praha7.cz\/api\/wp\/v2\/posts\/77415\/revisions"}],"predecessor-version":[{"id":77417,"href":"https:\/\/www.praha7.cz\/api\/wp\/v2\/posts\/77415\/revisions\/77417"}],"wp:featuredmedia":[{"embeddable":true,"href":"https:\/\/www.praha7.cz\/api\/wp\/v2\/media\/77416"}],"wp:attachment":[{"href":"https:\/\/www.praha7.cz\/api\/wp\/v2\/media?parent=77415"}],"wp:term":[{"taxonomy":"category","embeddable":true,"href":"https:\/\/www.praha7.cz\/api\/wp\/v2\/categories?post=77415"},{"taxonomy":"post_tag","embeddable":true,"href":"https:\/\/www.praha7.cz\/api\/wp\/v2\/tags?post=77415"}],"curies":[{"name":"wp","href":"https:\/\/api.w.org\/{rel}","templated":true}]}}