    
{"id":77351,"date":"2024-06-26T12:28:32","date_gmt":"2024-06-26T10:28:32","guid":{"rendered":"https:\/\/www.praha7.cz\/?p=77351"},"modified":"2024-06-26T14:12:01","modified_gmt":"2024-06-26T12:12:01","slug":"probehl-ctenarsky-maraton","status":"publish","type":"post","link":"https:\/\/www.praha7.cz\/probehl-ctenarsky-maraton\/","title":{"rendered":"Prob\u011bhl \u010dten\u00e1\u0159sk\u00fd maraton"},"content":{"rendered":"<p>[perex]<\/p>\r\n<p>Ve dnech 17.&nbsp;a\u017e 20.&nbsp;\u010dervna a&nbsp;24.&nbsp;\u010dervna 2024 prob\u011bhl 4.&nbsp;ro\u010dn\u00edk \u010dten\u00e1\u0159sk\u00e9ho maratonu Prahy&nbsp;7. Posledn\u00ed \u010dervnov\u00e9 t\u00fddny p\u0159ed letn\u00edmi pr\u00e1zdninami \u00fa\u010dastn\u00edk\u016fm maratonu zp\u0159\u00edjemnilo spole\u010dn\u00e9 \u010dten\u00ed, n\u00e1v\u0161t\u011bvy zaj\u00edmav\u00fdch m\u00edst (nejen) Prahy&nbsp;7 a&nbsp;\u0159ada zaj\u00edmav\u00fdch host\u016f. \u010cetlo se v&nbsp;N\u00e1rodn\u00edm pedagogick\u00e9m muzeu Jana Amose Komensk\u00e9ho, v&nbsp;budov\u011b Sen\u00e1tu, u&nbsp;pam\u00e1tn\u00edku Julia Zeyera v&nbsp;Chotkov\u00fdch sadech, v&nbsp;hlavn\u00edm jednac\u00edm s\u00e1le Poslaneck\u00e9 sn\u011bmovny a&nbsp;v&nbsp;Alze.<\/p>\r\n<p>[\/perex]<\/p>\r\n<p>D\u011bji\u0161t\u011bm prvn\u00edho dne maratonu bylo N\u00e1rodn\u00ed pedagogick\u00e9 muzeum Jana Amose Komensk\u00e9ho. Dv\u011b t\u0159\u00eddy \u010dtvr\u0165\u00e1k\u016f, jedna t\u0159\u00edda p\u00e1\u0165\u00e1k\u016f a&nbsp;tak\u00e9 druh\u00e1ci ze Z\u0160 Strossmayerovo n\u00e1m\u011bst\u00ed a&nbsp;Z\u0160 Tusarova nejen \u010detly ze sv\u00fdch obl\u00edben\u00fdch kn\u00ed\u017eek a&nbsp;diskutovaly o&nbsp;nich, \u010di hledaly souvislosti, ale tak\u00e9 absolvovaly \u010dten\u00e1\u0159skou rozcvi\u010dku. S&nbsp;pracovnicemi muzea pak d\u011bti absolvovaly interaktivn\u00ed prohl\u00eddku.<\/p>\r\n<p>Druh\u00fd den hostila \u010dten\u00e1\u0159e sen\u00e1torka Miroslava N\u011bmcov\u00e1. \u017d\u00e1ci z\u00e1kladn\u00edch \u0161kol Trojsk\u00e1 a&nbsp;Strossmayerovo n\u00e1m\u011bst\u00ed mohli zasednout do lavic Sen\u00e1tu a&nbsp;ze sv\u00fdch kn\u00ed\u017eek \u010d\u00edst pr\u00e1v\u011b tam.<\/p>\r\n<p>Prv\u0148\u00e1\u010dci, druh\u00e1ci, \u010dtvr\u0165\u00e1ci a&nbsp;p\u00e1\u0165\u00e1ci ze Z\u0160 Bratrsk\u00e1, Z\u0160 U&nbsp;Uranie, Z\u0160 T.G. Masaryka a&nbsp;Z\u0160 Strossmayerovo n\u00e1m\u011bst\u00ed se t\u0159et\u00ed den maratonu se\u0161li u&nbsp;Julia Zeyera, resp. u&nbsp;jeho pam\u00e1tn\u00edku z&nbsp;roku 1912 v&nbsp;Chotkov\u00fdch sadech.<\/p>\r\n<p>\u010ctvrt\u00fd den maratonci dob\u011bhli do hlavn\u00edho jednac\u00edho s\u00e1lu Poslaneck\u00e9 sn\u011bmovny. Z\u00e1\u0161titu nad akc\u00ed p\u0159evzala p\u0159edsedkyn\u011b Poslaneck\u00e9 sn\u011bmovny Mark\u00e9ta Pekarov\u00e1 Adamov\u00e1, osobn\u011b se z\u00fa\u010dastnila prvn\u00ed m\u00edstop\u0159edsedkyn\u011b Poslaneck\u00e9 sn\u011bmovny V\u011bra Kov\u00e1\u0159ov\u00e1.<\/p>\r\n<p>Posledn\u00ed den \u00fa\u010dastn\u00edci \u010detli v\u00a0Alze. Poprv\u00e9 s\u00a0knihami nav\u0161t\u00edvili tyto prostory v\u00a0lo\u0148sk\u00e9m ro\u010dn\u00edku a&nbsp;tehdy i&nbsp;letos tu bylo velmi p\u0159\u00edjemn\u011b. K&nbsp;prv\u0148\u00e1\u010dk\u016fm, druh\u00e1k\u016fm a&nbsp;t\u0159e\u0165\u00e1k\u016fm (Z\u0160 Trojsk\u00e1, TGM, Tusarova a&nbsp;Korunova\u010dn\u00ed) se p\u0159i \u010dten\u00ed spont\u00e1nn\u011b p\u0159ipojili n\u011bkte\u0159\u00ed zam\u011bstnanci Alzy a&nbsp;\u010detla s&nbsp;nimi tak\u00e9 pan\u00ed m\u00edstostarostka Prahy&nbsp;7 Hana \u0160i\u0161kov\u00e1.<br \/>\r\n<br \/>\r\n<\/p>\r\n<hr \/>\r\n<p>\u010cten\u00e1\u0159sk\u00fd maraton Prahy&nbsp;7 organizuj\u00ed \u010dlenov\u00e9 divadeln\u00edho spolku Ty-j\u00e1-tr pod veden\u00edm Radky Tes\u00e1rkov\u00e9 ve spolupr\u00e1ci s\u00a0projektem M\u00edstn\u00ed ak\u010dn\u00ed pl\u00e1ny rozvoje vzd\u011bl\u00e1v\u00e1n\u00ed IV \u2013 spr\u00e1vn\u00ed obvod Praha&nbsp;7, reg. \u010d.: CZ.02.02.XX\/0023_017\/0008373.<\/p>\r\n<p>&nbsp;<\/p>\r\n<p><img loading=\"lazy\" src=\"https:\/\/www.praha7.cz\/wp-content\/uploads\/2024\/06\/logo-600x86.png\" alt=\"\" width=\"600\" height=\"86\" class=\"alignnone size-medium wp-image-77352\" srcset=\"https:\/\/www.praha7.cz\/wp-content\/uploads\/2024\/06\/logo-600x86.png 600w, https:\/\/www.praha7.cz\/wp-content\/uploads\/2024\/06\/logo-1500x214.png 1500w, https:\/\/www.praha7.cz\/wp-content\/uploads\/2024\/06\/logo-768x110.png 768w, https:\/\/www.praha7.cz\/wp-content\/uploads\/2024\/06\/logo-1536x219.png 1536w, https:\/\/www.praha7.cz\/wp-content\/uploads\/2024\/06\/logo-2048x292.png 2048w\" sizes=\"(max-width: 600px) 100vw, 600px\" \/><\/p>","protected":false},"excerpt":{"rendered":"[perex] Ve dnech 17.&nbsp;a\u017e 20.&nbsp;\u010dervna a&nbsp;24.&nbsp;\u010dervna 2024 prob\u011bhl 4.&nbsp;ro\u010dn\u00edk \u010dten\u00e1\u0159sk\u00e9ho maratonu Prahy&nbsp;7. Posledn\u00ed \u010dervnov\u00e9 t\u00fddny p\u0159ed letn\u00edmi pr\u00e1zdninami \u00fa\u010dastn\u00edk\u016fm maratonu zp\u0159\u00edjemnilo spole\u010dn\u00e9 \u010dten\u00ed, n\u00e1v\u0161t\u011bvy zaj\u00edmav\u00fdch m\u00edst (nejen) Prahy&nbsp;7 a&nbsp;\u0159ada zaj\u00edmav\u00fdch host\u016f. \u010cetlo se v&nbsp;N\u00e1rodn\u00edm pedagogick\u00e9m muzeu Jana Amose Komensk\u00e9ho, v&nbsp;budov\u011b Sen\u00e1tu, u&nbsp;pam\u00e1tn\u00edku Julia Zeyera v&nbsp;Chotkov\u00fdch sadech, v&nbsp;hlavn\u00edm jednac\u00edm s\u00e1le Poslaneck\u00e9 sn\u011bmovny a&nbsp;v&nbsp;Alze. [\/perex] D\u011bji\u0161t\u011bm prvn\u00edho [&hellip;]","protected":false},"author":292,"featured_media":77353,"comment_status":"closed","ping_status":"open","sticky":false,"template":"","format":"standard","meta":[],"categories":[34],"tags":[106,83],"_links":{"self":[{"href":"https:\/\/www.praha7.cz\/api\/wp\/v2\/posts\/77351"}],"collection":[{"href":"https:\/\/www.praha7.cz\/api\/wp\/v2\/posts"}],"about":[{"href":"https:\/\/www.praha7.cz\/api\/wp\/v2\/types\/post"}],"author":[{"embeddable":true,"href":"https:\/\/www.praha7.cz\/api\/wp\/v2\/users\/292"}],"replies":[{"embeddable":true,"href":"https:\/\/www.praha7.cz\/api\/wp\/v2\/comments?post=77351"}],"version-history":[{"count":7,"href":"https:\/\/www.praha7.cz\/api\/wp\/v2\/posts\/77351\/revisions"}],"predecessor-version":[{"id":77366,"href":"https:\/\/www.praha7.cz\/api\/wp\/v2\/posts\/77351\/revisions\/77366"}],"wp:featuredmedia":[{"embeddable":true,"href":"https:\/\/www.praha7.cz\/api\/wp\/v2\/media\/77353"}],"wp:attachment":[{"href":"https:\/\/www.praha7.cz\/api\/wp\/v2\/media?parent=77351"}],"wp:term":[{"taxonomy":"category","embeddable":true,"href":"https:\/\/www.praha7.cz\/api\/wp\/v2\/categories?post=77351"},{"taxonomy":"post_tag","embeddable":true,"href":"https:\/\/www.praha7.cz\/api\/wp\/v2\/tags?post=77351"}],"curies":[{"name":"wp","href":"https:\/\/api.w.org\/{rel}","templated":true}]}}