    
{"id":77250,"date":"2024-06-24T15:03:21","date_gmt":"2024-06-24T13:03:21","guid":{"rendered":"https:\/\/www.praha7.cz\/?p=77250"},"modified":"2024-07-01T11:34:43","modified_gmt":"2024-07-01T09:34:43","slug":"probehla-komentovana-prochazka-ulici-jankovcova","status":"publish","type":"post","link":"https:\/\/www.praha7.cz\/probehla-komentovana-prochazka-ulici-jankovcova\/","title":{"rendered":"Prob\u011bhla komentovan\u00e1 proch\u00e1zka ulic\u00ed Jankovcova"},"content":{"rendered":"<p>[perex]<\/p>\r\n<p>Ve st\u0159edu 12.&nbsp;\u010dervna 2024 se od 18 hodin uskute\u010dnila komentovan\u00e1 proch\u00e1zka ulic\u00ed Jankovcova. Ob\u010dan\u00e9 se mohli dotazovat na podrobnosti projektu zpracovan\u00e9ho TSK HMP (MHMP) starosty Jana \u010ci\u017einsk\u00e9ho, m\u00edstostarosty pro dopravu a&nbsp;strategick\u00e9 projekty Pavla Zelenky \u010di m\u00edstostarostky pro \u00fazemn\u00ed rozvoj Lenky Burgerov\u00e9, kter\u00e1 spole\u010dn\u011b se z\u00e1stupcem Odboru rozvoje a&nbsp;p\u00e9\u010de o&nbsp;ve\u0159ejn\u00fd prostor M\u010c P7 popisovala navr\u017een\u00fd projekt a&nbsp;s&nbsp;n\u00edm spojen\u00e9 prom\u011bny dot\u010den\u00e9ho \u00fazem\u00ed v\u010detn\u011b budovan\u00e9 linie protipovod\u0148ov\u00e9 ochrany.<\/p>\r\n<p>[\/perex]<\/p>\r\n<p>Proch\u00e1zka byla vedena \u00fasekem od \u00fast\u00ed ulice P\u0159\u00edvozn\u00ed a\u017e po k\u0159i\u017eovatku s&nbsp;ulic\u00ed U&nbsp;Vody. Revitalizace t\u00e9to \u010d\u00e1sti je pro svou neut\u011b\u0161enost pro Prahu 7 v&nbsp;r\u00e1mci projektu prioritou. Nej\u010dast\u011bj\u0161\u00ed dotazy, kter\u00e9 od zhruba 20 \u00fa\u010dastn\u00edk\u016f z&nbsp;\u0159ad ve\u0159ejnosti \u010di zastupitel\u016f zazn\u011bly, byly orientov\u00e1ny na v\u00fdvoj projektu od roku 2019 a&nbsp;term\u00edn jeho realizace, majetkov\u00e9 z\u00e1le\u017eitosti, uspo\u0159\u00e1d\u00e1n\u00ed a&nbsp;kapacity parkovac\u00edch st\u00e1n\u00ed, \u010di komplexn\u00ed \u0159e\u0161en\u00ed a&nbsp;dimenzov\u00e1n\u00ed dopravn\u00ed situace (v\u010detn\u011b cyklodopravy) v&nbsp;tomto \u00faseku nejen v&nbsp;kontextu pl\u00e1novan\u00e9 v\u00fdstavby nov\u00e9 Z\u0160 Jana Vod\u0148ansk\u00e9ho.<\/p>\r\n<p><img loading=\"lazy\" src=\"https:\/\/www.praha7.cz\/wp-content\/uploads\/2024\/06\/prochazka-Jankovcova-lidi-1500x905.jpg\" alt=\"\" width=\"640\" height=\"386\" class=\"alignnone size-large wp-image-77253\" srcset=\"https:\/\/www.praha7.cz\/wp-content\/uploads\/2024\/06\/prochazka-Jankovcova-lidi-1500x905.jpg 1500w, https:\/\/www.praha7.cz\/wp-content\/uploads\/2024\/06\/prochazka-Jankovcova-lidi-600x362.jpg 600w, https:\/\/www.praha7.cz\/wp-content\/uploads\/2024\/06\/prochazka-Jankovcova-lidi-768x463.jpg 768w, https:\/\/www.praha7.cz\/wp-content\/uploads\/2024\/06\/prochazka-Jankovcova-lidi-1536x927.jpg 1536w, https:\/\/www.praha7.cz\/wp-content\/uploads\/2024\/06\/prochazka-Jankovcova-lidi-2048x1235.jpg 2048w\" sizes=\"(max-width: 640px) 100vw, 640px\" \/><\/p>\r\n<p>Dal\u0161\u00ed ot\u00e1zky se t\u00fdkaly detail\u016f \u0159e\u0161en\u00ed konkr\u00e9tn\u00edch \u00fasek\u016f. Zastupitel Ji\u0159\u00ed Hejnic zm\u00ednil petici za zachov\u00e1n\u00ed pod\u00e9ln\u00fdch parkovac\u00edch st\u00e1n\u00ed u&nbsp;ulice P\u0159\u00edstavn\u00ed, kter\u00e9 ze strany M\u010c nebylo vyhov\u011bno, na co\u017e bylo reagov\u00e1no up\u0159esn\u011bn\u00edm detail\u016f projektu P\u0159\u00edvozn\u00ed ulice se za\u0159azen\u00edm tak\u00e9 kolm\u00fdch parkovac\u00edch st\u00e1n\u00ed. M\u00edstostarosta Pavel Zelenka, kter\u00fd reagoval zejm\u00e9na na dotazy k&nbsp;doprav\u011b, osv\u011btlil sou\u010dasn\u00fd stav projektu a&nbsp;d\u016fvody jeho pozdr\u017een\u00ed (p\u0159ed\u00e1n\u00ed projektu na Stavebn\u00ed \u00fa\u0159ad a&nbsp;odvol\u00e1n\u00ed spole\u010dnosti \u010cesk\u00e9 p\u0159\u00edstavy). Lenka Burgerov\u00e1 vysv\u011btlila, \u017ee M\u010c P7 za\u017e\u00e1dala o&nbsp;rozd\u011blen\u00ed projektu do dvou f\u00e1z\u00ed, nyn\u00ed se tedy \u010dek\u00e1 na vy\u0159\u00edzen\u00ed odvol\u00e1n\u00ed a&nbsp;vyd\u00e1n\u00ed \u00fazemn\u00edho rozhodnut\u00ed, kter\u00e9 \u0159adu aspekt\u016f projektu p\u0159esn\u011bji definuje. V&nbsp;\u00fazemn\u00edm pl\u00e1nu je s&nbsp;\u00fapravou po\u010d\u00edt\u00e1no.<\/p>\r\n<p>Starosta \u010ci\u017einsk\u00fd osv\u011btlil postup p\u0159\u00edpravy projektu, kter\u00fd je v&nbsp;gesci MHMP, a&nbsp;role M\u010c Praha jako jednoho z&nbsp;\u00fa\u010dastn\u00edk\u016f \u0159\u00edzen\u00ed s&nbsp;mo\u017enost\u00ed pod\u00e1vat p\u0159ipom\u00ednky. Praha&nbsp;7 nem\u00e1 mo\u017enost hradit takovouto rekonstrukci (ve v\u00fd\u0161i cca 100 milion\u016f K\u010d) ze sv\u00e9ho rozpo\u010dtu. C\u00edlem M\u010c P7 je v\u00fdb\u011br prioritn\u00edho revitalizovan\u00e9ho \u00faseku, kvalitn\u00ed komplexn\u00ed \u00faprava ve\u0159ejn\u00e9ho prostoru, jasn\u011bji vymezen\u00e1 ulice, vybudov\u00e1n\u00ed maxim\u00e1ln\u00edho po\u010dtu parkovac\u00edch st\u00e1n\u00ed pro rezidenty i&nbsp;obchodn\u00ed jednotky, komfortn\u00ed prostor pro autobusovou zast\u00e1vku \u010di dostate\u010dn\u00e1 zele\u0148. M\u010c P7 mus\u00ed respektovat zp\u0159\u00edsn\u011bn\u00ed p\u0159edpis\u016f a&nbsp;novou metodiku nejen pro bezmotorovou dopravu , kter\u00e1 se od momentu schv\u00e1len\u00ed projektu zm\u011bnila. Cestou k&nbsp;rychlej\u0161\u00ed realizaci je dle slov starosty Prahy&nbsp;7 vyvinut\u00ed spole\u010dn\u00e9ho tlaku na MHMP.<\/p>\r\n<p>N\u00e1sledn\u011b byl prostor pro dal\u0161\u00ed diskusi \u010di dotazy. Proch\u00e1zka byla ukon\u010dena v&nbsp;cca 19.30.<\/p>\r\n<p>Z\u00e1jemci mohli zanechat sv\u016fj e-mailov\u00fd kontakt, na n\u011bj\u017e jim byly n\u00e1sledn\u011b zasl\u00e1ny po\u017eadovan\u00e9 podklady.<\/p>\r\n<p>&nbsp;<\/p>","protected":false},"excerpt":{"rendered":"[perex] Ve st\u0159edu 12.&nbsp;\u010dervna 2024 se od 18 hodin uskute\u010dnila komentovan\u00e1 proch\u00e1zka ulic\u00ed Jankovcova. Ob\u010dan\u00e9 se mohli dotazovat na podrobnosti projektu zpracovan\u00e9ho TSK HMP (MHMP) starosty Jana \u010ci\u017einsk\u00e9ho, m\u00edstostarosty pro dopravu a&nbsp;strategick\u00e9 projekty Pavla Zelenky \u010di m\u00edstostarostky pro \u00fazemn\u00ed rozvoj Lenky Burgerov\u00e9, kter\u00e1 spole\u010dn\u011b se z\u00e1stupcem Odboru rozvoje a&nbsp;p\u00e9\u010de o&nbsp;ve\u0159ejn\u00fd prostor M\u010c P7 popisovala navr\u017een\u00fd [&hellip;]","protected":false},"author":251,"featured_media":77252,"comment_status":"closed","ping_status":"open","sticky":false,"template":"","format":"standard","meta":[],"categories":[34],"tags":[125,110],"_links":{"self":[{"href":"https:\/\/www.praha7.cz\/api\/wp\/v2\/posts\/77250"}],"collection":[{"href":"https:\/\/www.praha7.cz\/api\/wp\/v2\/posts"}],"about":[{"href":"https:\/\/www.praha7.cz\/api\/wp\/v2\/types\/post"}],"author":[{"embeddable":true,"href":"https:\/\/www.praha7.cz\/api\/wp\/v2\/users\/251"}],"replies":[{"embeddable":true,"href":"https:\/\/www.praha7.cz\/api\/wp\/v2\/comments?post=77250"}],"version-history":[{"count":4,"href":"https:\/\/www.praha7.cz\/api\/wp\/v2\/posts\/77250\/revisions"}],"predecessor-version":[{"id":77533,"href":"https:\/\/www.praha7.cz\/api\/wp\/v2\/posts\/77250\/revisions\/77533"}],"wp:featuredmedia":[{"embeddable":true,"href":"https:\/\/www.praha7.cz\/api\/wp\/v2\/media\/77252"}],"wp:attachment":[{"href":"https:\/\/www.praha7.cz\/api\/wp\/v2\/media?parent=77250"}],"wp:term":[{"taxonomy":"category","embeddable":true,"href":"https:\/\/www.praha7.cz\/api\/wp\/v2\/categories?post=77250"},{"taxonomy":"post_tag","embeddable":true,"href":"https:\/\/www.praha7.cz\/api\/wp\/v2\/tags?post=77250"}],"curies":[{"name":"wp","href":"https:\/\/api.w.org\/{rel}","templated":true}]}}