    
{"id":77192,"date":"2024-06-24T18:17:03","date_gmt":"2024-06-24T16:17:03","guid":{"rendered":"https:\/\/www.praha7.cz\/?p=77192"},"modified":"2024-08-14T11:11:39","modified_gmt":"2024-08-14T09:11:39","slug":"doprava2024-leto","status":"publish","type":"post","link":"https:\/\/www.praha7.cz\/doprava2024-leto\/","title":{"rendered":"Dopravn\u00ed uzav\u00edrky od 29.&nbsp;\u010dervna"},"content":{"rendered":"<p>[perex]<\/p>\r\n<p>V l\u00e9t\u011b vstupuj\u00ed do dal\u0161\u00ed f\u00e1ze velk\u00e9 stavebn\u00ed akce s&nbsp;v\u00fdznamn\u00fdmi dopady na pr\u016fjezdnost hlavn\u00edch ulic Dukelsk\u00fdch hrdin\u016f, U&nbsp;V\u00fdstavi\u0161t\u011b, Bubensk\u00e1 a&nbsp;dal\u0161\u00edch komunikac\u00ed. Od 29.&nbsp;\u010dervna 2024 za\u010d\u00edn\u00e1 dlouho avizovan\u00e1 kompletn\u00ed v\u00fdluka v&nbsp;ulici Dukelsk\u00fdch hrdin\u016f, kter\u00e1 proch\u00e1z\u00ed celkovou rekonstrukc\u00ed. Dopravn\u00ed omezen\u00ed se zde dotkne tramvaj\u00ed i&nbsp;aut. Uzav\u0159ena bude tak\u00e9 k\u0159i\u017eovatka s&nbsp;ulic\u00ed Veletr\u017en\u00ed. Pr\u00e1ce z\u00e1rove\u0148 pokra\u010duj\u00ed v&nbsp;ulici Bubensk\u00e1. Aktu\u00e1ln\u00ed p\u0159ehled dopravn\u00edch uzav\u00edrek, napl\u00e1novan\u00fdch na l\u00e9to, najdete v&nbsp;\u010dl\u00e1nku n\u00ed\u017ee. Pr\u00e1ce a&nbsp;s&nbsp;nimi spojen\u00e9 v\u00fdluky pak budou d\u00e1le pokra\u010dovat i&nbsp;na podzim. Informace budeme pr\u016fb\u011b\u017en\u011b dopl\u0148ovat na z\u00e1klad\u011b aktualizace \u00fadaj\u016f a&nbsp;harmonogram\u016f od jednotliv\u00fdch zhotovitel\u016f stavebn\u00edch akc\u00ed. Napl\u00e1novan\u00e9 term\u00edny se mohou v&nbsp;pr\u016fb\u011bhu realizace m\u011bnit.<\/p>\r\n<p>D\u011bkujeme za pochopen\u00ed a&nbsp;trp\u011blivost. \u00a0<\/p>\r\n<p>[\/perex]<\/p>\r\n<h3>Dukelsk\u00fdch hrdin\u016f \u2013 U&nbsp;V\u00fdstavi\u0161t\u011b<\/h3>\r\n<p>Ulice proch\u00e1z\u00ed kompletn\u00ed rekonstrukc\u00ed \u201eod fas\u00e1dy k&nbsp;fas\u00e1d\u011b\u201c, kterou realizuj\u00ed TSK, Dopravn\u00ed podnik, Pra\u017esk\u00e1 vodohospod\u00e1\u0159sk\u00e1 spole\u010dnost a&nbsp;dal\u0161\u00ed akt\u00e9\u0159i. Dosud zde v&nbsp;n\u011bkolika etap\u00e1ch prob\u00edhala p\u0159edev\u0161\u00edm rekonstrukce vodovod\u016f a&nbsp;p\u0159elo\u017eky dal\u0161\u00edch s\u00edt\u00ed, na kter\u00e9 od konce \u010dervna nav\u00e1\u017eou opravy tramvajov\u00e9 trati a&nbsp;d\u00e1le \u00fapravy zast\u00e1vek, p\u0159echod\u016f pro chodce, rekonstrukce komunikac\u00ed, chodn\u00edk\u016f, ve\u0159ejn\u00e9ho osv\u011btlen\u00ed revitalizace zelen\u011b a&nbsp;dal\u0161\u00ed.<\/p>\r\n<p><strong>Aktu\u00e1ln\u00ed etapy prac\u00ed<\/strong><\/p>\r\n<p><strong>29.&nbsp;6. \u2013 \u0159\u00edjen<\/strong>\u00a0Prob\u011bhne hlavn\u00ed \u010d\u00e1st prac\u00ed v\u00a0\u00faseku Strossmayerovo n\u00e1m\u011bst\u00ed \u2013 U&nbsp;V\u00fdstavi\u0161t\u011b, v\u010detn\u011b dot\u010den\u00fdch k\u0159i\u017eovatek.<\/p>\r\n<p><strong>29.&nbsp;6. \u2013 31.&nbsp;8.<\/strong>\u00a0Bude uzav\u0159ena k\u0159i\u017eovatka Dukelsk\u00fdch hrdin\u016f \u00d7 Veletr\u017en\u00ed<\/p>\r\n<p>Pr\u00e1ce budou v&nbsp;dot\u010den\u00e9 oblasti prob\u00edhat v&nbsp;pr\u016fb\u011bhu cel\u00e9ho roku. V&nbsp;n\u00e1sleduj\u00edc\u00edch f\u00e1z\u00edch se d\u00e1le p\u0159esunou tak\u00e9 do ulice U&nbsp;V\u00fdstavi\u0161t\u011b a&nbsp;k&nbsp;tramvajov\u00e9 smy\u010dce u&nbsp;Stromovky. Navazuj\u00edc\u00ed etapy a&nbsp;s&nbsp;nimi spojen\u00e9 v\u00fdluky budou up\u0159es\u0148ov\u00e1ny.<\/p>\r\n<p>&nbsp;<\/p>\r\n<h3>Bubensk\u00e1<\/h3>\r\n<p>Od po\u010d\u00e1tku roku v&nbsp;ulici Bubensk\u00e1 prob\u00edhaj\u00ed pr\u00e1ce na odstran\u011bn\u00ed \u017eelezni\u010dn\u00edho p\u0159ejezdu, v\u00fdstavb\u011b nov\u00e9ho \u017eelezni\u010dn\u00edho mostu, rekonstrukci vodovodu a&nbsp;p\u0159elo\u017eek dal\u0161\u00edch uli\u010dn\u00edch s\u00edt\u00ed a&nbsp;n\u00e1sledn\u00fdch \u00faprav cel\u00e9ho uli\u010dn\u00edho prostoru. Po dobu t\u011bchto prac\u00ed plat\u00ed \u00fapln\u00e1 uzav\u00edrka ul. Bubensk\u00e1 v&nbsp;\u00faseku \u0160im\u00e1\u010dkova\u2013\u017delezni\u010d\u00e1\u0159\u016f. <strong>Pr\u00e1ce budou dokon\u010deny do 31.&nbsp;7.<\/strong><\/p>\r\n<p><strong>Pr\u00e1ce v&nbsp;\u00faseku Veletr\u017en\u00ed\u2013\u0160im\u00e1\u010dkova<\/strong><\/p>\r\n<p><strong>1.\u201321.&nbsp;7.<\/strong>\u00a0Rekonstrukce vozovky v&nbsp;ulici Bubensk\u00e1 v&nbsp;\u00faseku mezi ulicemi Veletr\u017en\u00ed a&nbsp;\u0160im\u00e1\u010dkova. B\u011bhem t\u011bchto prac\u00ed dojde ke kompletn\u00ed v\u00fdm\u011bn\u011b asfaltov\u00fdch vrstev vozovky, k&nbsp;lok\u00e1ln\u00ed sanaci podlo\u017e\u00ed a&nbsp;dal\u0161\u00edm \u00faprav\u00e1m. Stavebn\u00ed pr\u00e1ce jsou koordinov\u00e1ny se Spr\u00e1vou \u017eeleznic a&nbsp;mus\u00ed prob\u011bhnout v&nbsp;r\u00e1mci uzav\u00edrky \u017eelezni\u010dn\u00edho p\u0159ejezdu v&nbsp;Bubensk\u00e9 ulici. Komunikace bude po dobu prac\u00ed uzav\u0159ena. Parkovac\u00ed m\u00edsta budou p\u0159esunuta do ul. \u0160im\u00e1\u010dkova v&nbsp;\u00faseku mezi ulicemi U&nbsp;Smaltovny a&nbsp;Bubensk\u00e1.<\/p>\r\n<p><strong>Pr\u00e1ce v&nbsp;k\u0159i\u017eovatce Bubensk\u00e1 \u00d7 Veletr\u017en\u00ed<\/strong><\/p>\r\n<p><strong>1.\u201311.&nbsp;8.<\/strong>\u00a0B\u011bhem prac\u00ed v&nbsp;k\u0159i\u017eovatce Bubensk\u00e1 \u00d7 Veletr\u017en\u00ed bude v&nbsp;ul. Bubensk\u00e1 v&nbsp;\u00faseku mezi ulicemi He\u0159manova\u2013Veletr\u017en\u00ed umo\u017en\u011bn provoz pouze ve sm\u011bru z&nbsp;centra. Po 11.&nbsp;8.&nbsp;ji\u017e bude ul. Bubensk\u00e1 kompletn\u011b pr\u016fjezdn\u00e1. \u00a0<\/p>\r\n<p>&nbsp;<\/p>\r\n<h3>V\u00fdluka tramvaj\u00ed<\/h3>\r\n<p><strong>29.&nbsp;6. <\/strong>(p\u0159ibli\u017en\u011b 4.30 hodin) \u2013 <strong>2.&nbsp;9.<\/strong> (p\u0159ibli\u017en\u011b 4.30 hodin) bude z&nbsp;d\u016fvodu rekonstrukce tramvajov\u00e9 trati prob\u00edhat v\u00fdluka tramvaj\u00ed v&nbsp;\u00faseku Strossmayerovo n\u00e1m\u011bst\u00ed \u2013 V\u00fdstavi\u0161t\u011b. Pr\u00e1ce a&nbsp;s&nbsp;nimi spojen\u00e9 v\u00fdluky zde budou pokra\u010dovat i&nbsp;na podzim (pravd\u011bpodobn\u011b do konce \u0159\u00edjna), v&nbsp;dal\u0161\u00edch etap\u00e1ch se budou posouvat tak\u00e9 do ulice U&nbsp;V\u00fdstavi\u0161t\u011b sm\u011brem ke k\u0159i\u017eovatce Partyz\u00e1nsk\u00e1 \u00d7 Na Z\u00e1tor\u00e1ch. Tyto etapy v\u00fdluk tramvajov\u00e9 dopravy budou d\u00e1le up\u0159es\u0148ov\u00e1ny. <strong>\u00a0<\/strong><\/p>\r\n<p>Krom\u011b v\u00fdluky tramvaj\u00ed mezi Strossmayerov\u00fdm n\u00e1m\u011bst\u00edm a&nbsp;V\u00fdstavi\u0161t\u011bm se do letn\u00edho provozu MHD prom\u00edtnou tak\u00e9 dal\u0161\u00ed akce realizovan\u00e9 v\u00a0jin\u00fdch \u010d\u00e1stech Prahy. <strong>Kompletn\u00ed veden\u00ed tras jednotliv\u00fdch linek najdete na <a href=\"https:\/\/www.dpp.cz\/omezeni-a-mimoradne-udalosti\/detail\/23110\" target=\"_blank\" rel=\"noopener\">str\u00e1nk\u00e1ch DPP<\/a>.<\/strong>\u00a0<\/p>\r\n<p>Tiskovou zpr\u00e1vu DPP k&nbsp;rekonstrukci tramvajov\u00e9 trati v&nbsp;ul. Dukelsk\u00fdch hrdin\u016f si m\u016f\u017eete p\u0159e\u010d\u00edst <a href=\"https:\/\/www.dpp.cz\/spolecnost\/pro-media\/tiskove-zpravy\/detail\/278_2678-dpp-o-letnich-prazdninach-zrekonstruuje-tramvajovou-trat-v-ulici-dukelskych-hrdinu-a-opravi-trat-v-nadrazni-ulici\" target=\"_blank\" rel=\"noopener\">ZDE<\/a>.<\/p>\r\n<p>&nbsp;<\/p>\r\n\r\n<figure id=\"attachment_77380\" aria-describedby=\"caption-attachment-77380\" style=\"width: 857px\" class=\"wp-caption alignnone\"><a href=\"https:\/\/www.praha7.cz\/wp-content\/uploads\/2024\/06\/mapka_tram_156.png\"><img loading=\"lazy\" src=\"https:\/\/www.praha7.cz\/wp-content\/uploads\/2024\/06\/mapka_tram_156.png\" alt=\"\" width=\"857\" height=\"586\" class=\"wp-image-77380\" srcset=\"https:\/\/www.praha7.cz\/wp-content\/uploads\/2024\/06\/mapka_tram_156.png 1375w, https:\/\/www.praha7.cz\/wp-content\/uploads\/2024\/06\/mapka_tram_156-585x400.png 585w, https:\/\/www.praha7.cz\/wp-content\/uploads\/2024\/06\/mapka_tram_156-768x525.png 768w\" sizes=\"(max-width: 857px) 100vw, 857px\" \/><\/a><figcaption id=\"caption-attachment-77380\" class=\"wp-caption-text\">Sch\u00e9ma provozu tramvaje a&nbsp;bus 156<\/figcaption><\/figure>\r\n\r\n<p>&nbsp;<\/p>\r\n<p><strong>Autobusov\u00e1 linka 156<\/strong><\/p>\r\n<p>V pr\u016fb\u011bhu letn\u00edch v\u00fdluk se m\u011bn\u00ed tak\u00e9 trasa linky 156, kter\u00e1 bude krom jin\u00e9ho do\u010dasn\u011b zaj\u00ed\u017ed\u011bt do oblasti Mal\u00e9ho Berl\u00edna. Zaveden bude v\u00edkendov\u00fd provoz.<\/p>\r\n<p><strong>V pracovn\u00ed dny<\/strong> bude linka 156 v&nbsp;provozu na\u00a0trase: N\u00e1dra\u017e\u00ed Hole\u0161ovice \u2026 Maniny \u2013 U&nbsp;Pr\u016fhonu \u2013 Osadn\u00ed \u2013 Vltavsk\u00e1 \u2013 Strossmayerovo n\u00e1m\u011bst\u00ed \u2013 OC Stromovka \u2013 V\u00fdstavi\u0161t\u011b \u2013 Mal\u00fd Berl\u00edn \u2013 \u0158ez\u00e1\u010dovo n\u00e1m\u011bst\u00ed \u2013 Bubensk\u00e1 \u2013 Vltavsk\u00e1 \u2013 Argentinsk\u00e1 \u2013 Osadn\u00ed \u2013 D\u011blnick\u00e1 \u2013 Maniny \u2026 N\u00e1dra\u017e\u00ed Hole\u0161ovice.<\/p>\r\n<p><strong>O v\u00edkendu<\/strong> na\u00a0trase: Vltavsk\u00e1 \u2013 Strossmayerovo n\u00e1m\u011bst\u00ed \u2013 Kamenick\u00e1 \u2013 OC Stromovka \u2013 V\u00fdstavi\u0161t\u011b \u2013 Mal\u00fd Berl\u00edn \u2013 \u0158ez\u00e1\u010dovo n\u00e1m\u011bst\u00ed \u2013 Bubensk\u00e1 \u2013 Vltavsk\u00e1.<\/p>\r\n<p>&nbsp;<\/p>\r\n\r\n<figure id=\"attachment_77267\" aria-describedby=\"caption-attachment-77267\" style=\"width: 640px\" class=\"wp-caption alignnone\"><a href=\"https:\/\/www.praha7.cz\/wp-content\/uploads\/2024\/06\/156-schema-provozu-1.jpg\"><img loading=\"lazy\" src=\"https:\/\/www.praha7.cz\/wp-content\/uploads\/2024\/06\/156-schema-provozu-1-1410x1000.jpg\" alt=\"\" width=\"640\" height=\"454\" class=\"wp-image-77267 size-large\" srcset=\"https:\/\/www.praha7.cz\/wp-content\/uploads\/2024\/06\/156-schema-provozu-1-1410x1000.jpg 1410w, https:\/\/www.praha7.cz\/wp-content\/uploads\/2024\/06\/156-schema-provozu-1-564x400.jpg 564w, https:\/\/www.praha7.cz\/wp-content\/uploads\/2024\/06\/156-schema-provozu-1-768x545.jpg 768w, https:\/\/www.praha7.cz\/wp-content\/uploads\/2024\/06\/156-schema-provozu-1-1536x1090.jpg 1536w, https:\/\/www.praha7.cz\/wp-content\/uploads\/2024\/06\/156-schema-provozu-1-2048x1453.jpg 2048w\" sizes=\"(max-width: 640px) 100vw, 640px\" \/><\/a><figcaption id=\"caption-attachment-77267\" class=\"wp-caption-text\">trasa linky 156 v&nbsp;oblasti Letn\u00e9<\/figcaption><\/figure>\r\n\r\n<p><strong>V t\u00e9to souvislosti tak\u00e9 upozor\u0148ujeme, \u017ee v\u0161echny autobusov\u00e9 a&nbsp;trolejbusov\u00e9 zast\u00e1vky v&nbsp;Praze budou od 29.&nbsp;6.&nbsp;2024 na znamen\u00ed. V\u00edce informac\u00ed najdete <a href=\"https:\/\/pid.cz\/vsechny-autobusove-a-trolejbusove-zastavky-budou-od-29-6-2024-na-znameni\/\" target=\"_blank\" rel=\"noopener\">ZDE<\/a>.<\/strong><\/p>\r\n<p>&nbsp;<\/p>\r\n<h3>Uzav\u00edrky pro auta<\/h3>\r\n<p><strong>Od 29.&nbsp;6.<\/strong> bude kompletn\u011b uzav\u0159ena ul. Dukelsk\u00fdch hrdin\u016f za ulic\u00ed Kosteln\u00ed a\u017e k&nbsp;V\u00fdstavi\u0161ti, v\u010detn\u011b k\u0159i\u017eovatek s&nbsp;ul. Veletr\u017en\u00ed a&nbsp;dal\u0161\u00edmi ulicemi, dopravn\u00ed omezen\u00ed pokra\u010duj\u00ed tak\u00e9 v&nbsp;ulici Bubensk\u00e1 (viz informace v\u00fd\u0161e). Uzav\u00edrka t\u011bchto dvou doprav\u011b v\u00fdznamn\u00fdch tah\u016f je v&nbsp;pr\u016fb\u011bhu \u010dervence realizovan\u00e1 soub\u011b\u017en\u011b, aby bylo mo\u017en\u00e9 pr\u00e1ce p\u0159in\u00e1\u0161ej\u00edc\u00ed nejv\u00edce zat\u011b\u017euj\u00edc\u00ed omezen\u00ed v&nbsp;co nejv\u011bt\u0161\u00edm rozsahu uskute\u010dnit b\u011bhem letn\u00edch pr\u00e1zdnin, kdy je v&nbsp;Praze ni\u017e\u0161\u00ed intenzita dopravy.<\/p>\r\n<p>B\u011bhem uveden\u00fdch v\u00fdluk, pros\u00edme, vyu\u017eijte obj\u00edzdn\u00fdch tras veden\u00fdch tunelov\u00fdm komplexem Blanka, ul. Argentinsk\u00e1, n\u00e1b\u0159e\u017en\u00edmi komunikacemi a&nbsp;Letensk\u00fdm tunelem.<\/p>\r\n<p>&nbsp;<\/p>\r\n<h3>P\u0159ehled uzav\u00edrek a&nbsp;obj\u00edzdn\u00fdch tras<\/h3>\r\n<p>&nbsp;<\/p>\r\n        <div class=\"collapse-block\">\r\n            <div class=\"card-header\" role=\"tab\" id=\"headingc5d75a4ee8dead7c11a2a8b696fa0ed08045a670\">\r\n                                    <h3 class=\"mb-0\">\r\n                        <a data-toggle=\"collapse\" href=\"#collapsec5d75a4ee8dead7c11a2a8b696fa0ed08045a670\" aria-controls=\"collapsec5d75a4ee8dead7c11a2a8b696fa0ed08045a670\">\r\n                            Sch\u00e9ma dopravy od 29. 6. do 31. 7.                            <i class=\"fa fa-2x fa-angle-down\" aria-hidden=\"true\"><\/i>\r\n                        <\/a>\r\n                    <\/h3>\r\n                                \r\n            <\/div>\r\n\r\n            <div id=\"collapsec5d75a4ee8dead7c11a2a8b696fa0ed08045a670\" class=\"collapse\" data-id=\"c5d75a4ee8dead7c11a2a8b696fa0ed08045a670\" role=\"tabpanel\" aria-labelledby=\"headingc5d75a4ee8dead7c11a2a8b696fa0ed08045a670\">\r\n                <div class=\"card-block\">\r\n    \r\n<p>Dukelsk\u00fdch hrdin\u016f \u2013 uzav\u00edrka od ul. Kosteln\u00ed po ul. U&nbsp;V\u00fdstavi\u0161t\u011b<\/p>\r\n<p>Bubensk\u00e1 \u2013 uzav\u0159ena od ul. Veletr\u017en\u00ed po ul. Strojnick\u00e1<\/p>\r\n<p>K\u0159i\u017eovatka Veletr\u017en\u00ed \u00d7 Dukelsk\u00fdch hrdin\u016f nepr\u016fjezdn\u00e1<\/p>\r\n<p><a href=\"https:\/\/www.praha7.cz\/wp-content\/uploads\/2024\/06\/Schema-dopravy-1.jpg\"><img loading=\"lazy\" src=\"https:\/\/www.praha7.cz\/wp-content\/uploads\/2024\/06\/Schema-dopravy-1-527x400.jpg\" alt=\"\" width=\"527\" height=\"400\" class=\"alignnone wp-image-77268 size-medium\" srcset=\"https:\/\/www.praha7.cz\/wp-content\/uploads\/2024\/06\/Schema-dopravy-1-527x400.jpg 527w, https:\/\/www.praha7.cz\/wp-content\/uploads\/2024\/06\/Schema-dopravy-1-1319x1000.jpg 1319w, https:\/\/www.praha7.cz\/wp-content\/uploads\/2024\/06\/Schema-dopravy-1-768x582.jpg 768w, https:\/\/www.praha7.cz\/wp-content\/uploads\/2024\/06\/Schema-dopravy-1-1536x1165.jpg 1536w, https:\/\/www.praha7.cz\/wp-content\/uploads\/2024\/06\/Schema-dopravy-1.jpg 1635w\" sizes=\"(max-width: 527px) 100vw, 527px\" \/><\/a><\/p>\r\n                <\/div>\r\n            <\/div>\r\n        <\/div>\r\n    \r\n        <div class=\"collapse-block\">\r\n            <div class=\"card-header\" role=\"tab\" id=\"heading1a266977ccb73f3506de0c5cf192f2993e58a1c6\">\r\n                                    <h3 class=\"mb-0\">\r\n                        <a data-toggle=\"collapse\" href=\"#collapse1a266977ccb73f3506de0c5cf192f2993e58a1c6\" aria-controls=\"collapse1a266977ccb73f3506de0c5cf192f2993e58a1c6\">\r\n                            Sch\u00e9ma dopravy od 1. 8. do 11. 8.                            <i class=\"fa fa-2x fa-angle-down\" aria-hidden=\"true\"><\/i>\r\n                        <\/a>\r\n                    <\/h3>\r\n                                \r\n            <\/div>\r\n\r\n            <div id=\"collapse1a266977ccb73f3506de0c5cf192f2993e58a1c6\" class=\"collapse\" data-id=\"1a266977ccb73f3506de0c5cf192f2993e58a1c6\" role=\"tabpanel\" aria-labelledby=\"heading1a266977ccb73f3506de0c5cf192f2993e58a1c6\">\r\n                <div class=\"card-block\">\r\n    \r\n<p>Dukelsk\u00fdch hrdin\u016f \u2013 uzav\u00edrka od ul. Kosteln\u00ed po ul. U&nbsp;V\u00fdstavi\u0161t\u011b<\/p>\r\n<p>Bubensk\u00e1 \u2013 jednosm\u011brn\u011b uzav\u0159ena ul. Veletr\u017en\u00ed po ul. He\u0159manova ve sm\u011bru k&nbsp;Hl\u00e1vkovu mostu<\/p>\r\n<p>K\u0159i\u017eovatka Veletr\u017en\u00ed \u00d7 Dukelsk\u00fdch hrdin\u016f nepr\u016fjezdn\u00e1<\/p>\r\n<p><a href=\"https:\/\/www.praha7.cz\/wp-content\/uploads\/2024\/06\/Schema-uzavirek-2.jpg\"><img loading=\"lazy\" src=\"https:\/\/www.praha7.cz\/wp-content\/uploads\/2024\/06\/Schema-uzavirek-2-527x400.jpg\" alt=\"\" width=\"527\" height=\"400\" class=\"alignnone size-medium wp-image-77286\" srcset=\"https:\/\/www.praha7.cz\/wp-content\/uploads\/2024\/06\/Schema-uzavirek-2-527x400.jpg 527w, https:\/\/www.praha7.cz\/wp-content\/uploads\/2024\/06\/Schema-uzavirek-2-1319x1000.jpg 1319w, https:\/\/www.praha7.cz\/wp-content\/uploads\/2024\/06\/Schema-uzavirek-2-768x582.jpg 768w, https:\/\/www.praha7.cz\/wp-content\/uploads\/2024\/06\/Schema-uzavirek-2-1536x1165.jpg 1536w, https:\/\/www.praha7.cz\/wp-content\/uploads\/2024\/06\/Schema-uzavirek-2.jpg 1635w\" sizes=\"(max-width: 527px) 100vw, 527px\" \/><\/a><\/p>\r\n                <\/div>\r\n            <\/div>\r\n        <\/div>\r\n    \r\n        <div class=\"collapse-block\">\r\n            <div class=\"card-header\" role=\"tab\" id=\"heading005878d22bc2578cc579f22545bbe9068268af0c\">\r\n                                    <h3 class=\"mb-0\">\r\n                        <a data-toggle=\"collapse\" href=\"#collapse005878d22bc2578cc579f22545bbe9068268af0c\" aria-controls=\"collapse005878d22bc2578cc579f22545bbe9068268af0c\">\r\n                            Sch\u00e9ma dopravy od 12. 8.                            <i class=\"fa fa-2x fa-angle-down\" aria-hidden=\"true\"><\/i>\r\n                        <\/a>\r\n                    <\/h3>\r\n                                \r\n            <\/div>\r\n\r\n            <div id=\"collapse005878d22bc2578cc579f22545bbe9068268af0c\" class=\"collapse\" data-id=\"005878d22bc2578cc579f22545bbe9068268af0c\" role=\"tabpanel\" aria-labelledby=\"heading005878d22bc2578cc579f22545bbe9068268af0c\">\r\n                <div class=\"card-block\">\r\n    \r\n<p>Dukelsk\u00fdch hrdin\u016f \u2013 uzav\u00edrka od ul. Kosteln\u00ed po ul. U&nbsp;V\u00fdstavi\u0161t\u011b<\/p>\r\n<p>K\u0159i\u017eovatka Veletr\u017en\u00ed \u00d7 Dukelsk\u00fdch hrdin\u016f nepr\u016fjezdn\u00e1 do 31.&nbsp;8.<\/p>\r\n<p><a href=\"https:\/\/www.praha7.cz\/wp-content\/uploads\/2024\/06\/Schema-uzavirek-3.jpg\"><img loading=\"lazy\" src=\"https:\/\/www.praha7.cz\/wp-content\/uploads\/2024\/06\/Schema-uzavirek-3-527x400.jpg\" alt=\"\" width=\"527\" height=\"400\" class=\"alignnone size-medium wp-image-77284\" srcset=\"https:\/\/www.praha7.cz\/wp-content\/uploads\/2024\/06\/Schema-uzavirek-3-527x400.jpg 527w, https:\/\/www.praha7.cz\/wp-content\/uploads\/2024\/06\/Schema-uzavirek-3-1319x1000.jpg 1319w, https:\/\/www.praha7.cz\/wp-content\/uploads\/2024\/06\/Schema-uzavirek-3-768x582.jpg 768w, https:\/\/www.praha7.cz\/wp-content\/uploads\/2024\/06\/Schema-uzavirek-3-1536x1165.jpg 1536w, https:\/\/www.praha7.cz\/wp-content\/uploads\/2024\/06\/Schema-uzavirek-3.jpg 1635w\" sizes=\"(max-width: 527px) 100vw, 527px\" \/><\/a><\/p>\r\n<p>&nbsp;<\/p>\r\n<p><strong>Od 18.&nbsp;8.&nbsp;dojde k&nbsp;uzav\u00edrce k\u0159i\u017eovatky Dukelsk\u00fdch hrdin\u016f x Strojnick\u00e1, tedy dojde ke zm\u011bn\u011b ve veden\u00ed dopravy v&nbsp;t\u00e9to lokalit\u011b. Podrobnosti se p\u0159ipravuj\u00ed.\u00a0<\/strong><\/p>\r\n                <\/div>\r\n            <\/div>\r\n        <\/div>\r\n    \r\n<p>&nbsp;<\/p>\r\n<p><strong>Informace pro parkuj\u00edc\u00ed v\u00a0gar\u00e1\u017e\u00edch a&nbsp;vnitrobloc\u00edch v\u00a0ul. Dukelsk\u00fdch hrdin\u016f<\/strong><\/p>\r\n<p>Pokud vyu\u017e\u00edv\u00e1te parkov\u00e1n\u00ed v\u00a0gar\u00e1\u017e\u00edch a&nbsp;ve vnitrobloc\u00edch v\u00a0uzav\u0159en\u00fdch \u010d\u00e1stech ulice Dukelsk\u00fdch hrdin\u016f, kontaktujte, pros\u00edm, Odbor dopravy \u00da\u0159adu M\u010c Praha&nbsp;7, kde s\u00a0v\u00e1mi pracovn\u00edci proberou mo\u017en\u00e9 varianty do\u010dasn\u00e9ho \u0159e\u0161en\u00ed. Ozv\u011bte se, pros\u00edm, na e-mail: <a href=\"mailto:auta@praha7.cz\">auta@praha7.cz<\/a><\/p>\r\n<hr \/>\r\n<h3>Omezen\u00ed tranzitn\u00ed dopravy v\u00a0oblasti Letn\u00e9<\/h3>\r\n<p>Nad r\u00e1mec v\u00fd\u0161e uveden\u00fdch uzav\u00edrek stanoven\u00fdch Magistr\u00e1tem hl. m. Prahy budou tak\u00e9 z&nbsp;rozhodnut\u00ed Odboru dopravy M\u010c Praha&nbsp;7 uzav\u0159eny vedlej\u0161\u00ed ulice na Letn\u00e9 ji\u017en\u011b od ulice Veletr\u017en\u00ed pro pr\u016fjezdnou dopravu. D\u016fvodem je snaha v&nbsp;maxim\u00e1ln\u00ed m\u00ed\u0159e nav\u00e9st tranzituj\u00edc\u00ed auta na obj\u00edzdn\u00e9 trasy a&nbsp;zamezit jim v&nbsp;pr\u016fjezdu ulicemi, kter\u00e9 nejsou stavebn\u011b a&nbsp;kapacitn\u011b uzp\u016fsobeny na vysokou dopravn\u00ed intenzitu, a&nbsp;tranzitn\u00ed doprava zde proto z\u00e1sadn\u00edm zp\u016fsobem ovliv\u0148uje bezpe\u010dnost provozu.\u00a0<\/p>\r\n<p>Odbor dopravy Prahy&nbsp;7 proto stanov\u00ed p\u0159echodnou \u00fapravu provozu spo\u010d\u00edvaj\u00edc\u00ed v&nbsp;osazen\u00ed zna\u010dek z\u00e1kaz vjezdu motorov\u00fdch vozidel mimo dopravn\u00ed obsluhu do ulic: Kosteln\u00ed (od ul. Kamenick\u00e1 k\u00a0ul. Muzejn\u00ed), Oveneck\u00e1, Kamenick\u00e1 (ji\u017en\u011b od ul. Veletr\u017en\u00ed) Ha\u0161kova, Fr. K\u0159\u00ed\u017eka a&nbsp;Nad \u0160tolou (u&nbsp;ul. Letohradsk\u00e1).<\/p>\r\n<p>M\u00edstn\u00ed dopravy se do\u010dasn\u00e1 \u00faprava nedotkne, jeliko\u017e v\u00a0r\u00e1mci dopravn\u00ed obsluhy je umo\u017en\u011bn vjezd zdej\u0161\u00edm obyvatel\u016fm, z\u00e1sobov\u00e1n\u00ed, taxislu\u017eb\u011b, oprav\u00e1\u0159\u016fm a\u00a0dal\u0161\u00ed c\u00edlov\u00e9 doprav\u011b.<\/p>\r\n<p>Opat\u0159en\u00ed bude v\u00a0platnosti do odvol\u00e1n\u00ed.<\/p>\r\n<hr \/>\r\n<h3>Stavebn\u00ed \u00fapravy odvod\u0148ovac\u00edch \u0161achet na Bubensk\u00e9m n\u00e1b\u0159e\u017e\u00ed<\/h3>\r\n<p>V r\u00e1mci modernizace \u017eelezni\u010dn\u00ed\u00a0 trati bude 1.&nbsp;\u010dervence zah\u00e1jena rekonstrukce, \u00faprava a&nbsp;v\u00fdstavba odvod\u0148ovac\u00edch \u0161achet v&nbsp;\u010d\u00e1sti Bubensk\u00e9ho n\u00e1b\u0159e\u017e\u00ed. Zachov\u00e1n bude pr\u016fjezd jedn\u00edm j\u00edzdn\u00edm pruhem z&nbsp;Hl\u00e1vkova mostu a&nbsp;jedn\u00edm j\u00edzdn\u00edm pruhem z&nbsp;n\u00e1b\u0159e\u017e\u00ed Kpt. Jaro\u0161e. Chodn\u00edk pod\u00e9l \u0159eky uzav\u0159en, pro chodce bude p\u0159ipravena obchoz\u00ed trasa.\u00a0<\/p>\r\n<p>Stavba je pl\u00e1nov\u00e1na do 20.&nbsp;prosince 2024, v\u00edce <a href=\"https:\/\/opravujeme.to\/action\/1826\/\" target=\"_blank\" rel=\"noopener\">zde<\/a>.<\/p>\r\n<p>&nbsp;<\/p>\r\n<hr \/>\r\n<p><strong>V\u00e1\u017een\u00ed ob\u010dan\u00e9, uv\u011bdomujeme si, \u017ee omezen\u00ed spojen\u00e1 s&nbsp;dopravn\u00edmi uzav\u00edrkami komplikuj\u00ed \u0159ad\u011b obyvatel \u017eivot a&nbsp;r\u00e1di bychom v\u0161echny ob\u010dany poprosili o&nbsp;trp\u011blivost. Proch\u00e1z\u00edme nyn\u00ed n\u00e1ro\u010dn\u00fdm obdob\u00edm, ale v\u00fdsledn\u00e9 \u00fapravy Praze 7 pomohou a&nbsp;v\u00fdznamn\u011b zlep\u0161\u00ed ve\u0159ejn\u00fd prostor, dopravn\u00ed obsluhu a&nbsp;kvalitu infrastruktury v&nbsp;na\u0161\u00ed \u010dtvrti do dal\u0161\u00edch let. D\u011bkujeme v\u00e1m za pochopen\u00ed.<\/strong><\/p>","protected":false},"excerpt":{"rendered":"[perex] V&nbsp;l\u00e9t\u011b vstupuj\u00ed do dal\u0161\u00ed f\u00e1ze velk\u00e9 stavebn\u00ed akce s&nbsp;v\u00fdznamn\u00fdmi dopady na pr\u016fjezdnost hlavn\u00edch ulic Dukelsk\u00fdch hrdin\u016f, U&nbsp;V\u00fdstavi\u0161t\u011b, Bubensk\u00e1 a&nbsp;dal\u0161\u00edch komunikac\u00ed. Od 29.&nbsp;\u010dervna 2024 za\u010d\u00edn\u00e1 dlouho avizovan\u00e1 kompletn\u00ed v\u00fdluka v&nbsp;ulici Dukelsk\u00fdch hrdin\u016f, kter\u00e1 proch\u00e1z\u00ed celkovou rekonstrukc\u00ed. Dopravn\u00ed omezen\u00ed se zde dotkne tramvaj\u00ed i&nbsp;aut. Uzav\u0159ena bude tak\u00e9 k\u0159i\u017eovatka s&nbsp;ulic\u00ed Veletr\u017en\u00ed. Pr\u00e1ce z\u00e1rove\u0148 pokra\u010duj\u00ed v&nbsp;ulici Bubensk\u00e1. [&hellip;]","protected":false},"author":251,"featured_media":77193,"comment_status":"closed","ping_status":"open","sticky":false,"template":"","format":"standard","meta":[],"categories":[36],"tags":[57],"_links":{"self":[{"href":"https:\/\/www.praha7.cz\/api\/wp\/v2\/posts\/77192"}],"collection":[{"href":"https:\/\/www.praha7.cz\/api\/wp\/v2\/posts"}],"about":[{"href":"https:\/\/www.praha7.cz\/api\/wp\/v2\/types\/post"}],"author":[{"embeddable":true,"href":"https:\/\/www.praha7.cz\/api\/wp\/v2\/users\/251"}],"replies":[{"embeddable":true,"href":"https:\/\/www.praha7.cz\/api\/wp\/v2\/comments?post=77192"}],"version-history":[{"count":29,"href":"https:\/\/www.praha7.cz\/api\/wp\/v2\/posts\/77192\/revisions"}],"predecessor-version":[{"id":78119,"href":"https:\/\/www.praha7.cz\/api\/wp\/v2\/posts\/77192\/revisions\/78119"}],"wp:featuredmedia":[{"embeddable":true,"href":"https:\/\/www.praha7.cz\/api\/wp\/v2\/media\/77193"}],"wp:attachment":[{"href":"https:\/\/www.praha7.cz\/api\/wp\/v2\/media?parent=77192"}],"wp:term":[{"taxonomy":"category","embeddable":true,"href":"https:\/\/www.praha7.cz\/api\/wp\/v2\/categories?post=77192"},{"taxonomy":"post_tag","embeddable":true,"href":"https:\/\/www.praha7.cz\/api\/wp\/v2\/tags?post=77192"}],"curies":[{"name":"wp","href":"https:\/\/api.w.org\/{rel}","templated":true}]}}