    
{"id":77184,"date":"2024-06-28T15:59:01","date_gmt":"2024-06-28T13:59:01","guid":{"rendered":"https:\/\/www.praha7.cz\/?p=77184"},"modified":"2024-07-02T12:16:00","modified_gmt":"2024-07-02T10:16:00","slug":"od-29-6-vsechny-autobusove-a-trolejbusove-zastavky-na-znameni","status":"publish","type":"post","link":"https:\/\/www.praha7.cz\/od-29-6-vsechny-autobusove-a-trolejbusove-zastavky-na-znameni\/","title":{"rendered":"Od 29.&nbsp;6.&nbsp;v\u0161echny autobusov\u00e9 a&nbsp;trolejbusov\u00e9 zast\u00e1vky na znamen\u00ed"},"content":{"rendered":"<p>[perex]<\/p>\r\n<p>Od 29.&nbsp;\u010dervna 2024 budou v\u0161echny autobusov\u00e9 a&nbsp;trolejbusov\u00e9 zast\u00e1vky Pra\u017esk\u00e9 integrovan\u00e9 dopravy na znamen\u00ed. P\u0159i v\u00fdstupu sta\u010d\u00ed stisknout tla\u010d\u00edtko. D\u016fkazem, \u017ee sign\u00e1l doputoval a\u017e k&nbsp;\u0159idi\u010di, je rozsv\u00edcen\u00ed displeje STOP nad dve\u0159mi nebo v&nbsp;p\u0159edn\u00ed \u010d\u00e1sti vozu. Nejde o&nbsp;\u017e\u00e1dnou novinku, toto pravidlo se ji\u017e osv\u011bd\u010dilo na v\u00edce ne\u017e 1&nbsp;000 zast\u00e1vk\u00e1ch v&nbsp;Praze a&nbsp;3&nbsp;000 ve St\u0159edo\u010desk\u00e9m kraji.<\/p>\r\n<p>[\/perex]<\/p>\r\n<p>Zaveden\u00edm pravidla se zjednodu\u0161\u00ed syst\u00e9m a&nbsp;sjednot\u00ed provoz. \u201eU\u017e nebudete muset \u0159e\u0161it, kde tla\u010d\u00edtko ma\u010dkat a&nbsp;kde ne. A&nbsp;nen\u00ed t\u0159eba m\u00edt obavy, inspirovali jsme se zku\u0161enostmi z&nbsp;jin\u00fdch m\u011bst, jako je Lond\u00fdn nebo V\u00edde\u0148, ale t\u0159eba i&nbsp;Jihlava nebo Bratislava, kde to funguje skv\u011ble. Nav\u00edc na rozd\u00edl od n\u011bkter\u00fdch m\u011bst nemus\u00edte pro zastaven\u00ed autobusu m\u00e1vat na \u0159idi\u010de, sta\u010d\u00ed st\u00e1t na zast\u00e1vce tak, aby v\u00e1s vid\u011bl,\u201c vzkazuje cestuj\u00edc\u00edm PID. Sn\u00ed\u017e\u00ed se po\u010det hl\u00e1\u0161en\u00ed v&nbsp;autobusech, emis\u00ed, hluku a&nbsp;zpo\u017ed\u011bn\u00ed. Pr\u00e1ce \u0159idi\u010d\u016f bude pohodln\u011bj\u0161\u00ed a&nbsp;doprava efektivn\u011bj\u0161\u00ed.\u00a0<\/p>\r\n<p>Podrobn\u00e9 informace <a href=\"https:\/\/pid.cz\/vsechny-autobusove-a-trolejbusove-zastavky-budou-od-29-6-2024-na-znameni\/\" target=\"_blank\" rel=\"noopener\">zde<\/a>.<\/p>\r\n<p>&nbsp;<\/p>","protected":false},"excerpt":{"rendered":"[perex] Od 29.&nbsp;\u010dervna 2024 budou v\u0161echny autobusov\u00e9 a&nbsp;trolejbusov\u00e9 zast\u00e1vky Pra\u017esk\u00e9 integrovan\u00e9 dopravy na znamen\u00ed. P\u0159i v\u00fdstupu sta\u010d\u00ed stisknout tla\u010d\u00edtko. D\u016fkazem, \u017ee sign\u00e1l doputoval a\u017e k&nbsp;\u0159idi\u010di, je rozsv\u00edcen\u00ed displeje STOP nad dve\u0159mi nebo v&nbsp;p\u0159edn\u00ed \u010d\u00e1sti vozu. Nejde o&nbsp;\u017e\u00e1dnou novinku, toto pravidlo se ji\u017e osv\u011bd\u010dilo na v\u00edce ne\u017e 1&nbsp;000 zast\u00e1vk\u00e1ch v&nbsp;Praze a&nbsp;3&nbsp;000 ve St\u0159edo\u010desk\u00e9m kraji. [\/perex] Zaveden\u00edm [&hellip;]","protected":false},"author":251,"featured_media":77517,"comment_status":"closed","ping_status":"open","sticky":false,"template":"","format":"standard","meta":[],"categories":[34],"tags":[57],"_links":{"self":[{"href":"https:\/\/www.praha7.cz\/api\/wp\/v2\/posts\/77184"}],"collection":[{"href":"https:\/\/www.praha7.cz\/api\/wp\/v2\/posts"}],"about":[{"href":"https:\/\/www.praha7.cz\/api\/wp\/v2\/types\/post"}],"author":[{"embeddable":true,"href":"https:\/\/www.praha7.cz\/api\/wp\/v2\/users\/251"}],"replies":[{"embeddable":true,"href":"https:\/\/www.praha7.cz\/api\/wp\/v2\/comments?post=77184"}],"version-history":[{"count":2,"href":"https:\/\/www.praha7.cz\/api\/wp\/v2\/posts\/77184\/revisions"}],"predecessor-version":[{"id":77518,"href":"https:\/\/www.praha7.cz\/api\/wp\/v2\/posts\/77184\/revisions\/77518"}],"wp:featuredmedia":[{"embeddable":true,"href":"https:\/\/www.praha7.cz\/api\/wp\/v2\/media\/77517"}],"wp:attachment":[{"href":"https:\/\/www.praha7.cz\/api\/wp\/v2\/media?parent=77184"}],"wp:term":[{"taxonomy":"category","embeddable":true,"href":"https:\/\/www.praha7.cz\/api\/wp\/v2\/categories?post=77184"},{"taxonomy":"post_tag","embeddable":true,"href":"https:\/\/www.praha7.cz\/api\/wp\/v2\/tags?post=77184"}],"curies":[{"name":"wp","href":"https:\/\/api.w.org\/{rel}","templated":true}]}}