    
{"id":77177,"date":"2024-06-21T08:59:48","date_gmt":"2024-06-21T06:59:48","guid":{"rendered":"https:\/\/www.praha7.cz\/?p=77177"},"modified":"2024-06-22T07:56:24","modified_gmt":"2024-06-22T05:56:24","slug":"varovani-pred-velmi-silnymi-bourkami","status":"publish","type":"post","link":"https:\/\/www.praha7.cz\/varovani-pred-velmi-silnymi-bourkami\/","title":{"rendered":"Varov\u00e1n\u00ed p\u0159ed extr\u00e9mn\u011b siln\u00fdmi bou\u0159kami"},"content":{"rendered":"<p>[perex]<\/p>\r\n<p><strong>POZOR: V\u00fdstraha \u010cHM\u00da aktualizov\u00e1na dnes od 16 do 19 hodin na extr\u00e9mn\u011b siln\u00e9 bou\u0159ky. Varov\u00e1n\u00ed p\u0159ed velmi siln\u00fdmi bou\u0159kami nad\u00e1le plat\u00ed do dne\u0161n\u00ed p\u016flnoci.<\/strong><\/p>\r\n<p>V p\u00e1tek 21.&nbsp;\u010dervna 2024 bude vrcholit p\u0159\u00edliv tropick\u00e9ho vzduchu od jihu. Teploty vzduchu m\u00edsty p\u0159ekro\u010d\u00ed tropickou t\u0159ic\u00edtku, zhruba v&nbsp;\u010dase 16\u201324 hodin o\u010dek\u00e1v\u00e1me v\u00fdskyt velmi siln\u00fdch bou\u0159ek doprov\u00e1zen\u00fdch n\u00e1razy v\u011btru kolem 90 km\/h, v\u011bt\u0161\u00edmi kroupami (pr\u016fm\u011br p\u0159es 2 cm) a&nbsp;p\u0159\u00edvalov\u00fdm de\u0161t\u011bm s&nbsp;kr\u00e1tkodob\u00fdmi \u00fahrny i&nbsp;kolem 50 mm. Pros\u00edm, bu\u010fte na sebe opatrn\u00ed, vyvarujte se pohybu v&nbsp;parc\u00edch a&nbsp;dal\u0161\u00edch m\u00edstech, kde m\u016f\u017ee hrozit p\u00e1d strom\u016f, zabezpe\u010dte okna, dve\u0159e a&nbsp;p\u0159edm\u011bty na balkonech. Aktu\u00e1ln\u00edmu po\u010das\u00ed pros\u00edm p\u0159izp\u016fsobte pohyb po ulic\u00edch i&nbsp;rychlost j\u00edzdy, sledujte dopravn\u00ed zpravodajstv\u00ed.\u00a0<\/p>\r\n<p>[\/perex]<\/p>\r\n<p>Aktu\u00e1ln\u00ed v\u00fdstrahy m\u016f\u017eete sledovat na <a href=\"https:\/\/www.chmi.cz\/files\/portal\/docs\/meteo\/om\/vystrahy\/index.html\" target=\"_blank\" rel=\"noopener\">webu \u010cHM\u00da<\/a> nebo v&nbsp;<a href=\"https:\/\/tinyurl.com\/FFICZ\" target=\"_blank\" rel=\"noopener\">aplikaci FFI<\/a>.<\/p>\r\n<p><img loading=\"lazy\" src=\"https:\/\/www.praha7.cz\/wp-content\/uploads\/2024\/06\/bour\u030cky-21-6.jpeg\" alt=\"\" width=\"1280\" height=\"720\" class=\"alignnone size-full wp-image-77178\" srcset=\"https:\/\/www.praha7.cz\/wp-content\/uploads\/2024\/06\/bour\u030cky-21-6.jpeg 1280w, https:\/\/www.praha7.cz\/wp-content\/uploads\/2024\/06\/bour\u030cky-21-6-600x338.jpeg 600w, https:\/\/www.praha7.cz\/wp-content\/uploads\/2024\/06\/bour\u030cky-21-6-768x432.jpeg 768w\" sizes=\"(max-width: 1280px) 100vw, 1280px\" \/><\/p>","protected":false},"excerpt":{"rendered":"[perex] POZOR: V\u00fdstraha \u010cHM\u00da aktualizov\u00e1na dnes od 16 do 19 hodin na extr\u00e9mn\u011b siln\u00e9 bou\u0159ky. Varov\u00e1n\u00ed p\u0159ed velmi siln\u00fdmi bou\u0159kami nad\u00e1le plat\u00ed do dne\u0161n\u00ed p\u016flnoci. V&nbsp;p\u00e1tek 21.&nbsp;\u010dervna 2024 bude vrcholit p\u0159\u00edliv tropick\u00e9ho vzduchu od jihu. Teploty vzduchu m\u00edsty p\u0159ekro\u010d\u00ed tropickou t\u0159ic\u00edtku, zhruba v&nbsp;\u010dase 16\u201324 hodin o\u010dek\u00e1v\u00e1me v\u00fdskyt velmi siln\u00fdch bou\u0159ek doprov\u00e1zen\u00fdch n\u00e1razy v\u011btru kolem [&hellip;]","protected":false},"author":251,"featured_media":67753,"comment_status":"closed","ping_status":"open","sticky":false,"template":"","format":"standard","meta":[],"categories":[34],"tags":[112],"_links":{"self":[{"href":"https:\/\/www.praha7.cz\/api\/wp\/v2\/posts\/77177"}],"collection":[{"href":"https:\/\/www.praha7.cz\/api\/wp\/v2\/posts"}],"about":[{"href":"https:\/\/www.praha7.cz\/api\/wp\/v2\/types\/post"}],"author":[{"embeddable":true,"href":"https:\/\/www.praha7.cz\/api\/wp\/v2\/users\/251"}],"replies":[{"embeddable":true,"href":"https:\/\/www.praha7.cz\/api\/wp\/v2\/comments?post=77177"}],"version-history":[{"count":5,"href":"https:\/\/www.praha7.cz\/api\/wp\/v2\/posts\/77177\/revisions"}],"predecessor-version":[{"id":77206,"href":"https:\/\/www.praha7.cz\/api\/wp\/v2\/posts\/77177\/revisions\/77206"}],"wp:featuredmedia":[{"embeddable":true,"href":"https:\/\/www.praha7.cz\/api\/wp\/v2\/media\/67753"}],"wp:attachment":[{"href":"https:\/\/www.praha7.cz\/api\/wp\/v2\/media?parent=77177"}],"wp:term":[{"taxonomy":"category","embeddable":true,"href":"https:\/\/www.praha7.cz\/api\/wp\/v2\/categories?post=77177"},{"taxonomy":"post_tag","embeddable":true,"href":"https:\/\/www.praha7.cz\/api\/wp\/v2\/tags?post=77177"}],"curies":[{"name":"wp","href":"https:\/\/api.w.org\/{rel}","templated":true}]}}