    
{"id":77172,"date":"2024-06-20T18:20:36","date_gmt":"2024-06-20T16:20:36","guid":{"rendered":"https:\/\/www.praha7.cz\/?p=77172"},"modified":"2024-06-28T10:22:44","modified_gmt":"2024-06-28T08:22:44","slug":"zveme-na-vystavu-obrazu-klary-korbelove","status":"publish","type":"post","link":"https:\/\/www.praha7.cz\/zveme-na-vystavu-obrazu-klary-korbelove\/","title":{"rendered":"Zveme na v\u00fdstavu obraz\u016f Kl\u00e1ry Korbelov\u00e9"},"content":{"rendered":"<p>[perex]<\/p>\r\n<p>Zveme v\u00e1s na v\u00fdstavu obraz\u016f Kl\u00e1ry Korbelov\u00e9 z&nbsp;cyklu Tudy cesta nevede. Vernis\u00e1\u017e prob\u011bhne v&nbsp;Galerii na Milad\u011b (Informa\u010dn\u00ed centrum M\u010c, Milady Hor\u00e1kov\u00e9 2)\u00a0 ve \u010dtvrtek 27.&nbsp;\u010dervna 2024 v&nbsp;16.30.<\/p>\r\n<p>[\/perex]<\/p>\r\n<p>Koncept v\u00fdstavy vych\u00e1z\u00ed z&nbsp;autor\u010diny ned\u00e1vn\u00e9 pouti do Santiaga de Compostela: 779 kilometr\u016f, hlad, zima a&nbsp;zni\u010den\u00fd nohy. Svoboda a&nbsp;\u0161t\u011bst\u00ed. V\u00fdstava v\u0161ak nen\u00ed jen cestopis, ale reflektuje dobu p\u0159ed pout\u00ed, b\u011bhem pouti i&nbsp;po n\u00ed. V\u00fdstavou se autorka sna\u017e\u00ed vyzvat div\u00e1ka k&nbsp;zamy\u0161len\u00ed nad sv\u00fdmi \u017eivotn\u00edmi prioritami.<\/p>\r\n<p>Kl\u00e1ra Korbelov\u00e1 studuje t\u0159et\u00edm rokem v&nbsp;ateli\u00e9ru Malba 1 pod veden\u00edm Roberta \u0160alandy na Akademii v\u00fdtvarn\u00fdch um\u011bn\u00ed.\u00a0<\/p>\r\n<p>V\u00fdstava bude k&nbsp;vid\u011bn\u00ed do 6.&nbsp;z\u00e1\u0159\u00ed 2024. Vstup voln\u00fd.<\/p>\r\n<p>&nbsp;<\/p>","protected":false},"excerpt":{"rendered":"[perex] Zveme v\u00e1s na v\u00fdstavu obraz\u016f Kl\u00e1ry Korbelov\u00e9 z&nbsp;cyklu Tudy cesta nevede. Vernis\u00e1\u017e prob\u011bhne v&nbsp;Galerii na Milad\u011b (Informa\u010dn\u00ed centrum M\u010c, Milady Hor\u00e1kov\u00e9 2)\u00a0 ve \u010dtvrtek 27.&nbsp;\u010dervna 2024 v&nbsp;16.30. [\/perex] Koncept v\u00fdstavy vych\u00e1z\u00ed z&nbsp;autor\u010diny ned\u00e1vn\u00e9 pouti do Santiaga de Compostela: 779 kilometr\u016f, hlad, zima a&nbsp;zni\u010den\u00fd nohy. Svoboda a&nbsp;\u0161t\u011bst\u00ed. V\u00fdstava v\u0161ak nen\u00ed jen cestopis, ale reflektuje dobu [&hellip;]","protected":false},"author":251,"featured_media":77173,"comment_status":"closed","ping_status":"open","sticky":false,"template":"","format":"standard","meta":[],"categories":[34],"tags":[106],"_links":{"self":[{"href":"https:\/\/www.praha7.cz\/api\/wp\/v2\/posts\/77172"}],"collection":[{"href":"https:\/\/www.praha7.cz\/api\/wp\/v2\/posts"}],"about":[{"href":"https:\/\/www.praha7.cz\/api\/wp\/v2\/types\/post"}],"author":[{"embeddable":true,"href":"https:\/\/www.praha7.cz\/api\/wp\/v2\/users\/251"}],"replies":[{"embeddable":true,"href":"https:\/\/www.praha7.cz\/api\/wp\/v2\/comments?post=77172"}],"version-history":[{"count":1,"href":"https:\/\/www.praha7.cz\/api\/wp\/v2\/posts\/77172\/revisions"}],"predecessor-version":[{"id":77174,"href":"https:\/\/www.praha7.cz\/api\/wp\/v2\/posts\/77172\/revisions\/77174"}],"wp:featuredmedia":[{"embeddable":true,"href":"https:\/\/www.praha7.cz\/api\/wp\/v2\/media\/77173"}],"wp:attachment":[{"href":"https:\/\/www.praha7.cz\/api\/wp\/v2\/media?parent=77172"}],"wp:term":[{"taxonomy":"category","embeddable":true,"href":"https:\/\/www.praha7.cz\/api\/wp\/v2\/categories?post=77172"},{"taxonomy":"post_tag","embeddable":true,"href":"https:\/\/www.praha7.cz\/api\/wp\/v2\/tags?post=77172"}],"curies":[{"name":"wp","href":"https:\/\/api.w.org\/{rel}","templated":true}]}}