    
{"id":77126,"date":"2024-06-20T14:37:28","date_gmt":"2024-06-20T12:37:28","guid":{"rendered":"https:\/\/www.praha7.cz\/?p=77126"},"modified":"2024-06-25T17:33:05","modified_gmt":"2024-06-25T15:33:05","slug":"tri-nove-stolpersteiny-na-sedmicce","status":"publish","type":"post","link":"https:\/\/www.praha7.cz\/tri-nove-stolpersteiny-na-sedmicce\/","title":{"rendered":"T\u0159i nov\u00e9 stolpersteiny na Sedmi\u010dce"},"content":{"rendered":"<p>[perex]<\/p>\r\n<p>Chodn\u00edky p\u0159ed domy v&nbsp;ulic\u00edch U&nbsp;Sparty 14 a&nbsp;U&nbsp;Pr\u016fhonu 30 od 19.&nbsp;\u010dervna 2024 p\u0159ipom\u00ednaj\u00ed t\u0159i ob\u011bti nacistick\u00e9ho re\u017eimu: JUDr. Ev\u017eena \u0160terna, Karla Seinera a&nbsp;Jind\u0159icha Seinera. Do dla\u017eby zde byly vsazeny stolpersteiny, doslova \u201ekameny, o&nbsp;kter\u00e9 je t\u0159eba klop\u00fdtnout\u201c (pohledem), dla\u017eebn\u00ed kostky s&nbsp;mosazn\u00fdm povrchem o&nbsp;rozm\u011bru 10 \u00d7 10 cm.\u00a0<\/p>\r\n<p>[\/perex]<\/p>\r\n<p>Vzpom\u00ednku na sv\u00e9ho prad\u011bde\u010dka Ev\u017eena \u0160terna, kter\u00fd \u017eil v&nbsp;ulici U&nbsp;Sparty 14, n\u00e1m poskytla jeho pravnu\u010dka Marina V. \u0160ternov\u00e1, kter\u00e1 byla spolu s&nbsp;dal\u0161\u00edmi p\u0159\u00edbuzn\u00fdmi inici\u00e1torkou instalace stolpersteinu.<\/p>\r\n<p><em>Ev\u017een \u0160tern byl \u010deskoslovensk\u00fd patriot a&nbsp;jeden ze zakladatel\u016f \u010deskoslovensk\u00e9ho soci\u00e1ln\u00edho z\u00e1konod\u00e1rstv\u00ed. Narodil se v&nbsp;roce 1889 v&nbsp;\u010cel\u00e1kovic\u00edch a&nbsp;jako gymnazi\u00e1ln\u00ed spolu\u017e\u00e1k a&nbsp;kamar\u00e1d Karla \u010capka pat\u0159il spolu s&nbsp;n\u00edm mezi Masarykovy p\u00e1te\u010dn\u00edky. Jeho man\u017eelka R\u016f\u017eena byla st\u0159edo\u0161kolsk\u00e1 profesorka \u010de\u0161tiny a&nbsp;p\u0159ekladatelka z&nbsp;francouz\u0161tiny a&nbsp;m\u011bli dv\u011b d\u011bti. Bydleli na pra\u017esk\u00e9 Letn\u00e9, odkud Ev\u017een chodil fandit na Spartu. Krom\u011b fotbalu Ev\u017een r\u00e1d cestoval a&nbsp;jezdil do p\u0159\u00edrody. Politicky zast\u00e1val humanistick\u00e9 a&nbsp;levicov\u00e9 politick\u00e9 postoje a&nbsp;byl \u010dlenem Soci\u00e1ln\u00ed demokracie. Je autorem z\u00e1kona o&nbsp;osmihodinov\u00e9 pracovn\u00ed dob\u011b, z\u00e1kona o&nbsp;z\u00e1vodn\u00edch v\u00fdborech nebo z\u00e1kona o&nbsp;placen\u00e9 dovolen\u00e9, jejich\u017e zn\u011bn\u00ed se u\u017e\u00edvalo a\u017e do konce 60.&nbsp;let a&nbsp;jimi\u017e se \u010ceskoslovensko v&nbsp;t\u00e9 dob\u011b za\u0159adilo mezi zem\u011b s&nbsp;nejvysp\u011blej\u0161\u00edm soci\u00e1ln\u00edm z\u00e1konod\u00e1rstv\u00edm. V&nbsp;letech 1921\u20131926 byl z\u00e1stupcem \u010ceskoslovenska ve spr\u00e1vn\u00ed rad\u011b Mezin\u00e1rodn\u00edho \u00fa\u0159adu pr\u00e1ce v&nbsp;\u017denev\u011b a&nbsp;po sv\u00e9m n\u00e1vratu zalo\u017eil \u00dast\u0159edn\u00ed soci\u00e1ln\u00ed poji\u0161\u0165ovnu v&nbsp;Praze (dne\u0161n\u00ed \u010cesk\u00e1 spr\u00e1va soci\u00e1ln\u00edho zabezpe\u010den\u00ed, \u010cSSZ).\u00a0<\/em><\/p>\r\n<p><em>\u00dasil\u00ed, kter\u00e9 v\u011bnoval zlep\u0161ov\u00e1n\u00ed \u010deskoslovensk\u00e9 spole\u010dnosti, z\u016fstalo nedocen\u011bno, nebo\u0165 s&nbsp;p\u0159\u00edchodem n\u011bmeck\u00e9 okupace byl st\u00edh\u00e1n pro sv\u016fj \u017eidovsk\u00fd p\u016fvod. P\u0159esto se rozhodl p\u0159idat k&nbsp;\u010desk\u00e9mu odboji a&nbsp;stal se \u010dlenem Peti\u010dn\u00edho v\u00fdboru V\u011brni z\u016fstaneme. V&nbsp;\u010dervenci 1942 jej v\u0161ak udali \u010de\u0161t\u00ed vlajka\u0159i. Byl zat\u010den, odvle\u010den do terez\u00ednsk\u00e9 Mal\u00e9 pevnosti a&nbsp;pot\u00e9 do koncentra\u010dn\u00edho t\u00e1bora v&nbsp;Mauthausenu, kde byl 12.&nbsp;listopadu 1942 zavra\u017ed\u011bn. S\u00e1m sebe definoval Ev\u017een \u0160tern jako socialistu, nebyl v\u0161ak v\u00fdhradn\u011b na stran\u011b ani proletari\u00e1tu ani bur\u017eoazie, ale v\u011b\u0159il ve spole\u010dnost tvo\u0159enou st\u0159edn\u00edm stavem \u2013 \u201eaby p\u0159\u00edli\u0161 odst\u0159ediv\u00e9 v\u00fdjimky dol\u016f i&nbsp;nahoru zmizely\u201c. Ve sv\u00fdch \u00favah\u00e1ch kladl na stejnou \u00farove\u0148 jak kulturn\u00ed vysp\u011blost, tak soci\u00e1ln\u00ed spravedlnost.<\/em><\/p>\r\n<p><img loading=\"lazy\" src=\"https:\/\/www.praha7.cz\/wp-content\/uploads\/2024\/06\/Evzen-Stern-1-1500x870.jpeg\" alt=\"\" width=\"640\" height=\"371\" class=\"alignnone size-large wp-image-77154\" srcset=\"https:\/\/www.praha7.cz\/wp-content\/uploads\/2024\/06\/Evzen-Stern-1-1500x870.jpeg 1500w, https:\/\/www.praha7.cz\/wp-content\/uploads\/2024\/06\/Evzen-Stern-1-600x348.jpeg 600w, https:\/\/www.praha7.cz\/wp-content\/uploads\/2024\/06\/Evzen-Stern-1-768x446.jpeg 768w, https:\/\/www.praha7.cz\/wp-content\/uploads\/2024\/06\/Evzen-Stern-1-1536x891.jpeg 1536w, https:\/\/www.praha7.cz\/wp-content\/uploads\/2024\/06\/Evzen-Stern-1-2048x1188.jpeg 2048w\" sizes=\"(max-width: 640px) 100vw, 640px\" \/><\/p>\r\n<p>\u00a0<img loading=\"lazy\" src=\"https:\/\/www.praha7.cz\/wp-content\/uploads\/2024\/06\/U-Sparty-1-1500x886.jpeg\" alt=\"\" width=\"640\" height=\"378\" class=\"alignnone size-large wp-image-77155\" srcset=\"https:\/\/www.praha7.cz\/wp-content\/uploads\/2024\/06\/U-Sparty-1-1500x886.jpeg 1500w, https:\/\/www.praha7.cz\/wp-content\/uploads\/2024\/06\/U-Sparty-1-600x355.jpeg 600w, https:\/\/www.praha7.cz\/wp-content\/uploads\/2024\/06\/U-Sparty-1-768x454.jpeg 768w, https:\/\/www.praha7.cz\/wp-content\/uploads\/2024\/06\/U-Sparty-1-1536x908.jpeg 1536w, https:\/\/www.praha7.cz\/wp-content\/uploads\/2024\/06\/U-Sparty-1-2048x1210.jpeg 2048w\" sizes=\"(max-width: 640px) 100vw, 640px\" \/><\/p>\r\n<hr \/>\r\n<p>V ulici U&nbsp;Pr\u016fhonu 30 byly osazeny dva stolpersteiny v\u011bnovan\u00e9 pam\u00e1tce Karla Seinera a&nbsp;Jind\u0159icha Seinera. Karel Seiner se narodil v&nbsp;roce 1901, zahynul 5.&nbsp;ledna 1945 v&nbsp;Dachau. Jind\u0159ich Seiner se narodil roku 1930, posledn\u00ed dosud zn\u00e1m\u00e1 zm\u00ednka o&nbsp;n\u011bm je z&nbsp;transportu z&nbsp;Terez\u00edna do Osv\u011btimi v&nbsp;\u0159\u00edjnu 1944. Pot\u00e9 zahynul, bylo mu pouh\u00fdch 14 let.<\/p>\r\n<p>Tyto stolpersteiny byly nainstalov\u00e1ny d\u00edky iniciativ\u011b Davida Knapa, kter\u00fd nen\u00ed p\u0159\u00edbuzn\u00fd ob\u011bt\u00ed, ov\u0161em v&nbsp;dom\u011b U&nbsp;Pr\u016fhonu 30 vyr\u016fstal a&nbsp;p\u0159\u00e1l si, aby Karel a&nbsp;Jind\u0159ich Seinerovi nebyli zapomenuti.\u00a0<\/p>\r\n<p><img loading=\"lazy\" src=\"https:\/\/www.praha7.cz\/wp-content\/uploads\/2024\/06\/Seinerovi-1500x836.jpeg\" alt=\"\" width=\"640\" height=\"357\" class=\"alignnone size-large wp-image-77146\" srcset=\"https:\/\/www.praha7.cz\/wp-content\/uploads\/2024\/06\/Seinerovi-1500x836.jpeg 1500w, https:\/\/www.praha7.cz\/wp-content\/uploads\/2024\/06\/Seinerovi-600x334.jpeg 600w, https:\/\/www.praha7.cz\/wp-content\/uploads\/2024\/06\/Seinerovi-768x428.jpeg 768w, https:\/\/www.praha7.cz\/wp-content\/uploads\/2024\/06\/Seinerovi-1536x856.jpeg 1536w, https:\/\/www.praha7.cz\/wp-content\/uploads\/2024\/06\/Seinerovi-2048x1142.jpeg 2048w\" sizes=\"(max-width: 640px) 100vw, 640px\" \/><\/p>\r\n<p><img loading=\"lazy\" src=\"https:\/\/www.praha7.cz\/wp-content\/uploads\/2024\/06\/U-Pruhonu-1500x978.jpeg\" alt=\"\" width=\"640\" height=\"417\" class=\"alignnone size-large wp-image-77147\" srcset=\"https:\/\/www.praha7.cz\/wp-content\/uploads\/2024\/06\/U-Pruhonu-1500x978.jpeg 1500w, https:\/\/www.praha7.cz\/wp-content\/uploads\/2024\/06\/U-Pruhonu-600x391.jpeg 600w, https:\/\/www.praha7.cz\/wp-content\/uploads\/2024\/06\/U-Pruhonu-768x501.jpeg 768w, https:\/\/www.praha7.cz\/wp-content\/uploads\/2024\/06\/U-Pruhonu-1536x1001.jpeg 1536w, https:\/\/www.praha7.cz\/wp-content\/uploads\/2024\/06\/U-Pruhonu.jpeg 1853w\" sizes=\"(max-width: 640px) 100vw, 640px\" \/><\/p>\r\n<hr \/>\r\n<p>\u201e\u010clov\u011bk je zapomenut pouze tehdy, kdy\u017e je zapomenuto jeho jm\u00e9no,\u201c p\u00ed\u0161e se v&nbsp;Talmudu. Stolpersteiny um\u00edst\u011bn\u00e9 p\u0159ed domovy ob\u011bt\u00ed uchov\u00e1vaj\u00ed pam\u011b\u0165 na osoby, kter\u00e9 zde kdysi \u017eily. V\u011bnujme jim p\u0159i proch\u00e1zen\u00ed ulicemi tichou vzpom\u00ednku.<\/p>\r\n<p><strong>V\u00edce o&nbsp;projektu v\u010detn\u011b mapy najdete <a href=\"https:\/\/stolpersteinecz.cz\/\" target=\"_blank\" rel=\"noopener\">zde<\/a>.<\/strong><\/p>\r\n<p>&nbsp;<\/p>","protected":false},"excerpt":{"rendered":"[perex] Chodn\u00edky p\u0159ed domy v&nbsp;ulic\u00edch U&nbsp;Sparty 14 a&nbsp;U&nbsp;Pr\u016fhonu 30 od 19.&nbsp;\u010dervna 2024 p\u0159ipom\u00ednaj\u00ed t\u0159i ob\u011bti nacistick\u00e9ho re\u017eimu: JUDr. Ev\u017eena \u0160terna, Karla Seinera a&nbsp;Jind\u0159icha Seinera. Do dla\u017eby zde byly vsazeny stolpersteiny, doslova \u201ekameny, o&nbsp;kter\u00e9 je t\u0159eba klop\u00fdtnout\u201c (pohledem), dla\u017eebn\u00ed kostky s&nbsp;mosazn\u00fdm povrchem o&nbsp;rozm\u011bru 10 \u00d7 10 cm.\u00a0 [\/perex] Vzpom\u00ednku na sv\u00e9ho prad\u011bde\u010dka Ev\u017eena \u0160terna, kter\u00fd \u017eil [&hellip;]","protected":false},"author":251,"featured_media":77145,"comment_status":"closed","ping_status":"open","sticky":false,"template":"","format":"standard","meta":[],"categories":[34],"tags":[106,110],"_links":{"self":[{"href":"https:\/\/www.praha7.cz\/api\/wp\/v2\/posts\/77126"}],"collection":[{"href":"https:\/\/www.praha7.cz\/api\/wp\/v2\/posts"}],"about":[{"href":"https:\/\/www.praha7.cz\/api\/wp\/v2\/types\/post"}],"author":[{"embeddable":true,"href":"https:\/\/www.praha7.cz\/api\/wp\/v2\/users\/251"}],"replies":[{"embeddable":true,"href":"https:\/\/www.praha7.cz\/api\/wp\/v2\/comments?post=77126"}],"version-history":[{"count":2,"href":"https:\/\/www.praha7.cz\/api\/wp\/v2\/posts\/77126\/revisions"}],"predecessor-version":[{"id":77326,"href":"https:\/\/www.praha7.cz\/api\/wp\/v2\/posts\/77126\/revisions\/77326"}],"wp:featuredmedia":[{"embeddable":true,"href":"https:\/\/www.praha7.cz\/api\/wp\/v2\/media\/77145"}],"wp:attachment":[{"href":"https:\/\/www.praha7.cz\/api\/wp\/v2\/media?parent=77126"}],"wp:term":[{"taxonomy":"category","embeddable":true,"href":"https:\/\/www.praha7.cz\/api\/wp\/v2\/categories?post=77126"},{"taxonomy":"post_tag","embeddable":true,"href":"https:\/\/www.praha7.cz\/api\/wp\/v2\/tags?post=77126"}],"curies":[{"name":"wp","href":"https:\/\/api.w.org\/{rel}","templated":true}]}}