    
{"id":76938,"date":"2024-06-13T09:25:05","date_gmt":"2024-06-13T07:25:05","guid":{"rendered":"https:\/\/www.praha7.cz\/?p=76938"},"modified":"2024-06-27T11:59:02","modified_gmt":"2024-06-27T09:59:02","slug":"den-pamatky-obeti-komunistickeho-rezimu-4","status":"publish","type":"post","link":"https:\/\/www.praha7.cz\/den-pamatky-obeti-komunistickeho-rezimu-4\/","title":{"rendered":"Den pam\u00e1tky ob\u011bt\u00ed komunistick\u00e9ho re\u017eimu"},"content":{"rendered":"<p>[perex]<\/p>\r\n<p>M\u010c Praha&nbsp;7 v\u00e1s zve na pietn\u00ed akt, p\u0159i n\u011bm\u017e uct\u00edme pam\u00e1tku ob\u011bt\u00ed komunistick\u00e9ho re\u017eimu a&nbsp;pam\u00e1tku JUDr. Milady Hor\u00e1kov\u00e9. Vzpom\u00ednkov\u00e1 ud\u00e1lost se uskute\u010dn\u00ed ve \u010dtvrtek 27.&nbsp;\u010dervna 2024 v&nbsp;11 hodin u&nbsp;pam\u011btn\u00ed desky JUDr. Milady Hor\u00e1kov\u00e9 v&nbsp;ulici Milady Hor\u00e1kov\u00e9 2.<\/p>\r\n<p>[\/perex]<\/p>","protected":false},"excerpt":{"rendered":"[perex] M\u010c Praha&nbsp;7 v\u00e1s zve na pietn\u00ed akt, p\u0159i n\u011bm\u017e uct\u00edme pam\u00e1tku ob\u011bt\u00ed komunistick\u00e9ho re\u017eimu a&nbsp;pam\u00e1tku JUDr. Milady Hor\u00e1kov\u00e9. Vzpom\u00ednkov\u00e1 ud\u00e1lost se uskute\u010dn\u00ed ve \u010dtvrtek 27.&nbsp;\u010dervna 2024 v&nbsp;11 hodin u&nbsp;pam\u011btn\u00ed desky JUDr. Milady Hor\u00e1kov\u00e9 v&nbsp;ulici Milady Hor\u00e1kov\u00e9 2. [\/perex]","protected":false},"author":251,"featured_media":67985,"comment_status":"closed","ping_status":"open","sticky":false,"template":"","format":"standard","meta":[],"categories":[34],"tags":[84],"_links":{"self":[{"href":"https:\/\/www.praha7.cz\/api\/wp\/v2\/posts\/76938"}],"collection":[{"href":"https:\/\/www.praha7.cz\/api\/wp\/v2\/posts"}],"about":[{"href":"https:\/\/www.praha7.cz\/api\/wp\/v2\/types\/post"}],"author":[{"embeddable":true,"href":"https:\/\/www.praha7.cz\/api\/wp\/v2\/users\/251"}],"replies":[{"embeddable":true,"href":"https:\/\/www.praha7.cz\/api\/wp\/v2\/comments?post=76938"}],"version-history":[{"count":1,"href":"https:\/\/www.praha7.cz\/api\/wp\/v2\/posts\/76938\/revisions"}],"predecessor-version":[{"id":76939,"href":"https:\/\/www.praha7.cz\/api\/wp\/v2\/posts\/76938\/revisions\/76939"}],"wp:featuredmedia":[{"embeddable":true,"href":"https:\/\/www.praha7.cz\/api\/wp\/v2\/media\/67985"}],"wp:attachment":[{"href":"https:\/\/www.praha7.cz\/api\/wp\/v2\/media?parent=76938"}],"wp:term":[{"taxonomy":"category","embeddable":true,"href":"https:\/\/www.praha7.cz\/api\/wp\/v2\/categories?post=76938"},{"taxonomy":"post_tag","embeddable":true,"href":"https:\/\/www.praha7.cz\/api\/wp\/v2\/tags?post=76938"}],"curies":[{"name":"wp","href":"https:\/\/api.w.org\/{rel}","templated":true}]}}