    
{"id":76915,"date":"2024-06-12T14:07:45","date_gmt":"2024-06-12T12:07:45","guid":{"rendered":"https:\/\/www.praha7.cz\/?p=76915"},"modified":"2024-06-12T14:12:03","modified_gmt":"2024-06-12T12:12:03","slug":"vysel-cervnovy-hobulet-2","status":"publish","type":"post","link":"https:\/\/www.praha7.cz\/vysel-cervnovy-hobulet-2\/","title":{"rendered":"Vy\u0161el \u010dervnov\u00fd Hobulet"},"content":{"rendered":"<p>[perex]<\/p>\r\n<p>\u201eM\u00e1me hodn\u011b zlomenin pa\u017en\u00edch kost\u00ed z&nbsp;p\u00e1ky v&nbsp;hospod\u011b,\u201c \u0159\u00edk\u00e1 v&nbsp;rozhovoru pro \u010dervnov\u00fd Hobulet ortoped Miroslav Sinkule. P\u0159e\u010dt\u011bte si v\u00edc o&nbsp;tom, jak se chovat ke sv\u00e9mu t\u011blu nebo jak p\u0159istupovat ke sportu. Hlavn\u00ed t\u00e9ma jsme v\u011bnovali finan\u010dn\u00ed gramotnosti, obl\u00edben\u00fd uli\u010dn\u00edk se vrac\u00ed u\u017e po\u010dtvrt\u00e9 do ulice Milady Hor\u00e1kov\u00e9. Nechyb\u011bj\u00ed ani tradi\u010dn\u00ed rubriky Stalo se, str\u00e1nka D\u011btem nebo Potk\u00e1v\u00e1me je.<\/p>\r\n<p>[\/perex]<\/p>\r\n<p>Hobuletem m\u016f\u017eete listovat tak\u00e9 <a href=\"https:\/\/zpravodaj.munipolis.cz\/praha7\/cerven-2024\/\" target=\"_blank\" rel=\"noopener\">online<\/a>. Ilustracemi toto \u010d\u00edslo doprovodil Miroslav Bart\u00e1k, fotografovala Hana Kn\u00ed\u017eov\u00e1.<\/p>\r\n<hr \/>\r\n<p>Nedorazil v\u00e1m Hobulet do schr\u00e1nky? Napi\u0161te n\u00e1m pros\u00edm na e-mail <a href=\"mailto:lopezp@praha7.cz\">lopezp@praha7.cz<\/a>, situaci prov\u011b\u0159\u00edme u&nbsp;doru\u010dovatele.<\/p>\r\n<p>Archiv m\u011bs\u00ed\u010dn\u00edku m\u011bstsk\u00e9 \u010d\u00e1sti Praha&nbsp;7 Hobulet najdete\u00a0<a href=\"https:\/\/www.praha7.cz\/hobulet\/archiv-hobuletu\/\">zde<\/a>.<\/p>","protected":false},"excerpt":{"rendered":"[perex] \u201eM\u00e1me hodn\u011b zlomenin pa\u017en\u00edch kost\u00ed z&nbsp;p\u00e1ky v&nbsp;hospod\u011b,\u201c \u0159\u00edk\u00e1 v&nbsp;rozhovoru pro \u010dervnov\u00fd Hobulet ortoped Miroslav Sinkule. P\u0159e\u010dt\u011bte si v\u00edc o&nbsp;tom, jak se chovat ke sv\u00e9mu t\u011blu nebo jak p\u0159istupovat ke sportu. Hlavn\u00ed t\u00e9ma jsme v\u011bnovali finan\u010dn\u00ed gramotnosti, obl\u00edben\u00fd uli\u010dn\u00edk se vrac\u00ed u\u017e po\u010dtvrt\u00e9 do ulice Milady Hor\u00e1kov\u00e9. Nechyb\u011bj\u00ed ani tradi\u010dn\u00ed rubriky Stalo se, str\u00e1nka D\u011btem [&hellip;]","protected":false},"author":251,"featured_media":76928,"comment_status":"closed","ping_status":"open","sticky":false,"template":"","format":"standard","meta":[],"categories":[34],"tags":[116],"_links":{"self":[{"href":"https:\/\/www.praha7.cz\/api\/wp\/v2\/posts\/76915"}],"collection":[{"href":"https:\/\/www.praha7.cz\/api\/wp\/v2\/posts"}],"about":[{"href":"https:\/\/www.praha7.cz\/api\/wp\/v2\/types\/post"}],"author":[{"embeddable":true,"href":"https:\/\/www.praha7.cz\/api\/wp\/v2\/users\/251"}],"replies":[{"embeddable":true,"href":"https:\/\/www.praha7.cz\/api\/wp\/v2\/comments?post=76915"}],"version-history":[{"count":2,"href":"https:\/\/www.praha7.cz\/api\/wp\/v2\/posts\/76915\/revisions"}],"predecessor-version":[{"id":76930,"href":"https:\/\/www.praha7.cz\/api\/wp\/v2\/posts\/76915\/revisions\/76930"}],"wp:featuredmedia":[{"embeddable":true,"href":"https:\/\/www.praha7.cz\/api\/wp\/v2\/media\/76928"}],"wp:attachment":[{"href":"https:\/\/www.praha7.cz\/api\/wp\/v2\/media?parent=76915"}],"wp:term":[{"taxonomy":"category","embeddable":true,"href":"https:\/\/www.praha7.cz\/api\/wp\/v2\/categories?post=76915"},{"taxonomy":"post_tag","embeddable":true,"href":"https:\/\/www.praha7.cz\/api\/wp\/v2\/tags?post=76915"}],"curies":[{"name":"wp","href":"https:\/\/api.w.org\/{rel}","templated":true}]}}