    
{"id":76869,"date":"2024-06-11T11:23:44","date_gmt":"2024-06-11T09:23:44","guid":{"rendered":"https:\/\/www.praha7.cz\/?p=76869"},"modified":"2024-06-19T20:04:35","modified_gmt":"2024-06-19T18:04:35","slug":"se-starostou-na-strese-ve-stredu-19-6","status":"publish","type":"post","link":"https:\/\/www.praha7.cz\/se-starostou-na-strese-ve-stredu-19-6\/","title":{"rendered":"Se starostou na st\u0159e\u0161e ve st\u0159edu 19.&nbsp;6."},"content":{"rendered":"<p>[perex]<\/p>\r\n<p>Zveme v\u00e1s na neform\u00e1ln\u00ed setk\u00e1n\u00ed se starostou Janem \u010ci\u017einsk\u00fdm a&nbsp;dal\u0161\u00edmi radn\u00edmi Prahy&nbsp;7 na st\u0159e\u0161n\u00ed terase sedmi\u010dkov\u00e9 radnice. P\u0159ij\u010fte se zeptat na v\u0161e, co v\u00e1s zaj\u00edm\u00e1, a&nbsp;z\u00e1rove\u0148 se pokochat jedine\u010dn\u00fdm ve\u010dern\u00edm v\u00fdhledem na Hole\u0161ovice. Zastavte se u&nbsp;n\u00e1s ve st\u0159edu 19.&nbsp;\u010dervna 2024 kdykoli od 18 do 20 hodin.<\/p>\r\n<p>[\/perex]<\/p>\r\n<p>&nbsp;<\/p>","protected":false},"excerpt":{"rendered":"[perex] Zveme v\u00e1s na neform\u00e1ln\u00ed setk\u00e1n\u00ed se starostou Janem \u010ci\u017einsk\u00fdm a&nbsp;dal\u0161\u00edmi radn\u00edmi Prahy&nbsp;7 na st\u0159e\u0161n\u00ed terase sedmi\u010dkov\u00e9 radnice. P\u0159ij\u010fte se zeptat na v\u0161e, co v\u00e1s zaj\u00edm\u00e1, a&nbsp;z\u00e1rove\u0148 se pokochat jedine\u010dn\u00fdm ve\u010dern\u00edm v\u00fdhledem na Hole\u0161ovice. Zastavte se u&nbsp;n\u00e1s ve st\u0159edu 19.&nbsp;\u010dervna 2024 kdykoli od 18 do 20 hodin. [\/perex] &nbsp;","protected":false},"author":251,"featured_media":76871,"comment_status":"closed","ping_status":"open","sticky":false,"template":"","format":"standard","meta":[],"categories":[34],"tags":[],"_links":{"self":[{"href":"https:\/\/www.praha7.cz\/api\/wp\/v2\/posts\/76869"}],"collection":[{"href":"https:\/\/www.praha7.cz\/api\/wp\/v2\/posts"}],"about":[{"href":"https:\/\/www.praha7.cz\/api\/wp\/v2\/types\/post"}],"author":[{"embeddable":true,"href":"https:\/\/www.praha7.cz\/api\/wp\/v2\/users\/251"}],"replies":[{"embeddable":true,"href":"https:\/\/www.praha7.cz\/api\/wp\/v2\/comments?post=76869"}],"version-history":[{"count":1,"href":"https:\/\/www.praha7.cz\/api\/wp\/v2\/posts\/76869\/revisions"}],"predecessor-version":[{"id":76872,"href":"https:\/\/www.praha7.cz\/api\/wp\/v2\/posts\/76869\/revisions\/76872"}],"wp:featuredmedia":[{"embeddable":true,"href":"https:\/\/www.praha7.cz\/api\/wp\/v2\/media\/76871"}],"wp:attachment":[{"href":"https:\/\/www.praha7.cz\/api\/wp\/v2\/media?parent=76869"}],"wp:term":[{"taxonomy":"category","embeddable":true,"href":"https:\/\/www.praha7.cz\/api\/wp\/v2\/categories?post=76869"},{"taxonomy":"post_tag","embeddable":true,"href":"https:\/\/www.praha7.cz\/api\/wp\/v2\/tags?post=76869"}],"curies":[{"name":"wp","href":"https:\/\/api.w.org\/{rel}","templated":true}]}}