    
{"id":76857,"date":"2024-06-10T17:02:28","date_gmt":"2024-06-10T15:02:28","guid":{"rendered":"https:\/\/www.praha7.cz\/?p=76857"},"modified":"2024-06-10T17:02:39","modified_gmt":"2024-06-10T15:02:39","slug":"strechy-krizikovych-pavilonu-v-novem","status":"publish","type":"post","link":"https:\/\/www.praha7.cz\/strechy-krizikovych-pavilonu-v-novem\/","title":{"rendered":"St\u0159echy K\u0159i\u017e\u00edkov\u00fdch pavilon\u016f v&nbsp;nov\u00e9m"},"content":{"rendered":"<p>[perex]<\/p>\r\n<p>Na V\u00fdstavi\u0161ti v\u00a0Praze byla dokon\u010dena dal\u0161\u00ed rekonstrukce, a&nbsp;to st\u0159ech K\u0159i\u017e\u00edkov\u00fdch pavilon\u016f, kter\u00e9 nov\u011b nab\u00edzej\u00ed m\u00edsto pro relax i&nbsp;akce v\u00a0zeleni. Revitalizac\u00ed st\u0159ech tak byla zakon\u010dena celkov\u00e1 obnova K\u0159i\u017e\u00edkov\u00fdch pavilon\u016f. Nov\u00e9 zelen\u00e9 pobytov\u00e9 terasy nab\u00eddnou p\u0159es 6&nbsp;000&nbsp;m<sup>2<\/sup> ploch ur\u010den\u00fdch pro setk\u00e1v\u00e1n\u00ed lid\u00ed, kdy se mohou nav\u00edc n\u00e1v\u0161t\u011bvn\u00edci ob\u010derstvit v\u00a0nov\u00e9m bistru Terasa 67. Dodavatelem zelen\u011b jsou Pra\u017esk\u00e9 slu\u017eby. Terasy budou otev\u0159eny celoro\u010dn\u011b.<\/p>\r\n<p>[\/perex]<\/p>\r\n<p>St\u0159echy K\u0159i\u017e\u00edkov\u00fdch pavilon\u016f se po rekonstrukci prom\u011bnily v&nbsp;zelen\u00e9 pobytov\u00e9 terasy pro ve\u0159ejnost i&nbsp;soukrom\u00e9 akce. Jejich plocha nab\u00edz\u00ed p\u0159es 6&nbsp;000&nbsp;m<sup>2<\/sup> prostoru k&nbsp;odpo\u010dinku. Na terase pavilonu B najdete <a href=\"https:\/\/navystavisti.cz\/kam-za-jidlem\/terasa-67\/\" target=\"_blank\" rel=\"noopener\">bistro Terasa 67<\/a> s&nbsp;venkovn\u00edm i&nbsp;vnit\u0159n\u00edm posezen\u00edm a&nbsp;mal\u00fd b\u011b\u017eeck\u00fd okruh v&nbsp;d\u00e9lce 132&nbsp;m. D\u011bti jist\u011b pot\u011b\u0161\u00ed nejz\u00e1kladn\u011bj\u0161\u00ed venkovn\u00ed hra, namalovan\u00fd sk\u00e1kac\u00ed pan\u00e1k, na kter\u00e9m si m\u016f\u017eou zablbnout, nebo vyv\u00fd\u0161en\u00e1 m\u00edsta, ze kter\u00fdch si m\u016f\u017eou l\u00e9pe prohl\u00e9dnout stavbu Pr\u016fmyslov\u00e9ho pal\u00e1ce. Na terase pavilonu D je chill z\u00f3na \u0160koda Gardens. Ze v\u0161ech teras je kr\u00e1sn\u00fd v\u00fdhled na Botanickou zahradu a&nbsp;Prahu 8.<\/p>\r\n<p>\u0160koda Auto se stala partnerem terasy na K\u0159i\u017e\u00edkov\u011b pavilonu D, kterou prom\u011bnila na \u0160koda Gardens. Nab\u00eddne zde m\u00edsto pro odpo\u010dinek i&nbsp;z\u00e1bavu v\u0161em generac\u00edm. Prostor zkr\u00e1\u0161l\u00ed um\u011bleck\u00e9 instalace, kter\u00e9 vznikly ve spolupr\u00e1ci s&nbsp;mlad\u00fdmi design\u00e9rsk\u00fdmi talenty, propojuj\u00edc\u00ed zele\u0148 a&nbsp;odpadov\u00e9 materi\u00e1ly z&nbsp;v\u00fdrobn\u00edch z\u00e1vod\u016f. Nap\u0159\u00edklad na houpa\u010dky byly pou\u017eity vy\u0159azen\u00e9 bezpe\u010dnost\u00ed p\u00e1sy. Od l\u00e9ta si p\u0159i posezen\u00ed na lavi\u010dce bude mo\u017en\u00e9 dob\u00edt mobiln\u00ed telefon energi\u00ed ze slunce, nebo\u0165 st\u0159echa lavi\u010dky bude pokryta sol\u00e1rn\u00edm panelem. \u0160koda Gardens je prostorem nejen pro p\u011b\u0161\u00ed, ale i&nbsp;cyklisty, a&nbsp;tak ve spolupr\u00e1ci s&nbsp;Rekoly na\u0161ly sv\u00e9 m\u00edsto v&nbsp;are\u00e1lu hole\u0161ovick\u00e9ho V\u00fdstavi\u0161t\u011b tak\u00e9 stojany na kola, a&nbsp;d\u00edky promo k\u00f3du \u201eSkodaGardens\u201c je 30 minut j\u00edzdy na kolech zdarma.<\/p>\r\n<p>K z\u00e1vlaze ve\u0161ker\u00e9 zelen\u011b na st\u0159ech\u00e1ch je vyu\u017e\u00edv\u00e1no 100&nbsp;% vody z&nbsp;vlastn\u00ed studny V\u00fdstavi\u0161t\u011b, p\u0159i\u010dem\u017e tato vlastn\u00ed z\u00e1vlaha je \u0159\u00edzena automaticky pomoc\u00ed meteostanice. Venkovn\u00ed osv\u011btlen\u00ed je \u0159e\u0161eno p\u0159es soumrakov\u00e9 sp\u00edna\u010de. Na st\u0159ech\u00e1ch nechyb\u00ed ani mlhova\u010de, p\u00edtka a&nbsp;mark\u00fdzy, kter\u00e9 dodaj\u00ed v&nbsp;hork\u00fdch dnech st\u00edn.<\/p>\r\n<p>Cel\u00e1 rekonstrukce vych\u00e1zela z&nbsp;p\u016fvodn\u00edho n\u00e1vrhu akad. arch. Michala Brixe.<\/p>\r\n<hr \/>\r\n<p>Terasy K\u0159i\u017e\u00edkov\u00fdch pavilon\u016f najdete ve spodn\u00ed parkov\u00e9 \u010d\u00e1sti are\u00e1lu V\u00fdstavi\u0161t\u011b. Vedou na n\u011b celkem \u010dty\u0159i schodi\u0161t\u011b. Jedno sm\u011brem od Maroldova panoramatu, jedno od Goja music hall a&nbsp;dv\u011b z&nbsp;open air \u010d\u00e1sti are\u00e1lu. Bezbari\u00e9rov\u00fd vstup je po dobu rekonstrukce Pr\u016fmyslov\u00e9ho pal\u00e1ce omezen.<\/p>\r\n<p>V\u00fdm\u011bra revitalizovan\u00e9 plochy st\u0159ech: 8049,25 m2, z&nbsp;toho:<\/p>\r\n<ul>\r\n\t<li>plocha se zelen\u00ed: 2&nbsp;144,2&nbsp;m<sup>2<\/sup><\/li>\r\n\t<li>d\u0159ev\u011bn\u00e1 terasa: 3&nbsp;172,5&nbsp;m<sup>2<\/sup><\/li>\r\n\t<li>nov\u00e1 betonov\u00e1 dla\u017eba: 1&nbsp;727,2&nbsp;m<sup>2<\/sup><\/li>\r\n\t<li>sportovn\u00ed povrch: 840&nbsp;m<sup>2<\/sup><\/li>\r\n\t<li>u\u017eitn\u00e1 plocha 4 bufet\u016f: 468,3&nbsp;m<sup>2<\/sup><\/li>\r\n<\/ul>\r\n<p>V\u00edce na <a href=\"https:\/\/navystavisti.cz\/areal\/terasy-krizikovych-pavilonu\/\" target=\"_blank\" rel=\"noopener\">str\u00e1nk\u00e1ch V\u00fdstavi\u0161t\u011b<\/a>.<\/p>","protected":false},"excerpt":{"rendered":"[perex] Na V\u00fdstavi\u0161ti v\u00a0Praze byla dokon\u010dena dal\u0161\u00ed rekonstrukce, a&nbsp;to st\u0159ech K\u0159i\u017e\u00edkov\u00fdch pavilon\u016f, kter\u00e9 nov\u011b nab\u00edzej\u00ed m\u00edsto pro relax i&nbsp;akce v\u00a0zeleni. Revitalizac\u00ed st\u0159ech tak byla zakon\u010dena celkov\u00e1 obnova K\u0159i\u017e\u00edkov\u00fdch pavilon\u016f. Nov\u00e9 zelen\u00e9 pobytov\u00e9 terasy nab\u00eddnou p\u0159es 6&nbsp;000&nbsp;m2 ploch ur\u010den\u00fdch pro setk\u00e1v\u00e1n\u00ed lid\u00ed, kdy se mohou nav\u00edc n\u00e1v\u0161t\u011bvn\u00edci ob\u010derstvit v\u00a0nov\u00e9m bistru Terasa 67. Dodavatelem zelen\u011b jsou Pra\u017esk\u00e9 [&hellip;]","protected":false},"author":251,"featured_media":76858,"comment_status":"closed","ping_status":"open","sticky":false,"template":"","format":"standard","meta":[],"categories":[34],"tags":[119],"_links":{"self":[{"href":"https:\/\/www.praha7.cz\/api\/wp\/v2\/posts\/76857"}],"collection":[{"href":"https:\/\/www.praha7.cz\/api\/wp\/v2\/posts"}],"about":[{"href":"https:\/\/www.praha7.cz\/api\/wp\/v2\/types\/post"}],"author":[{"embeddable":true,"href":"https:\/\/www.praha7.cz\/api\/wp\/v2\/users\/251"}],"replies":[{"embeddable":true,"href":"https:\/\/www.praha7.cz\/api\/wp\/v2\/comments?post=76857"}],"version-history":[{"count":1,"href":"https:\/\/www.praha7.cz\/api\/wp\/v2\/posts\/76857\/revisions"}],"predecessor-version":[{"id":76859,"href":"https:\/\/www.praha7.cz\/api\/wp\/v2\/posts\/76857\/revisions\/76859"}],"wp:featuredmedia":[{"embeddable":true,"href":"https:\/\/www.praha7.cz\/api\/wp\/v2\/media\/76858"}],"wp:attachment":[{"href":"https:\/\/www.praha7.cz\/api\/wp\/v2\/media?parent=76857"}],"wp:term":[{"taxonomy":"category","embeddable":true,"href":"https:\/\/www.praha7.cz\/api\/wp\/v2\/categories?post=76857"},{"taxonomy":"post_tag","embeddable":true,"href":"https:\/\/www.praha7.cz\/api\/wp\/v2\/tags?post=76857"}],"curies":[{"name":"wp","href":"https:\/\/api.w.org\/{rel}","templated":true}]}}