    
{"id":76740,"date":"2024-06-07T11:06:56","date_gmt":"2024-06-07T09:06:56","guid":{"rendered":"https:\/\/www.praha7.cz\/?p=76740"},"modified":"2024-06-10T10:58:15","modified_gmt":"2024-06-10T08:58:15","slug":"volby-do-europarlamentu-a-hlasovani","status":"publish","type":"post","link":"https:\/\/www.praha7.cz\/volby-do-europarlamentu-a-hlasovani\/","title":{"rendered":"Volby do europarlamentu a&nbsp;hlasov\u00e1n\u00ed o&nbsp;parkov\u00e1n\u00ed 7.&nbsp;a&nbsp;8.&nbsp;\u010dervna"},"content":{"rendered":"<p>[perex]<\/p>\r\n<p>V p\u00e1tek 7.&nbsp;\u010dervna 2024 ve 14 hodin se otev\u0159ou volebn\u00ed m\u00edstnosti. Do <a href=\"http:\/\/www.praha7.cz\/volby2024\/\">evropsk\u00e9ho parlamentu<\/a> m\u016f\u017eete volit do 22 hodin, volby pokra\u010duj\u00ed v&nbsp;sobotu 8.&nbsp;\u010dervna od 8 do 14 hodin. L\u00edstky jste obdr\u017eeli do po\u0161tovn\u00edch schr\u00e1nek, p\u0159\u00edpadn\u011b v\u00e1m je vyd\u00e1 volebn\u00ed komise.<\/p>\r\n<p>Ve stejn\u00e9m term\u00ednu prob\u00edh\u00e1 na Sedmi\u010dce i&nbsp;<a href=\"http:\/\/www.praha7.cz\/hlasovani-parkovani\/\">hlasov\u00e1n\u00ed o&nbsp;parkov\u00e1n\u00ed<\/a>. Hlasovac\u00ed m\u00edsta jsou ve \u0161kol\u00e1ch, kam chod\u00edte b\u011b\u017en\u011b volit, podle adresy sv\u00e9ho trval\u00e9ho bydli\u0161t\u011b je snadno vyhled\u00e1te tak\u00e9 <a href=\"https:\/\/kudykvolbam.iprpraha.cz\/\">zde<\/a>. Hlasovac\u00ed l\u00edstek dostanete p\u0159\u00edmo na m\u00edst\u011b.<\/p>\r\n<p>S sebou si v&nbsp;obou p\u0159\u00edpadech vezm\u011bte platn\u00fd doklad toto\u017enosti (ob\u010dansk\u00fd pr\u016fkaz, cestovn\u00ed pas).\u00a0<\/p>\r\n<p>[\/perex]<br \/>\r\n<br \/>\r\n<\/p>","protected":false},"excerpt":{"rendered":"[perex] V&nbsp;p\u00e1tek 7.&nbsp;\u010dervna 2024 ve 14 hodin se otev\u0159ou volebn\u00ed m\u00edstnosti. Do evropsk\u00e9ho parlamentu m\u016f\u017eete volit do 22 hodin, volby pokra\u010duj\u00ed v&nbsp;sobotu 8.&nbsp;\u010dervna od 8 do 14 hodin. L\u00edstky jste obdr\u017eeli do po\u0161tovn\u00edch schr\u00e1nek, p\u0159\u00edpadn\u011b v\u00e1m je vyd\u00e1 volebn\u00ed komise. Ve stejn\u00e9m term\u00ednu prob\u00edh\u00e1 na Sedmi\u010dce i&nbsp;hlasov\u00e1n\u00ed o&nbsp;parkov\u00e1n\u00ed. Hlasovac\u00ed m\u00edsta jsou ve \u0161kol\u00e1ch, kam [&hellip;]","protected":false},"author":251,"featured_media":76741,"comment_status":"closed","ping_status":"open","sticky":false,"template":"","format":"standard","meta":[],"categories":[34],"tags":[84],"_links":{"self":[{"href":"https:\/\/www.praha7.cz\/api\/wp\/v2\/posts\/76740"}],"collection":[{"href":"https:\/\/www.praha7.cz\/api\/wp\/v2\/posts"}],"about":[{"href":"https:\/\/www.praha7.cz\/api\/wp\/v2\/types\/post"}],"author":[{"embeddable":true,"href":"https:\/\/www.praha7.cz\/api\/wp\/v2\/users\/251"}],"replies":[{"embeddable":true,"href":"https:\/\/www.praha7.cz\/api\/wp\/v2\/comments?post=76740"}],"version-history":[{"count":1,"href":"https:\/\/www.praha7.cz\/api\/wp\/v2\/posts\/76740\/revisions"}],"predecessor-version":[{"id":76742,"href":"https:\/\/www.praha7.cz\/api\/wp\/v2\/posts\/76740\/revisions\/76742"}],"wp:featuredmedia":[{"embeddable":true,"href":"https:\/\/www.praha7.cz\/api\/wp\/v2\/media\/76741"}],"wp:attachment":[{"href":"https:\/\/www.praha7.cz\/api\/wp\/v2\/media?parent=76740"}],"wp:term":[{"taxonomy":"category","embeddable":true,"href":"https:\/\/www.praha7.cz\/api\/wp\/v2\/categories?post=76740"},{"taxonomy":"post_tag","embeddable":true,"href":"https:\/\/www.praha7.cz\/api\/wp\/v2\/tags?post=76740"}],"curies":[{"name":"wp","href":"https:\/\/api.w.org\/{rel}","templated":true}]}}