    
{"id":76715,"date":"2024-06-06T13:50:09","date_gmt":"2024-06-06T11:50:09","guid":{"rendered":"https:\/\/www.praha7.cz\/?p=76715"},"modified":"2024-06-06T13:50:09","modified_gmt":"2024-06-06T11:50:09","slug":"semafor-na-ortenove-namesti-v-novem-rezimu","status":"publish","type":"post","link":"https:\/\/www.praha7.cz\/semafor-na-ortenove-namesti-v-novem-rezimu\/","title":{"rendered":"Semafor na Ortenov\u011b n\u00e1m\u011bst\u00ed v&nbsp;nov\u00e9m re\u017eimu"},"content":{"rendered":"<p>[perex]<\/p>\r\n<p>Semafor na Ortenov\u011b n\u00e1m\u011bst\u00ed (p\u0159ed zat\u00e1\u010dkou do ulice Komunard\u016f) od 6.&nbsp;\u010dervna 2024 funguje v&nbsp;nov\u00e9m re\u017eimu. Ve v\u0161edn\u00ed dny mezi 7.&nbsp;a&nbsp;9.&nbsp;hodinou a&nbsp;13.&nbsp;a&nbsp;17.&nbsp;hodinou b\u011b\u017e\u00ed standardn\u00ed pln\u00e1 signalizace. Mimo uveden\u00e9 \u010dasy a&nbsp;o&nbsp;v\u00edkendu je semafor p\u0159epnut\u00fd do blikaj\u00edc\u00ed oran\u017eov\u00e9 a&nbsp;funguje tla\u010d\u00edtko pro chodce, kter\u00e9 spust\u00ed plnou signalizaci a&nbsp;s&nbsp;m\u00edrn\u00fdm zpo\u017ed\u011bn\u00edm (pro tramvaje a&nbsp;auta mus\u00ed nejprve prob\u011bhnout sign\u00e1l zelen\u00e1 \u2013 oran\u017eov\u00e1 \u2013 \u010derven\u00e1) se zapne zelen\u00e1 pro chodce.\u00a0 Tento re\u017eim pak b\u011b\u017e\u00ed n\u00e1sleduj\u00edc\u00ed 2 minuty od posledn\u00edho stisku tla\u010d\u00edtka.<\/p>\r\n<p>[\/perex]<\/p>\r\n<p>P\u0159i blikaj\u00edc\u00ed oran\u017eov\u00e9 nen\u00ed povinnost tla\u010d\u00edtko pou\u017e\u00edvat \u2013 naopak, pokud se pohybujete bezpe\u010dn\u011b a&nbsp;bez probl\u00e9m\u016f, pak je nejpohodln\u011bj\u0161\u00ed a&nbsp;nejrychlej\u0161\u00ed se rozhl\u00e9dnout a&nbsp;p\u0159ej\u00edt bez tla\u010d\u00edtka na blikaj\u00edc\u00ed oran\u017eovou. Jen pros\u00edm pamatujte, \u017ee tramvaj m\u00e1 v\u017edy p\u0159ednost.<\/p>\r\n<p>Nem\u00e1 smysl ma\u010dkat tla\u010d\u00edtko ze zvyku, zapnout signalizaci a&nbsp;pak p\u0159ej\u00edt na \u010dervenou \u2013 jednak je to p\u0159estupek, ale hlavn\u011b to zbrzd\u00ed auta i&nbsp;tramvaje, kter\u00e9 p\u0159ijedou k&nbsp;p\u0159echodu, kdy u\u017e je chodec d\u00e1vno na druh\u00e9 stran\u011b.<\/p>\r\n<p>V ide\u00e1ln\u00edm p\u0159\u00edpad\u011b by tedy tla\u010d\u00edtko m\u011blo slou\u017eit jako \u201epojistka\u201c d\u011btem, lidem se sn\u00ed\u017een\u00fdmi pohybov\u00fdmi schopnostmi a&nbsp;obecn\u011b v\u0161em, kdo se zde bez signalizovan\u00e9ho p\u0159ech\u00e1zen\u00ed nec\u00edt\u00ed bezpe\u010dn\u011b.<\/p>","protected":false},"excerpt":{"rendered":"[perex] Semafor na Ortenov\u011b n\u00e1m\u011bst\u00ed (p\u0159ed zat\u00e1\u010dkou do ulice Komunard\u016f) od 6.&nbsp;\u010dervna 2024 funguje v&nbsp;nov\u00e9m re\u017eimu. Ve v\u0161edn\u00ed dny mezi 7.&nbsp;a&nbsp;9.&nbsp;hodinou a&nbsp;13.&nbsp;a&nbsp;17.&nbsp;hodinou b\u011b\u017e\u00ed standardn\u00ed pln\u00e1 signalizace. Mimo uveden\u00e9 \u010dasy a&nbsp;o&nbsp;v\u00edkendu je semafor p\u0159epnut\u00fd do blikaj\u00edc\u00ed oran\u017eov\u00e9 a&nbsp;funguje tla\u010d\u00edtko pro chodce, kter\u00e9 spust\u00ed plnou signalizaci a&nbsp;s&nbsp;m\u00edrn\u00fdm zpo\u017ed\u011bn\u00edm (pro tramvaje a&nbsp;auta mus\u00ed nejprve prob\u011bhnout sign\u00e1l zelen\u00e1 \u2013 [&hellip;]","protected":false},"author":251,"featured_media":76719,"comment_status":"closed","ping_status":"open","sticky":false,"template":"","format":"standard","meta":[],"categories":[34],"tags":[99,57],"_links":{"self":[{"href":"https:\/\/www.praha7.cz\/api\/wp\/v2\/posts\/76715"}],"collection":[{"href":"https:\/\/www.praha7.cz\/api\/wp\/v2\/posts"}],"about":[{"href":"https:\/\/www.praha7.cz\/api\/wp\/v2\/types\/post"}],"author":[{"embeddable":true,"href":"https:\/\/www.praha7.cz\/api\/wp\/v2\/users\/251"}],"replies":[{"embeddable":true,"href":"https:\/\/www.praha7.cz\/api\/wp\/v2\/comments?post=76715"}],"version-history":[{"count":1,"href":"https:\/\/www.praha7.cz\/api\/wp\/v2\/posts\/76715\/revisions"}],"predecessor-version":[{"id":76720,"href":"https:\/\/www.praha7.cz\/api\/wp\/v2\/posts\/76715\/revisions\/76720"}],"wp:featuredmedia":[{"embeddable":true,"href":"https:\/\/www.praha7.cz\/api\/wp\/v2\/media\/76719"}],"wp:attachment":[{"href":"https:\/\/www.praha7.cz\/api\/wp\/v2\/media?parent=76715"}],"wp:term":[{"taxonomy":"category","embeddable":true,"href":"https:\/\/www.praha7.cz\/api\/wp\/v2\/categories?post=76715"},{"taxonomy":"post_tag","embeddable":true,"href":"https:\/\/www.praha7.cz\/api\/wp\/v2\/tags?post=76715"}],"curies":[{"name":"wp","href":"https:\/\/api.w.org\/{rel}","templated":true}]}}