    
{"id":76566,"date":"2024-06-03T12:51:13","date_gmt":"2024-06-03T10:51:13","guid":{"rendered":"https:\/\/www.praha7.cz\/?p=76566"},"modified":"2024-06-05T12:44:00","modified_gmt":"2024-06-05T10:44:00","slug":"povodnova-bdelost-uzavreni-casti-naplavek-preruseni-provozu-privozu","status":"publish","type":"post","link":"https:\/\/www.praha7.cz\/povodnova-bdelost-uzavreni-casti-naplavek-preruseni-provozu-privozu\/","title":{"rendered":"Povod\u0148ov\u00e1 bd\u011blost, uzav\u0159en\u00ed \u010d\u00e1sti n\u00e1plavek, p\u0159eru\u0161en\u00ed provozu p\u0159\u00edvoz\u016f"},"content":{"rendered":"<p>[perex]<\/p>\r\n<p>Aktualizace k&nbsp;5.&nbsp;\u010dervnu 2024: od 14 hodin doch\u00e1z\u00ed k&nbsp;ukon\u010den\u00ed p\u0159ijat\u00fdch opat\u0159en\u00ed, bude otev\u0159ena cyklostezka, n\u00e1plavky, postupn\u011b bude obnoven provoz p\u0159\u00edvoz\u016f.\u00a0\u00a0<\/p>\r\n<p>Po\u010das\u00ed se vyv\u00edj\u00ed nevyzpytateln\u011b a&nbsp;do Vltavsk\u00e9 kask\u00e1dy, zejm\u00e9na do Orl\u00edka, p\u0159it\u00e9k\u00e1 velk\u00e9 mno\u017estv\u00ed vody, proto je nutn\u00e9 preventivn\u011b zv\u00fd\u0161it odtok z&nbsp;p\u0159ehrad. T\u00edm dojde ke zv\u00fd\u0161en\u00ed hladiny Vltavy v&nbsp;Praze, kter\u00e1 p\u0159ekro\u010d\u00ed prvn\u00ed stupe\u0148 povod\u0148ov\u00e9 aktivity, a&nbsp;bude nutn\u00e9 preventivn\u011b p\u0159eru\u0161it provoz p\u0159\u00edvoz\u016f, uzav\u0159\u00edt vrata na \u010certovce, \u010d\u00e1st n\u00e1plavek i&nbsp;cyklostezku na Zbraslavi. <strong>Vyvarujte se pros\u00edm koup\u00e1n\u00ed, plav\u00e1n\u00ed, j\u00edzdy lod\u00ed a&nbsp;pohybu v&nbsp;koryt\u011b toku.<\/strong> V\u00fdstraha je platn\u00e1 od 3.&nbsp;\u010dervna 2024&nbsp;17.00 do 5.&nbsp;\u010dervna 2024&nbsp;6.00.<\/p>\r\n<p>[\/perex]<\/p>\r\n<p>Kv\u016fli zv\u00fd\u0161en\u00e9mu odtoku z\u00a0Vltavsk\u00e9 kask\u00e1dy se na limnigrafu v\u00a0Chuchli o\u010dek\u00e1v\u00e1 pr\u016ftok, kter\u00fd p\u0159es\u00e1hne 450&nbsp;m<sup>3<\/sup>, co\u017e znamen\u00e1 dosa\u017een\u00ed prvn\u00edho stupn\u011b povod\u0148ov\u011b aktivity. Povod\u00ed Vltavy proto 3.&nbsp;\u010dervna 2024 preventivn\u011b uzav\u0159e protipovod\u0148ov\u00e1 vrata na \u010certovce. S&nbsp;okam\u017eitou platnost\u00ed se tak\u00e9 uzav\u00edr\u00e1 \u010d\u00e1st n\u00e1plavek na Ho\u0159ej\u0161\u00edm n\u00e1b\u0159e\u017e\u00ed mezi Palack\u00e9ho mostem a&nbsp;Jir\u00e1skov\u00fdm mostem a&nbsp;ji\u017en\u00ed \u010d\u00e1st Ra\u0161\u00ednova n\u00e1b\u0159e\u017e\u00ed. Uzav\u00edr\u00e1 se tak\u00e9 cyklostezka mezi mostem Z\u00e1vodu m\u00edru na Zbraslavi a&nbsp;Vran\u00fdm nad Vltavou.<\/p>\r\n<p>P\u0159eru\u0161en bude v&nbsp;Praze tak\u00e9 provoz p\u0159\u00edvoz\u016f, od pond\u011bl\u00edch zhruba 13.00 bude p\u0159eru\u0161en provoz linky P1, cca od 17.00 by pak m\u011bly p\u0159estat jezdit i&nbsp;linky P2, P3, P5 a&nbsp;P6 (linka P4 u\u017e nepluje od soboty).<\/p>\r\n<p><strong>Aktu\u00e1ln\u00ed stav pr\u016ftoku Vltavy v&nbsp;Praze<\/strong> m\u016f\u017eete sledovat <a href=\"https:\/\/hydro.chmi.cz\/hppsoldv\/popup_hpps_prfdyn.php?seq=307225\" target=\"_blank\" rel=\"noopener\">zde<\/a>.<\/p>\r\n<p>U\u017eivatel\u016fm \u0159eky Vltavy a&nbsp;jej\u00edho okol\u00ed hlavn\u00ed m\u011bsto doporu\u010duje obez\u0159etnost a&nbsp;sledovat situaci i&nbsp;hladinu Vltavy. Praha doporu\u010duje, aby lid\u00e9 neparkovali vozidla na n\u00e1plavk\u00e1ch, nebo\u0165 by p\u0159i zhor\u0161en\u00ed situace musela b\u00fdt tato vozidla urychlen\u011b vyparkov\u00e1na. Aktu\u00e1ln\u011b je v\u00fdvoj po\u010das\u00ed nevyzpytateln\u00fd a&nbsp;t\u011b\u017eko predikovateln\u00fd a&nbsp;tato vozidla by pak mohla br\u00e1nit rychl\u00e9mu p\u0159ij\u00edm\u00e1n\u00ed dal\u0161\u00edch opat\u0159en\u00ed.<\/p>\r\n<p>V\u0161echna p\u0159ijat\u00e1 opat\u0159en\u00ed jsou preventivn\u00ed kv\u016fli v\u010dasn\u00e9 ochran\u011b obyvatel a&nbsp;turist\u016f v\u00a0metropoli. Hlavn\u00ed m\u011bsto bude v\u00fdvoj po\u010das\u00ed i&nbsp;hladiny \u0159ek nad\u00e1le sledovat a&nbsp;v\u00a0p\u0159\u00edpad\u011b pot\u0159eby p\u0159ijme dal\u0161\u00ed opat\u0159en\u00ed.<\/p>\r\n<p>&nbsp;<\/p>","protected":false},"excerpt":{"rendered":"[perex] Aktualizace k&nbsp;5.&nbsp;\u010dervnu 2024: od 14 hodin doch\u00e1z\u00ed k&nbsp;ukon\u010den\u00ed p\u0159ijat\u00fdch opat\u0159en\u00ed, bude otev\u0159ena cyklostezka, n\u00e1plavky, postupn\u011b bude obnoven provoz p\u0159\u00edvoz\u016f.\u00a0\u00a0 Po\u010das\u00ed se vyv\u00edj\u00ed nevyzpytateln\u011b a&nbsp;do Vltavsk\u00e9 kask\u00e1dy, zejm\u00e9na do Orl\u00edka, p\u0159it\u00e9k\u00e1 velk\u00e9 mno\u017estv\u00ed vody, proto je nutn\u00e9 preventivn\u011b zv\u00fd\u0161it odtok z&nbsp;p\u0159ehrad. T\u00edm dojde ke zv\u00fd\u0161en\u00ed hladiny Vltavy v&nbsp;Praze, kter\u00e1 p\u0159ekro\u010d\u00ed prvn\u00ed stupe\u0148 povod\u0148ov\u00e9 aktivity, a&nbsp;bude [&hellip;]","protected":false},"author":251,"featured_media":72620,"comment_status":"closed","ping_status":"open","sticky":false,"template":"","format":"standard","meta":[],"categories":[34],"tags":[99,111],"_links":{"self":[{"href":"https:\/\/www.praha7.cz\/api\/wp\/v2\/posts\/76566"}],"collection":[{"href":"https:\/\/www.praha7.cz\/api\/wp\/v2\/posts"}],"about":[{"href":"https:\/\/www.praha7.cz\/api\/wp\/v2\/types\/post"}],"author":[{"embeddable":true,"href":"https:\/\/www.praha7.cz\/api\/wp\/v2\/users\/251"}],"replies":[{"embeddable":true,"href":"https:\/\/www.praha7.cz\/api\/wp\/v2\/comments?post=76566"}],"version-history":[{"count":6,"href":"https:\/\/www.praha7.cz\/api\/wp\/v2\/posts\/76566\/revisions"}],"predecessor-version":[{"id":76656,"href":"https:\/\/www.praha7.cz\/api\/wp\/v2\/posts\/76566\/revisions\/76656"}],"wp:featuredmedia":[{"embeddable":true,"href":"https:\/\/www.praha7.cz\/api\/wp\/v2\/media\/72620"}],"wp:attachment":[{"href":"https:\/\/www.praha7.cz\/api\/wp\/v2\/media?parent=76566"}],"wp:term":[{"taxonomy":"category","embeddable":true,"href":"https:\/\/www.praha7.cz\/api\/wp\/v2\/categories?post=76566"},{"taxonomy":"post_tag","embeddable":true,"href":"https:\/\/www.praha7.cz\/api\/wp\/v2\/tags?post=76566"}],"curies":[{"name":"wp","href":"https:\/\/api.w.org\/{rel}","templated":true}]}}