    
{"id":76562,"date":"2024-06-03T12:01:51","date_gmt":"2024-06-03T10:01:51","guid":{"rendered":"https:\/\/www.praha7.cz\/?p=76562"},"modified":"2024-06-13T10:57:34","modified_gmt":"2024-06-13T08:57:34","slug":"prochazka-jankovcovou","status":"publish","type":"post","link":"https:\/\/www.praha7.cz\/prochazka-jankovcovou\/","title":{"rendered":"Proch\u00e1zka Jankovcovou"},"content":{"rendered":"<p>[perex]<br \/>\r\nUlici Jankovcova \u010dekaj\u00ed zm\u011bny. Jak\u00e9 budou a&nbsp;kdy prob\u011bhnou? Projd\u011bte se touto ulic\u00ed se starostou Janem \u010ci\u017einsk\u00fdm, m\u00edstostarostkou Lenkou Burgerovou, kter\u00e1 m\u00e1 v&nbsp;gesci \u00fazemn\u00ed rozvoj, a&nbsp;m\u00edstostarostou Pavlem Zelenkou s&nbsp;kompetencemi doprava a&nbsp;strategick\u00e9 projekty. Sraz je ve st\u0159edu 12.&nbsp;\u010dervna 2024 v&nbsp;18.00 u&nbsp;k\u0159i\u017eovatky ulic Jankovcova\u2013P\u0159\u00edvozn\u00ed.<\/p>\r\n<p>[\/perex]<\/p>","protected":false},"excerpt":{"rendered":"[perex] Ulici Jankovcova \u010dekaj\u00ed zm\u011bny. Jak\u00e9 budou a&nbsp;kdy prob\u011bhnou? Projd\u011bte se touto ulic\u00ed se starostou Janem \u010ci\u017einsk\u00fdm, m\u00edstostarostkou Lenkou Burgerovou, kter\u00e1 m\u00e1 v&nbsp;gesci \u00fazemn\u00ed rozvoj, a&nbsp;m\u00edstostarostou Pavlem Zelenkou s&nbsp;kompetencemi doprava a&nbsp;strategick\u00e9 projekty. Sraz je ve st\u0159edu 12.&nbsp;\u010dervna 2024 v&nbsp;18.00 u&nbsp;k\u0159i\u017eovatky ulic Jankovcova\u2013P\u0159\u00edvozn\u00ed. [\/perex]","protected":false},"author":251,"featured_media":76563,"comment_status":"closed","ping_status":"open","sticky":false,"template":"","format":"standard","meta":[],"categories":[34],"tags":[84,110],"_links":{"self":[{"href":"https:\/\/www.praha7.cz\/api\/wp\/v2\/posts\/76562"}],"collection":[{"href":"https:\/\/www.praha7.cz\/api\/wp\/v2\/posts"}],"about":[{"href":"https:\/\/www.praha7.cz\/api\/wp\/v2\/types\/post"}],"author":[{"embeddable":true,"href":"https:\/\/www.praha7.cz\/api\/wp\/v2\/users\/251"}],"replies":[{"embeddable":true,"href":"https:\/\/www.praha7.cz\/api\/wp\/v2\/comments?post=76562"}],"version-history":[{"count":1,"href":"https:\/\/www.praha7.cz\/api\/wp\/v2\/posts\/76562\/revisions"}],"predecessor-version":[{"id":76564,"href":"https:\/\/www.praha7.cz\/api\/wp\/v2\/posts\/76562\/revisions\/76564"}],"wp:featuredmedia":[{"embeddable":true,"href":"https:\/\/www.praha7.cz\/api\/wp\/v2\/media\/76563"}],"wp:attachment":[{"href":"https:\/\/www.praha7.cz\/api\/wp\/v2\/media?parent=76562"}],"wp:term":[{"taxonomy":"category","embeddable":true,"href":"https:\/\/www.praha7.cz\/api\/wp\/v2\/categories?post=76562"},{"taxonomy":"post_tag","embeddable":true,"href":"https:\/\/www.praha7.cz\/api\/wp\/v2\/tags?post=76562"}],"curies":[{"name":"wp","href":"https:\/\/api.w.org\/{rel}","templated":true}]}}