    
{"id":76524,"date":"2024-06-03T09:31:35","date_gmt":"2024-06-03T07:31:35","guid":{"rendered":"https:\/\/www.praha7.cz\/?p=76524"},"modified":"2024-05-31T15:32:55","modified_gmt":"2024-05-31T13:32:55","slug":"novy-cirkularni-spot-store-v-holesovicke-trznici","status":"publish","type":"post","link":"https:\/\/www.praha7.cz\/novy-cirkularni-spot-store-v-holesovicke-trznici\/","title":{"rendered":"Nov\u00fd cirkul\u00e1rn\u00ed spot Sto\u2022re v&nbsp;Hole\u0161ovick\u00e9 tr\u017enici"},"content":{"rendered":"<p>[perex]<\/p>\r\n<p>Pra\u017ean\u00e9 maj\u00ed mo\u017enost po\u0159\u00eddit si kur\u00e1torovan\u00fd n\u00e1bytek, opravenou elektroniku, n\u00e1dob\u00ed, p\u0159edm\u011bty b\u011b\u017en\u00e9 denn\u00ed pot\u0159eby i&nbsp;zachr\u00e1n\u011bn\u00e9 pokojov\u00e9 rostliny. Do projektu jsou zapojeni tak\u00e9 p\u0159edstavitel\u00e9 ji\u017e zab\u011bhnut\u00fdch \u010desk\u00fdch st\u00e1lic na poli recyklace \u2013 Z&nbsp;pokoje do pokoje a&nbsp;Oprav\u00e1rna. Nov\u00e9 re-use <a href=\"http:\/\/www.sto-re.cz\/\" target=\"_blank\" rel=\"noopener\">centrum Sto\u2022re<\/a> najdete v&nbsp;Hole\u0161ovick\u00e9 tr\u017enici v&nbsp;Hale H13 (bo\u010dn\u00ed vchod) od pond\u011bl\u00ed do p\u00e1tku 11.00\u201318.00, do budoucna se pl\u00e1nuje i&nbsp;Repair Caf\u00e9.<\/p>\r\n<p>[\/perex]<\/p>\r\n<p>Cirkul\u00e1rn\u00ed workshopy v&nbsp;reuse centru <a href=\"http:\/\/www.sto-re.cz\/\" target=\"_blank\" rel=\"noopener\">Sto\u2022re<\/a> finan\u010dn\u011b podporuje Magistr\u00e1t hlavn\u00edho m\u011bsta Prahy a&nbsp;projekt Cirkul\u00e1rn\u00ed Praha 2030.\u00a0Projekt Sto\u2022re zalo\u017eily Tereza Korbelov\u00e1, Denisa Le\u0161kov\u00e1 a&nbsp;Monika Klobou\u010dkov\u00e1, je\u017e se v&nbsp;udr\u017eitelnosti pohybuj\u00ed u\u017e \u0159adu let.<\/p>\r\n<p>\u201eKl\u00ed\u010dov\u00fd je pro n\u00e1s kur\u00e1torovan\u00fd p\u0159\u00edstup k&nbsp;v\u011bcem, je\u017e si u&nbsp;n\u00e1s lid\u00e9 mohou koupit. N\u00e1bytek i&nbsp;n\u00e1dob\u00ed m\u00e1 historii, v\u00edme odkud poch\u00e1z\u00ed, zn\u00e1me jejich p\u0159\u00edb\u011bh a&nbsp;vypadaj\u00ed hezky. Maj\u00ed svou funkci a&nbsp;vydr\u017e\u00ed dal\u0161\u00ed des\u00edtky let. Z\u00e1rove\u0148 nen\u00ed na\u0161\u00edm c\u00edlem p\u0159esv\u011bd\u010dovat ji\u017e p\u0159esv\u011bd\u010den\u00e9, tedy ty, co ji\u017e cirkul\u00e1rn\u011b nakupuj\u00ed. Naopak chceme tento mo\u017en\u00e1 pro n\u011bkoho nov\u00fd zp\u016fsob nakupov\u00e1n\u00ed nab\u00eddnout dal\u0161\u00edm c\u00edlov\u00fdm skupin\u00e1m, pro kter\u00e9 bude p\u0159edstavovat n\u00e1\u0161 projekt p\u0159edev\u0161\u00edm dobrou slu\u017ebu,\u201c up\u0159es\u0148uje koncept Sto\u2022re Denisa Le\u0161kov\u00e1.<\/p>\r\n<p>Projekt Sto\u2022re tak\u00e9 propojuje. \u201eTy, kte\u0159\u00ed se pot\u0159ebuj\u00ed zbavit nepot\u0159ebn\u00e9ho n\u00e1bytku nebo v\u011bc\u00ed do dom\u00e1cnosti propojujeme s&nbsp;t\u011bmi, co hledaj\u00ed origin\u00e1ln\u00ed n\u00e1bytek v&nbsp;dobr\u00e9 cenov\u00e9 relaci. D\u00edky Sto\u2022re vrac\u00edme v\u011bci do ob\u011bhu ji\u017e opraven\u00e9 a&nbsp;v&nbsp;dobr\u00e9 kondici,\u201c dod\u00e1v\u00e1 Le\u0161kov\u00e1.<\/p>\r\n<p>Interi\u00e9r cirkul\u00e1rn\u00edho spotu je kompletn\u011b vyroben z&nbsp;materi\u00e1l\u016f z&nbsp;druh\u00e9 ruky. Je tedy s\u00e1m o&nbsp;sob\u011b d\u016fkazem, \u017ee nen\u00ed pot\u0159eba kupovat nov\u00e9, kdy\u017e lze kreativn\u011b vyu\u017e\u00edt to ji\u017e existuj\u00edc\u00ed.<\/p>\r\n<p>&nbsp;<\/p>\r\n<p><img loading=\"lazy\" src=\"https:\/\/www.praha7.cz\/wp-content\/uploads\/2024\/05\/plakat-re-use-spot-707x1000.jpg\" alt=\"\" width=\"640\" height=\"905\" class=\"alignnone size-large wp-image-76526\" srcset=\"https:\/\/www.praha7.cz\/wp-content\/uploads\/2024\/05\/plakat-re-use-spot-707x1000.jpg 707w, https:\/\/www.praha7.cz\/wp-content\/uploads\/2024\/05\/plakat-re-use-spot-283x400.jpg 283w, https:\/\/www.praha7.cz\/wp-content\/uploads\/2024\/05\/plakat-re-use-spot-768x1086.jpg 768w, https:\/\/www.praha7.cz\/wp-content\/uploads\/2024\/05\/plakat-re-use-spot-1086x1536.jpg 1086w, https:\/\/www.praha7.cz\/wp-content\/uploads\/2024\/05\/plakat-re-use-spot-1448x2048.jpg 1448w, https:\/\/www.praha7.cz\/wp-content\/uploads\/2024\/05\/plakat-re-use-spot-scaled.jpg 1810w\" sizes=\"(max-width: 640px) 100vw, 640px\" \/><\/p>","protected":false},"excerpt":{"rendered":"[perex] Pra\u017ean\u00e9 maj\u00ed mo\u017enost po\u0159\u00eddit si kur\u00e1torovan\u00fd n\u00e1bytek, opravenou elektroniku, n\u00e1dob\u00ed, p\u0159edm\u011bty b\u011b\u017en\u00e9 denn\u00ed pot\u0159eby i&nbsp;zachr\u00e1n\u011bn\u00e9 pokojov\u00e9 rostliny. Do projektu jsou zapojeni tak\u00e9 p\u0159edstavitel\u00e9 ji\u017e zab\u011bhnut\u00fdch \u010desk\u00fdch st\u00e1lic na poli recyklace \u2013 Z&nbsp;pokoje do pokoje a&nbsp;Oprav\u00e1rna. Nov\u00e9 re-use centrum Sto\u2022re najdete v&nbsp;Hole\u0161ovick\u00e9 tr\u017enici v&nbsp;Hale H13 (bo\u010dn\u00ed vchod) od pond\u011bl\u00ed do p\u00e1tku 11.00\u201318.00, do budoucna se [&hellip;]","protected":false},"author":251,"featured_media":76525,"comment_status":"closed","ping_status":"open","sticky":false,"template":"","format":"standard","meta":[],"categories":[34],"tags":[117,124],"_links":{"self":[{"href":"https:\/\/www.praha7.cz\/api\/wp\/v2\/posts\/76524"}],"collection":[{"href":"https:\/\/www.praha7.cz\/api\/wp\/v2\/posts"}],"about":[{"href":"https:\/\/www.praha7.cz\/api\/wp\/v2\/types\/post"}],"author":[{"embeddable":true,"href":"https:\/\/www.praha7.cz\/api\/wp\/v2\/users\/251"}],"replies":[{"embeddable":true,"href":"https:\/\/www.praha7.cz\/api\/wp\/v2\/comments?post=76524"}],"version-history":[{"count":1,"href":"https:\/\/www.praha7.cz\/api\/wp\/v2\/posts\/76524\/revisions"}],"predecessor-version":[{"id":76527,"href":"https:\/\/www.praha7.cz\/api\/wp\/v2\/posts\/76524\/revisions\/76527"}],"wp:featuredmedia":[{"embeddable":true,"href":"https:\/\/www.praha7.cz\/api\/wp\/v2\/media\/76525"}],"wp:attachment":[{"href":"https:\/\/www.praha7.cz\/api\/wp\/v2\/media?parent=76524"}],"wp:term":[{"taxonomy":"category","embeddable":true,"href":"https:\/\/www.praha7.cz\/api\/wp\/v2\/categories?post=76524"},{"taxonomy":"post_tag","embeddable":true,"href":"https:\/\/www.praha7.cz\/api\/wp\/v2\/tags?post=76524"}],"curies":[{"name":"wp","href":"https:\/\/api.w.org\/{rel}","templated":true}]}}