    
{"id":76382,"date":"2024-05-28T15:52:04","date_gmt":"2024-05-28T13:52:04","guid":{"rendered":"https:\/\/www.praha7.cz\/?p=76382"},"modified":"2024-05-28T15:52:04","modified_gmt":"2024-05-28T13:52:04","slug":"elpida-zve-na-zahradni-slavnost","status":"publish","type":"post","link":"https:\/\/www.praha7.cz\/elpida-zve-na-zahradni-slavnost\/","title":{"rendered":"Elpida zve na zahradn\u00ed slavnost"},"content":{"rendered":"<p>[perex]<\/p>\r\n<p>Centrum Elpida v\u00e1s srde\u010dn\u011b zve na leto\u0161n\u00ed zahradn\u00ed slavnost, kter\u00e1 se ponese v&nbsp;duchu jara a&nbsp;p\u0159\u00edle\u017eitost\u00ed pro nov\u00e1 sezn\u00e1men\u00ed. Je tu mo\u017enost potkat se se spolu\u017e\u00e1ky i&nbsp;lektory v&nbsp;zahrad\u011b Botanicula. U\u017e ve st\u0159edu 29.&nbsp;kv\u011btna 2024 od 14 do 18 hodin. \u010cekaj\u00ed v\u00e1s spole\u010dn\u00e9 hry, hudba, zp\u011bv i&nbsp;v\u00fdtvarn\u00e9 z\u00e1\u017eitky.\u00a0<\/p>\r\n<p>[\/perex]<\/p>\r\n<p>Podrobn\u00fd program najdete <a href=\"https:\/\/centrum.elpida.cz\/web\/kurz-4043\" target=\"_blank\" rel=\"noopener\">zde<\/a> nebo na plak\u00e1tu n\u00ed\u017ee.<\/p>\r\n<p><a href=\"https:\/\/www.praha7.cz\/wp-content\/uploads\/2024\/05\/Zahradni-slavnost_Pristav_2024_page-0001.jpg\"><img loading=\"lazy\" src=\"https:\/\/www.praha7.cz\/wp-content\/uploads\/2024\/05\/Zahradni-slavnost_Pristav_2024_page-0001-705x1000.jpg\" alt=\"\" width=\"640\" height=\"908\" class=\"alignnone size-large wp-image-76384\" srcset=\"https:\/\/www.praha7.cz\/wp-content\/uploads\/2024\/05\/Zahradni-slavnost_Pristav_2024_page-0001-705x1000.jpg 705w, https:\/\/www.praha7.cz\/wp-content\/uploads\/2024\/05\/Zahradni-slavnost_Pristav_2024_page-0001-282x400.jpg 282w, https:\/\/www.praha7.cz\/wp-content\/uploads\/2024\/05\/Zahradni-slavnost_Pristav_2024_page-0001-768x1089.jpg 768w, https:\/\/www.praha7.cz\/wp-content\/uploads\/2024\/05\/Zahradni-slavnost_Pristav_2024_page-0001.jpg 875w\" sizes=\"(max-width: 640px) 100vw, 640px\" \/><\/a><\/p>","protected":false},"excerpt":{"rendered":"[perex] Centrum Elpida v\u00e1s srde\u010dn\u011b zve na leto\u0161n\u00ed zahradn\u00ed slavnost, kter\u00e1 se ponese v&nbsp;duchu jara a&nbsp;p\u0159\u00edle\u017eitost\u00ed pro nov\u00e1 sezn\u00e1men\u00ed. Je tu mo\u017enost potkat se se spolu\u017e\u00e1ky i&nbsp;lektory v&nbsp;zahrad\u011b Botanicula. U\u017e ve st\u0159edu 29.&nbsp;kv\u011btna 2024 od 14 do 18 hodin. \u010cekaj\u00ed v\u00e1s spole\u010dn\u00e9 hry, hudba, zp\u011bv i&nbsp;v\u00fdtvarn\u00e9 z\u00e1\u017eitky.\u00a0 [\/perex] Podrobn\u00fd program najdete zde nebo na plak\u00e1tu [&hellip;]","protected":false},"author":251,"featured_media":76383,"comment_status":"closed","ping_status":"open","sticky":false,"template":"","format":"standard","meta":[],"categories":[34],"tags":[115,91,110],"_links":{"self":[{"href":"https:\/\/www.praha7.cz\/api\/wp\/v2\/posts\/76382"}],"collection":[{"href":"https:\/\/www.praha7.cz\/api\/wp\/v2\/posts"}],"about":[{"href":"https:\/\/www.praha7.cz\/api\/wp\/v2\/types\/post"}],"author":[{"embeddable":true,"href":"https:\/\/www.praha7.cz\/api\/wp\/v2\/users\/251"}],"replies":[{"embeddable":true,"href":"https:\/\/www.praha7.cz\/api\/wp\/v2\/comments?post=76382"}],"version-history":[{"count":1,"href":"https:\/\/www.praha7.cz\/api\/wp\/v2\/posts\/76382\/revisions"}],"predecessor-version":[{"id":76385,"href":"https:\/\/www.praha7.cz\/api\/wp\/v2\/posts\/76382\/revisions\/76385"}],"wp:featuredmedia":[{"embeddable":true,"href":"https:\/\/www.praha7.cz\/api\/wp\/v2\/media\/76383"}],"wp:attachment":[{"href":"https:\/\/www.praha7.cz\/api\/wp\/v2\/media?parent=76382"}],"wp:term":[{"taxonomy":"category","embeddable":true,"href":"https:\/\/www.praha7.cz\/api\/wp\/v2\/categories?post=76382"},{"taxonomy":"post_tag","embeddable":true,"href":"https:\/\/www.praha7.cz\/api\/wp\/v2\/tags?post=76382"}],"curies":[{"name":"wp","href":"https:\/\/api.w.org\/{rel}","templated":true}]}}