    
{"id":76043,"date":"2024-05-17T12:13:48","date_gmt":"2024-05-17T10:13:48","guid":{"rendered":"https:\/\/www.praha7.cz\/?p=76043"},"modified":"2024-05-17T12:16:02","modified_gmt":"2024-05-17T10:16:02","slug":"kvetnovy-hobulet-o-pisnich-i-otcich","status":"publish","type":"post","link":"https:\/\/www.praha7.cz\/kvetnovy-hobulet-o-pisnich-i-otcich\/","title":{"rendered":"Kv\u011btnov\u00fd Hobulet o&nbsp;p\u00edsn\u00edch i&nbsp;otc\u00edch"},"content":{"rendered":"<p>[perex]<\/p>\r\n<p>Kv\u011btnov\u00fd Hobulet v\u00e1s zve do sv\u011bta sedmi\u010dkov\u00fdch t\u00e1t\u016f, na n\u00e1v\u0161t\u011bvu ke zp\u011bva\u010dce Anet\u011b Langerov\u00e9 i&nbsp;do o\u00e1zy v\u011bd\u011bn\u00ed knihovn\u00edka Petra Sou\u010dka. P\u0159in\u00e1\u0161\u00edme tak\u00e9 program festivalu <a href=\"https:\/\/www.praha7.cz\/temata\/art-district-7\/festival-mame-otevreno\/\">M\u00e1me otev\u0159eno<\/a>, kter\u00fd za\u010d\u00edn\u00e1 pr\u00e1v\u011b dnes a&nbsp;kon\u00e1 se do ned\u011ble 19.&nbsp;kv\u011btna. P\u0159e\u010dt\u011bte si z\u00e1v\u011bre\u010dn\u00fd d\u00edl p\u0159\u00edb\u011bhu t\u0159et\u00edho mostu a&nbsp;nalistujte tradi\u010dn\u00ed rubriky Aktivn\u00ed 7, D\u011btem \u010di Stalo se.\u00a0<\/p>\r\n<p>[\/perex]<\/p>\r\n<p>Hobuletem m\u016f\u017eete listovat tak\u00e9 <a href=\"https:\/\/zpravodaj.munipolis.cz\/praha7\/kveten-2024\/\" target=\"_blank\" rel=\"noopener\">online<\/a>. Ilustracemi toto \u010d\u00edslo doprovodili Dusadee Huntrakul (otec) a&nbsp;Prinn Huntrakul (syn), fotografoval Ji\u0159\u00ed Th\u00fdn.<\/p>\r\n<hr \/>\r\n<p>Nedorazil v\u00e1m Hobulet do schr\u00e1nky? Napi\u0161te n\u00e1m pros\u00edm na e-mail <a href=\"mailto:lopezp@praha7.cz\">lopezp@praha7.cz<\/a>, situaci prov\u011b\u0159\u00edme u&nbsp;doru\u010dovatele.<\/p>\r\n<p>Archiv m\u011bs\u00ed\u010dn\u00edku m\u011bstsk\u00e9 \u010d\u00e1sti Praha&nbsp;7 Hobulet najdete\u00a0<a href=\"https:\/\/www.praha7.cz\/hobulet\/archiv-hobuletu\/\">zde<\/a>.<\/p>","protected":false},"excerpt":{"rendered":"[perex] Kv\u011btnov\u00fd Hobulet v\u00e1s zve do sv\u011bta sedmi\u010dkov\u00fdch t\u00e1t\u016f, na n\u00e1v\u0161t\u011bvu ke zp\u011bva\u010dce Anet\u011b Langerov\u00e9 i&nbsp;do o\u00e1zy v\u011bd\u011bn\u00ed knihovn\u00edka Petra Sou\u010dka. P\u0159in\u00e1\u0161\u00edme tak\u00e9 program festivalu M\u00e1me otev\u0159eno, kter\u00fd za\u010d\u00edn\u00e1 pr\u00e1v\u011b dnes a&nbsp;kon\u00e1 se do ned\u011ble 19.&nbsp;kv\u011btna. P\u0159e\u010dt\u011bte si z\u00e1v\u011bre\u010dn\u00fd d\u00edl p\u0159\u00edb\u011bhu t\u0159et\u00edho mostu a&nbsp;nalistujte tradi\u010dn\u00ed rubriky Aktivn\u00ed 7, D\u011btem \u010di Stalo se.\u00a0 [\/perex] Hobuletem m\u016f\u017eete [&hellip;]","protected":false},"author":251,"featured_media":76046,"comment_status":"closed","ping_status":"open","sticky":false,"template":"","format":"standard","meta":[],"categories":[34],"tags":[116],"_links":{"self":[{"href":"https:\/\/www.praha7.cz\/api\/wp\/v2\/posts\/76043"}],"collection":[{"href":"https:\/\/www.praha7.cz\/api\/wp\/v2\/posts"}],"about":[{"href":"https:\/\/www.praha7.cz\/api\/wp\/v2\/types\/post"}],"author":[{"embeddable":true,"href":"https:\/\/www.praha7.cz\/api\/wp\/v2\/users\/251"}],"replies":[{"embeddable":true,"href":"https:\/\/www.praha7.cz\/api\/wp\/v2\/comments?post=76043"}],"version-history":[{"count":3,"href":"https:\/\/www.praha7.cz\/api\/wp\/v2\/posts\/76043\/revisions"}],"predecessor-version":[{"id":76049,"href":"https:\/\/www.praha7.cz\/api\/wp\/v2\/posts\/76043\/revisions\/76049"}],"wp:featuredmedia":[{"embeddable":true,"href":"https:\/\/www.praha7.cz\/api\/wp\/v2\/media\/76046"}],"wp:attachment":[{"href":"https:\/\/www.praha7.cz\/api\/wp\/v2\/media?parent=76043"}],"wp:term":[{"taxonomy":"category","embeddable":true,"href":"https:\/\/www.praha7.cz\/api\/wp\/v2\/categories?post=76043"},{"taxonomy":"post_tag","embeddable":true,"href":"https:\/\/www.praha7.cz\/api\/wp\/v2\/tags?post=76043"}],"curies":[{"name":"wp","href":"https:\/\/api.w.org\/{rel}","templated":true}]}}