    
{"id":75898,"date":"2024-05-13T11:29:38","date_gmt":"2024-05-13T09:29:38","guid":{"rendered":"https:\/\/www.praha7.cz\/?p=75898"},"modified":"2024-05-15T14:08:29","modified_gmt":"2024-05-15T12:08:29","slug":"od-14-kvetna-plati-zakaz-rozdelavani-ohnu","status":"publish","type":"post","link":"https:\/\/www.praha7.cz\/od-14-kvetna-plati-zakaz-rozdelavani-ohnu\/","title":{"rendered":"Od 14.&nbsp;kv\u011btna plat\u00ed z\u00e1kaz rozd\u011bl\u00e1v\u00e1n\u00ed oh\u0148\u016f"},"content":{"rendered":"<p>[perex]<\/p>\r\n<p>Od \u00fater\u00fd 14.&nbsp;kv\u011btna 2024&nbsp;0.00 do p\u00e1tku 17.&nbsp;kv\u011btna 2024&nbsp;6.00 nast\u00e1v\u00e1 na \u00fazem\u00ed Prahy doba zv\u00fd\u0161en\u00e9ho nebezpe\u010d\u00ed vzniku po\u017e\u00e1ru.\u00a0<\/p>\r\n<p>[\/perex]<\/p>\r\n<p>V souladu s&nbsp;ustanoven\u00edm \u00a7 1 Na\u0159\u00edzen\u00ed \u010d. 6\/2019 Sb. hl. m. Prahy se za <strong>m\u00edsto zv\u00fd\u0161en\u00e9ho nebezpe\u010d\u00ed vzniku po\u017e\u00e1ru<\/strong> pova\u017euje:<br \/>\r\na) lesn\u00ed porost a&nbsp;jeho okol\u00ed do vzd\u00e1lenosti 50&nbsp;m od jeho okraje,<br \/>\r\nb) lesopark, park, zahrada a&nbsp;dal\u0161\u00ed porosty umo\u017e\u0148uj\u00edc\u00ed vznik a&nbsp;\u0161\u00ed\u0159en\u00ed po\u017e\u00e1ru,<br \/>\r\nc) sklady sena, sl\u00e1my a&nbsp;jejich okol\u00ed do vzd\u00e1lenosti 50&nbsp;m od jejich okraje,<br \/>\r\nd) plocha zem\u011bd\u011blsk\u00fdch kultur, kter\u00e9 jsou sv\u00fdm rostlinn\u00fdm charakterem schopny vzn\u00edcen\u00ed a&nbsp;\u0161\u00ed\u0159en\u00ed<br \/>\r\npo\u017e\u00e1ru.<\/p>\r\n<p><strong>Zak\u00e1zan\u00e9 n\u00e1sleduj\u00edc\u00ed \u010dinnosti:<\/strong><br \/>\r\nV&nbsp;dob\u011b zv\u00fd\u0161en\u00e9ho nebezpe\u010d\u00ed vzniku po\u017e\u00e1ru se na m\u00edstech uveden\u00fdch v&nbsp;\u00a7 2 zakazuje:<br \/>\r\na) <strong>rozd\u011bl\u00e1v\u00e1n\u00ed nebo udr\u017eov\u00e1n\u00ed otev\u0159en\u00e9ho ohn\u011b<\/strong> (nap\u0159\u00edklad p\u00e1len\u00ed klestu a&nbsp;k\u016fry, spalov\u00e1n\u00ed ho\u0159lav\u00fdch l\u00e1tek na voln\u00e9m prostranstv\u00ed)<br \/>\r\nb) <strong>kou\u0159en\u00ed<\/strong> (s&nbsp;v\u00fdjimkou elektronick\u00fdch cigaret)<br \/>\r\nc) pou\u017e\u00edv\u00e1n\u00ed pyrotechnick\u00fdch v\u00fdrobk\u016f<br \/>\r\nd) pou\u017e\u00edv\u00e1n\u00ed jin\u00fdch zdroj\u016f zap\u00e1len\u00ed, nap\u0159\u00edklad l\u00e9taj\u00edc\u00ed p\u0159\u00e1n\u00ed, lampiony, pochodn\u011b<br \/>\r\ne) odhazov\u00e1n\u00ed ho\u0159\u00edc\u00edch nebo doutnaj\u00edc\u00edch p\u0159edm\u011bt\u016f<br \/>\r\nf) j\u00edzda parn\u00ed lokomotivy, pokud nejsou zaji\u0161t\u011bna bezpe\u010dnostn\u00ed opat\u0159en\u00ed k&nbsp;zamezen\u00ed vzniku po\u017e\u00e1ru<br \/>\r\ng) spot\u0159ebov\u00e1v\u00e1n\u00ed vody ze zdroje pro ha\u0161en\u00ed po\u017e\u00e1r\u016f k&nbsp;jin\u00fdm \u00fa\u010del\u016fm ne\u017e k&nbsp;ha\u0161en\u00ed<\/p>\r\n<p>&nbsp;<\/p>\r\n<p><strong>Aktu\u00e1ln\u00ed informace jsou k&nbsp;dispozici na webu <a href=\"https:\/\/www.chmi.cz\/files\/portal\/docs\/meteo\/om\/vystrahy\/index.html\" target=\"_blank\" rel=\"noopener\">\u010cesk\u00e9ho hydrometeorologick\u00e9ho \u00fastavu<\/a> nebo na <a href=\"https:\/\/www.firerisk.cz\/\" target=\"_blank\" rel=\"noopener\">firerisk.cz<\/a>.<\/strong><\/p>","protected":false},"excerpt":{"rendered":"[perex] Od \u00fater\u00fd 14.&nbsp;kv\u011btna 2024&nbsp;0.00 do p\u00e1tku 17.&nbsp;kv\u011btna 2024&nbsp;6.00 nast\u00e1v\u00e1 na \u00fazem\u00ed Prahy doba zv\u00fd\u0161en\u00e9ho nebezpe\u010d\u00ed vzniku po\u017e\u00e1ru.\u00a0 [\/perex] V&nbsp;souladu s&nbsp;ustanoven\u00edm \u00a7 1 Na\u0159\u00edzen\u00ed \u010d. 6\/2019 Sb. hl. m. Prahy se za m\u00edsto zv\u00fd\u0161en\u00e9ho nebezpe\u010d\u00ed vzniku po\u017e\u00e1ru pova\u017euje: a) lesn\u00ed porost a&nbsp;jeho okol\u00ed do vzd\u00e1lenosti 50&nbsp;m od jeho okraje, b) lesopark, park, zahrada a&nbsp;dal\u0161\u00ed [&hellip;]","protected":false},"author":251,"featured_media":25774,"comment_status":"closed","ping_status":"open","sticky":false,"template":"","format":"standard","meta":[],"categories":[34],"tags":[99,112],"_links":{"self":[{"href":"https:\/\/www.praha7.cz\/api\/wp\/v2\/posts\/75898"}],"collection":[{"href":"https:\/\/www.praha7.cz\/api\/wp\/v2\/posts"}],"about":[{"href":"https:\/\/www.praha7.cz\/api\/wp\/v2\/types\/post"}],"author":[{"embeddable":true,"href":"https:\/\/www.praha7.cz\/api\/wp\/v2\/users\/251"}],"replies":[{"embeddable":true,"href":"https:\/\/www.praha7.cz\/api\/wp\/v2\/comments?post=75898"}],"version-history":[{"count":7,"href":"https:\/\/www.praha7.cz\/api\/wp\/v2\/posts\/75898\/revisions"}],"predecessor-version":[{"id":76003,"href":"https:\/\/www.praha7.cz\/api\/wp\/v2\/posts\/75898\/revisions\/76003"}],"wp:featuredmedia":[{"embeddable":true,"href":"https:\/\/www.praha7.cz\/api\/wp\/v2\/media\/25774"}],"wp:attachment":[{"href":"https:\/\/www.praha7.cz\/api\/wp\/v2\/media?parent=75898"}],"wp:term":[{"taxonomy":"category","embeddable":true,"href":"https:\/\/www.praha7.cz\/api\/wp\/v2\/categories?post=75898"},{"taxonomy":"post_tag","embeddable":true,"href":"https:\/\/www.praha7.cz\/api\/wp\/v2\/tags?post=75898"}],"curies":[{"name":"wp","href":"https:\/\/api.w.org\/{rel}","templated":true}]}}