    
{"id":75811,"date":"2024-05-07T11:53:28","date_gmt":"2024-05-07T09:53:28","guid":{"rendered":"https:\/\/www.praha7.cz\/?p=75811"},"modified":"2024-05-17T12:14:34","modified_gmt":"2024-05-17T10:14:34","slug":"dopravni-omezeni-v-ulici-dukelskych-hrdinu","status":"publish","type":"post","link":"https:\/\/www.praha7.cz\/dopravni-omezeni-v-ulici-dukelskych-hrdinu\/","title":{"rendered":"Dopravn\u00ed omezen\u00ed v&nbsp;ulici Dukelsk\u00fdch hrdin\u016f"},"content":{"rendered":"<p>[perex]<\/p>\r\n<p>Upozor\u0148ujeme, \u017ee pr\u00e1ce v&nbsp;ulici Dukelsk\u00fdch hrdin\u016f vstupuj\u00ed do dal\u0161\u00ed f\u00e1ze. Jak jsme ji\u017e d\u0159\u00edve avizovali, v&nbsp;n\u00e1vaznosti na modernizaci \u017eeleznice a&nbsp;kompletn\u00ed rekonstrukci ulice \u010dekaj\u00ed tuto oblast v\u00fdznamn\u00e9 zm\u011bny. V&nbsp;n\u011bkolika etap\u00e1ch zde ji\u017e prob\u00edh\u00e1 rekonstrukce vodovod\u016f, na kterou od \u010dervence nav\u00e1\u017eou opravy tramvajov\u00e9 trati a&nbsp;d\u00e1le \u00fapravy zast\u00e1vek, p\u0159echod\u016f pro chodce a&nbsp;rekonstrukce komunikac\u00ed a&nbsp;chodn\u00edk\u016f. S&nbsp;ohledem na nadch\u00e1zej\u00edc\u00ed stavebn\u00ed pr\u00e1ce doch\u00e1z\u00ed v&nbsp;ul. Dukelsk\u00fdch hrdin\u016f od pond\u011bl\u00ed 13.&nbsp;5.&nbsp;2024 k&nbsp;p\u0159eru\u0161en\u00ed provozu automobilov\u00e9 dopravy ve sm\u011bru od ulice Kosteln\u00ed k&nbsp;ul. Veletr\u017en\u00ed. V&nbsp;opa\u010dn\u00e9m sm\u011bru bude pro pr\u016fjezd uzav\u0159en \u00fasek od ul. Pplk. Sochora k&nbsp;ul. Kosteln\u00ed.\u00a0<\/p>\r\n<p>[\/perex]<\/p>\r\n<p>Pr\u00e1ce na rekonstrukci vodovod\u016f budou v&nbsp;sou\u010dasn\u00e9 etap\u011b prob\u00edhat na v\u00fdchodn\u00ed stran\u011b ul. Dukelsk\u00fdch hrdin\u016f a\u017e do l\u00e9ta, kdy na n\u011b nav\u00e1\u017ee rekonstrukce tramvajov\u00e9 trati. Dopravn\u00ed opat\u0159en\u00ed si vy\u017e\u00e1daj\u00ed tak\u00e9 vypnut\u00ed semafor\u016f na Strossmayerov\u011b n\u00e1m\u011bst\u00ed. V&nbsp;dot\u010den\u00e9 oblasti je t\u0159eba zajistit p\u0159edev\u0161\u00edm bezpe\u010dn\u00fd pohyb chodc\u016f a&nbsp;plynul\u00fd pr\u016fjezd tramvaj\u00ed a\u017e do letn\u00ed v\u00fdluky tramvajov\u00e9ho provozu. Krom\u011b MHD a&nbsp;IZS bude do uzav\u00edran\u00fdch \u00fasek\u016f umo\u017en\u011bn tak\u00e9 vjezd pro z\u00e1sobov\u00e1n\u00ed.<\/p>\r\n<p>S\u00a0dopravn\u00edmi omezen\u00edmi v\u00a0dot\u010den\u00e9 oblasti je t\u0159eba po\u010d\u00edtat tak\u00e9 v\u00a0pr\u016fb\u011bhu n\u00e1sledn\u00e9 rekonstrukce tramvajov\u00e9 trati a&nbsp;dal\u0161\u00edch \u00faprav v\u00a0ul. Dukelsk\u00fdch hrdin\u016f a&nbsp;na Strossmayerov\u011b n\u00e1m\u011bst\u00ed, kter\u00e9 budou realizov\u00e1ny v\u00a0pr\u016fb\u011bhu tohoto roku. O&nbsp;t\u011bchto etap\u00e1ch v\u00e1s budeme podrobn\u011bji informovat, jakmile budeme m\u00edt k&nbsp;dispozici konkr\u00e9tn\u00ed informace a&nbsp;term\u00edny.<\/p>\r\n<p>&nbsp;<\/p>\r\n<p><strong>Dopravn\u00ed opat\u0159en\u00ed od 13.&nbsp;5.&nbsp;2024:<\/strong><\/p>\r\n<ul>\r\n\t<li>Ul. Dukelsk\u00fdch hrdin\u016f bude uzav\u0159ena pro automobilovou dopravu ve sm\u011bru z&nbsp;n\u00e1b\u0159. Kpt. Jaro\u0161e v&nbsp;\u00faseku Kosteln\u00ed =&gt; Veletr\u017en\u00ed.<\/li>\r\n\t<li>Ve sm\u011bru od ul. Veletr\u017en\u00ed bude ul. Dukelsk\u00fdch hrdin\u016f uzav\u0159ena v&nbsp;\u00faseku Pplk. Sochora =&gt; Kosteln\u00ed.<\/li>\r\n\t<li>Ulice Pplk. Sochora a&nbsp;\u0160ternberkova budou ve sm\u011bru Janovsk\u00e9ho =&gt; Dukelsk\u00fdch hrdin\u016f nepr\u016fjezdn\u00e9.<\/li>\r\n\t<li>V\u00a0ul. Pplk. Sochora bude v\u00a0\u00faseku Dukelsk\u00fdch hrdin\u016f =&gt; Veverkova zm\u011bn\u011bn sm\u011br proj\u00ed\u017ed\u011bj\u00edc\u00edch vozidel.\u00a0 <br \/>\r\n\u00a0<\/li>\r\n<\/ul>\r\n<p>D\u011bkujeme za pochopen\u00ed a&nbsp;trp\u011blivost. Tyto zm\u011bny se pozitivn\u011b prom\u00edtnou do term\u00edn\u016f prob\u00edhaj\u00edc\u00edch staveb, nebo\u0165 povedou k\u00a0efektivn\u011bj\u0161\u00ed realizaci prac\u00ed vlivem odklon\u011bn\u00ed tranzituj\u00edc\u00edch vozidel, stejn\u011b tak bude mo\u017en\u00e9 d\u00edky omezen\u00ed automobilov\u00e9 dopravy udr\u017eet plynulost MHD a\u017e do doby zapo\u010det\u00ed rekonstrukce tramvajov\u00e9 trati v\u00a0\u00faseku od ulice U&nbsp;V\u00fdstavi\u0161t\u011b a\u017e ke Strossmayerovu n\u00e1m\u011bst\u00ed.<\/p>\r\n<p>&nbsp;<\/p>\r\n<p><a href=\"https:\/\/www.praha7.cz\/wp-content\/uploads\/2024\/05\/mapka-dukelskych-hrdinu-uzavirka.png\"><img loading=\"lazy\" src=\"https:\/\/www.praha7.cz\/wp-content\/uploads\/2024\/05\/mapka-dukelskych-hrdinu-uzavirka-189x400.png\" alt=\"\" width=\"189\" height=\"400\" class=\"alignnone wp-image-75812 size-medium\" srcset=\"https:\/\/www.praha7.cz\/wp-content\/uploads\/2024\/05\/mapka-dukelskych-hrdinu-uzavirka-189x400.png 189w, https:\/\/www.praha7.cz\/wp-content\/uploads\/2024\/05\/mapka-dukelskych-hrdinu-uzavirka-471x1000.png 471w, https:\/\/www.praha7.cz\/wp-content\/uploads\/2024\/05\/mapka-dukelskych-hrdinu-uzavirka-768x1629.png 768w, https:\/\/www.praha7.cz\/wp-content\/uploads\/2024\/05\/mapka-dukelskych-hrdinu-uzavirka-724x1536.png 724w, https:\/\/www.praha7.cz\/wp-content\/uploads\/2024\/05\/mapka-dukelskych-hrdinu-uzavirka-965x2048.png 965w, https:\/\/www.praha7.cz\/wp-content\/uploads\/2024\/05\/mapka-dukelskych-hrdinu-uzavirka.png 1169w\" sizes=\"(max-width: 189px) 100vw, 189px\" \/><\/a><\/p>\r\n<p><a href=\"https:\/\/www.openstreetmap.org\/copyright\" target=\"_blank\" rel=\"noopener\">\u00a9 OpenStreetMap<\/a><\/p>\r\n<p>&nbsp;<\/p>\r\n<h3>Zm\u011bna ve veden\u00ed linky 156<\/h3>\r\n<p>Do odvol\u00e1n\u00ed (p\u0159edpoklad do 28.&nbsp;\u010dervna 2024) doch\u00e1z\u00ed k&nbsp;d\u00edl\u010d\u00ed zm\u011bn\u011b trasy a&nbsp;zast\u00e1vek pro linku \u010d\u00edslo 156.<\/p>\r\n<ul>\r\n\t<li>Ve sm\u011bru OC Stromovka je linka vedena do ulice Dukelsk\u00fdch hrdin\u016f po st\u00e1vaj\u00edc\u00ed trase a&nbsp;n\u00e1sledn\u011b v&nbsp;k\u0159i\u017eovatce s&nbsp;ulic\u00ed Na Ov\u010din\u00e1ch n\u00e1jezdem na tramvajovou tra\u0165 po ulici Dukelsk\u00fdch hrdin\u016f, Veletr\u017en\u00ed ulic\u00ed a&nbsp;d\u00e1le po sv\u00e9 trase.<\/li>\r\n\t<li>Ve sm\u011bru OC Stromovka se v&nbsp;ulici Dukelsk\u00fdch hrdin\u016f p\u0159emis\u0165uj\u00ed zast\u00e1vky\u00a0Strossmayerovo n\u00e1m\u011bst\u00ed\u00a0a\u00a0Veletr\u017en\u00ed pal\u00e1c\u00a0z komunikace na tramvajovou tra\u0165 do zast\u00e1vek tramvaj\u00ed.<\/li>\r\n<\/ul>","protected":false},"excerpt":{"rendered":"[perex] Upozor\u0148ujeme, \u017ee pr\u00e1ce v&nbsp;ulici Dukelsk\u00fdch hrdin\u016f vstupuj\u00ed do dal\u0161\u00ed f\u00e1ze. Jak jsme ji\u017e d\u0159\u00edve avizovali, v&nbsp;n\u00e1vaznosti na modernizaci \u017eeleznice a&nbsp;kompletn\u00ed rekonstrukci ulice \u010dekaj\u00ed tuto oblast v\u00fdznamn\u00e9 zm\u011bny. V&nbsp;n\u011bkolika etap\u00e1ch zde ji\u017e prob\u00edh\u00e1 rekonstrukce vodovod\u016f, na kterou od \u010dervence nav\u00e1\u017eou opravy tramvajov\u00e9 trati a&nbsp;d\u00e1le \u00fapravy zast\u00e1vek, p\u0159echod\u016f pro chodce a&nbsp;rekonstrukce komunikac\u00ed a&nbsp;chodn\u00edk\u016f. S&nbsp;ohledem na nadch\u00e1zej\u00edc\u00ed [&hellip;]","protected":false},"author":5,"featured_media":75818,"comment_status":"closed","ping_status":"open","sticky":false,"template":"","format":"standard","meta":[],"categories":[34],"tags":[57],"_links":{"self":[{"href":"https:\/\/www.praha7.cz\/api\/wp\/v2\/posts\/75811"}],"collection":[{"href":"https:\/\/www.praha7.cz\/api\/wp\/v2\/posts"}],"about":[{"href":"https:\/\/www.praha7.cz\/api\/wp\/v2\/types\/post"}],"author":[{"embeddable":true,"href":"https:\/\/www.praha7.cz\/api\/wp\/v2\/users\/5"}],"replies":[{"embeddable":true,"href":"https:\/\/www.praha7.cz\/api\/wp\/v2\/comments?post=75811"}],"version-history":[{"count":10,"href":"https:\/\/www.praha7.cz\/api\/wp\/v2\/posts\/75811\/revisions"}],"predecessor-version":[{"id":75824,"href":"https:\/\/www.praha7.cz\/api\/wp\/v2\/posts\/75811\/revisions\/75824"}],"wp:featuredmedia":[{"embeddable":true,"href":"https:\/\/www.praha7.cz\/api\/wp\/v2\/media\/75818"}],"wp:attachment":[{"href":"https:\/\/www.praha7.cz\/api\/wp\/v2\/media?parent=75811"}],"wp:term":[{"taxonomy":"category","embeddable":true,"href":"https:\/\/www.praha7.cz\/api\/wp\/v2\/categories?post=75811"},{"taxonomy":"post_tag","embeddable":true,"href":"https:\/\/www.praha7.cz\/api\/wp\/v2\/tags?post=75811"}],"curies":[{"name":"wp","href":"https:\/\/api.w.org\/{rel}","templated":true}]}}