    
{"id":75788,"date":"2024-05-06T13:30:01","date_gmt":"2024-05-06T11:30:01","guid":{"rendered":"https:\/\/www.praha7.cz\/?p=75788"},"modified":"2024-05-06T13:33:38","modified_gmt":"2024-05-06T11:33:38","slug":"festival-otevrenych-budov-18-a-19-kvetna","status":"publish","type":"post","link":"https:\/\/www.praha7.cz\/festival-otevrenych-budov-18-a-19-kvetna\/","title":{"rendered":"Festival otev\u0159en\u00fdch budov 18.&nbsp;a&nbsp;19.&nbsp;kv\u011btna"},"content":{"rendered":"<p>[perex]<\/p>\r\n<p>Festival <a href=\"https:\/\/www.openhousepraha.cz\/\" target=\"_blank\" rel=\"noopener\">Open House Praha<\/a> se letos kon\u00e1 ji\u017e podes\u00e1t\u00e9. Jubilejn\u00ed ro\u010dn\u00edk prob\u011bhne v&nbsp;term\u00ednu 13.&nbsp;a\u017e 19.&nbsp;kv\u011btna 2024, o&nbsp;v\u00edkendu 18.&nbsp;a&nbsp;19.&nbsp;kv\u011btna festival zp\u0159\u00edstupn\u00ed ve\u0159ejnosti zdarma 115 budov a&nbsp;prostor\u016f na cel\u00e9m \u00fazem\u00ed hlavn\u00edho m\u011bsta. V&nbsp;t\u00fddnu od 13.&nbsp;kv\u011btna bude p\u0159ipraven doprovodn\u00fd program, jeho\u017e sou\u010d\u00e1st\u00ed budou speci\u00e1ln\u00ed komentovan\u00e9 proch\u00e1zky, p\u0159edn\u00e1\u0161ky, diskuze, prohl\u00eddky pro rodiny s&nbsp;d\u011btmi \u010di n\u00e1v\u0161t\u011bvn\u00edky se zdravotn\u00edm posti\u017een\u00edm.<br \/>\r\n[\/perex]<\/p>\r\n<p><em>\u201eOpen House Praha nech\u00e1 nahl\u00e9dnout do budov spojen\u00fdch s&nbsp;v\u00fdznamn\u00fdmi \u010desk\u00fdmi architekty, jejich\u017e \u017eivotn\u00ed jubilea si letos p\u0159ipom\u00edn\u00e1me \u2013 nap\u0159\u00edklad Josefa Fuchse, Old\u0159icha Tyla, Adolfa Ben\u0161e, Josefa Fanty, Jana Gillara, Karla Hub\u00e1\u010dka a&nbsp;dal\u0161\u00edch. Sou\u010dasn\u011b se bude v\u011bnovat t\u00e9matu p\u0159\u00edstupnosti a&nbsp;otev\u0159enosti m\u011bsta v\u0161em skupin\u00e1m obyvatel,\u201c<\/em> \u0159\u00edk\u00e1 \u0159editelka festivalu Kl\u00e1ra Vesel\u00e1.<\/p>\r\n<p>Open House Praha je ur\u010den pro \u0161irokou ve\u0159ejnost a&nbsp;jeho mottem je Architektura pro v\u0161echny. V\u00edkendov\u00fd program nab\u00edz\u00ed speci\u00e1ln\u00ed prohl\u00eddky pro d\u011bti, d\u00e1le pak pro osoby se sluchov\u00fdm \u010di zrakov\u00fdm posti\u017een\u00edm, a&nbsp;nezapom\u00edn\u00e1 ani na cizince dlouhodob\u011b \u017eij\u00edc\u00ed v&nbsp;Praze. P\u0159ipravena bude tak\u00e9 <a href=\"https:\/\/www.openhousepraha.cz\/festival-2024\/open-senses\/\" target=\"_blank\" rel=\"noopener\">interaktivn\u00ed m\u011bstsk\u00e1 hra<\/a>, v&nbsp;r\u00e1mci kter\u00e9 si z\u00e1jemci mohou vyzkou\u0161et na vlastn\u00ed k\u016f\u017ei, jak\u00fdm v\u00fdzv\u00e1m mus\u00ed ka\u017edodenn\u011b \u010delit lid\u00e9 s&nbsp;r\u016fzn\u00fdmi formy hendikepu p\u0159i pohybu po m\u011bst\u011b. D\u00edky stovk\u00e1m dobrovoln\u00edk\u016f se otev\u0159e na jeden v\u00edkend v&nbsp;roce m\u011bsto pro v\u0161echny. Dobrovoln\u00edci pom\u00e1haj\u00ed s&nbsp;prov\u00e1d\u011bn\u00edm n\u00e1v\u0161t\u011bvn\u00edk\u016f v&nbsp;budov\u00e1ch i&nbsp;koordinac\u00ed provozu. <a href=\"https:\/\/www.openhousepraha.cz\/dobrovolnici\/\" target=\"_blank\" rel=\"noopener\">P\u0159ihl\u00e1sit se<\/a> m\u016f\u017ee ka\u017ed\u00fd, koho l\u00e1k\u00e1 nahl\u00e9dnout do z\u00e1kulis\u00ed p\u0159\u00edprav akce a&nbsp;zapojit se do p\u0159\u00edprav nejv\u011bt\u0161\u00edho festivalu architektury v&nbsp;Praze.<\/p>\r\n<p>&nbsp;<\/p>\r\n<hr \/>\r\n<h4><a href=\"https:\/\/www.openhousepraha.cz\/festival-2024\/\" target=\"_blank\" rel=\"noopener\">Kompletn\u00ed program<\/a><\/h4>\r\n<hr \/>\r\n<p>&nbsp;<\/p>\r\n<h3>Na \u00fazem\u00ed m\u011bstsk\u00e9 \u010d\u00e1sti Praha&nbsp;7 festival letos otev\u0159e 9 budov<\/h3>\r\n<p>Prvn\u00ed novinka z\u00e1rove\u0148 p\u0159ipomene 130 let od narozen\u00ed jedn\u00e9 z&nbsp;legend \u010deskoslovensk\u00e9 funkcionalistick\u00e9 architektury \u2013 Josefa Fuchse. B\u011bhem festivalov\u00e9ho v\u00edkendu bude otev\u0159ena <strong>budova b\u00fdval\u00e9 restaurace zimn\u00edho stadionu \u0160tvanice<\/strong>. P\u016fvodn\u011b vedle n\u00ed st\u00e1l i&nbsp;stadion, kter\u00fd m\u011bl kapacitu a\u017e deset tis\u00edc div\u00e1k\u016f. Ten v&nbsp;minulosti n\u011bkolikr\u00e1t slou\u017eil jako m\u00edsto kon\u00e1n\u00ed mistrovstv\u00ed sv\u011bta v&nbsp;hokeji a&nbsp;po roce 1959 byl vyu\u017e\u00edv\u00e1n jako m\u00edsto bruslen\u00ed pro ve\u0159ejnost. Jeho stav ale postupn\u011b ch\u00e1tral a&nbsp;roku 2011 byl i&nbsp;p\u0159es svou pam\u00e1tkovou ochranu zbour\u00e1n. U\u0161et\u0159ena z\u016fstala jen budova kav\u00e1rny, kter\u00e1 se dodnes \u0159ad\u00ed d\u00edky sv\u00e9 bohat\u011b prosklen\u00e9 fas\u00e1d\u011b mezi z\u00e1\u0159n\u00e9 uk\u00e1zky \u010desk\u00e9 funkcionalistick\u00e9 architektury, a&nbsp;dnes v&nbsp;n\u00ed s\u00eddl\u00ed klub Fuchs2. Sou\u010d\u00e1st\u00ed doprovodn\u00e9ho programu festivalu bude v&nbsp;\u00fater\u00fd 14.&nbsp;kv\u011btna od 18.00 hodin <a href=\"https:\/\/www.openhousepraha.cz\/2023\/10\/03\/architekti-tyl-a-fuchs-nejen-tvurci-veletrzniho-palace\/\" target=\"_blank\" rel=\"noopener\">p\u0159edn\u00e1\u0161ka<\/a> Zde\u0148ka Luke\u0161e v\u011bnovan\u00e1 architekt\u016fm a&nbsp;leto\u0161n\u00edm jubilant\u016fm Old\u0159ichu Tylovi (1884\u20131939) a&nbsp;Josefu Fuchsovi, kter\u00e1 se uskute\u010dn\u00ed pr\u00e1v\u011b v&nbsp;prostor\u00e1ch Fuchs2.\u00a0<\/p>\r\n<p>Kousek odsud bude otev\u0159en i&nbsp;dal\u0161\u00ed funkcionalistick\u00fd klenot, kter\u00fdm je <strong>Bubensk\u00e1 1, budova b\u00fdval\u00fdch Elektrick\u00fdch podnik\u016f Praha<\/strong>. Jedn\u00e1 se o&nbsp;realizaci architekt\u016f Adolfa Ben\u0161e, jeho\u017e 130.&nbsp;narozeniny festival letos p\u0159ipom\u00edn\u00e1, a&nbsp;Josefa K\u0159\u00ed\u017ee. Ve sv\u00e9 dob\u011b byla tato budova uk\u00e1zkou modern\u00edch stavitelsk\u00fdch postup\u016f a&nbsp;technologi\u00ed, odr\u00e1\u017eej\u00edc\u00edch ambice prvn\u00ed republiky. Ned\u00e1vno dokon\u010den\u00e1 rekonstrukce tohoto pam\u00e1tkov\u011b chr\u00e1n\u011bn\u00e9ho objektu pod taktovkou ateli\u00e9ru TaK je ozna\u010dov\u00e1na za jednu z&nbsp;nejv\u011bt\u0161\u00edch a&nbsp;technicky nejn\u00e1ro\u010dn\u011bj\u0161\u00edch v&nbsp;\u010cR. Z\u00edskala dokonce speci\u00e1ln\u00ed ocen\u011bn\u00ed poroty Estate Awards 2021 \u010di titul Stavba roku 2021. D\u00edky festivalu bude zp\u0159\u00edstupn\u011bna vstupn\u00ed hala, atrium, elektr\u00e1rensk\u00e1 hala a&nbsp;ji\u017en\u00ed terasa.<\/p>\r\n<p>N\u00e1v\u0161t\u011bvn\u00edk\u016fm bude otev\u0159en i&nbsp;<strong>Veletr\u017en\u00ed pal\u00e1c<\/strong>, jedna z&nbsp;realizac\u00ed architekt\u016f Josefa Fuchse a&nbsp;Old\u0159icha Tyla, kter\u00fd by letos oslavil 140.&nbsp;narozeniny. V&nbsp;dob\u011b sv\u00e9ho vzniku pat\u0159ila tato osmipodla\u017en\u00ed konstruktivistick\u00e1 stavba, sv\u00e9ho druhu nejv\u011bt\u0161\u00ed na sv\u011bt\u011b, k&nbsp;absolutn\u00ed \u0161pi\u010dce modern\u00ed architektury. Krom\u011b v\u00fdstavn\u00edch prostor\u016f zde bylo kino, restaurace a&nbsp;kav\u00e1rna na st\u0159e\u0161n\u00ed terase. V&nbsp;roce 1974 v\u0161ak pal\u00e1c zni\u010dil obrovsk\u00fd po\u017e\u00e1r. Po dlouh\u00fdch diskuz\u00edch bylo rozhodnuto tuto v\u00fdjime\u010dnou stavbu obnovit pro pot\u0159eby N\u00e1rodn\u00ed galerie. V&nbsp;r\u00e1mci festivalov\u00e9ho v\u00edkendu bude mo\u017en\u00e9 nahl\u00e9dnout do b\u011b\u017en\u011b nep\u0159\u00edstupn\u00fdch prostor, jako je technick\u00e9 a&nbsp;kancel\u00e1\u0159sk\u00e9 z\u00e1zem\u00ed nebo st\u0159e\u0161n\u00ed terasa. <a href=\"https:\/\/www.openhousepraha.cz\/2023\/10\/03\/promeny-veletrzniho-palace-od-navrhu-k-rekonstrukci\/\" target=\"_blank\" rel=\"noopener\">P\u0159edn\u00e1\u0161ka<\/a> o&nbsp;Veletr\u017en\u00edm pal\u00e1ci se kon\u00e1 13.&nbsp;kv\u011btna.<\/p>\r\n<p>Naproti p\u0159es ulici bude mo\u017en\u00e9 nav\u0161t\u00edvit <strong>budovu b\u00fdval\u00e9ho Parkhotelu Praha, dnes Mama Shelter Prague<\/strong>. Jedn\u00e1 se o&nbsp;jednu z&nbsp;nejlep\u0161\u00edch staveb sv\u00e9 doby a&nbsp;uk\u00e1zku \u201ezlat\u00fdch 60.&nbsp;let\u201c v&nbsp;architektu\u0159e.<\/p>\r\n<p>Do programu se vr\u00e1tily i&nbsp;dv\u011b novinky z&nbsp;lo\u0148sk\u00e9ho roku. Prvn\u00ed je <strong>neorenesan\u010dn\u00ed pavilon Plze\u0148sk\u00e9ho m\u011b\u0161\u0165ansk\u00e9ho pivovaru<\/strong>, jeden z&nbsp;historicky nejv\u00fdznamn\u011bj\u0161\u00edch objekt\u016f na pra\u017esk\u00e9m V\u00fdstavi\u0161ti. Pivnici zde provozoval zn\u00e1m\u00fd pra\u017esk\u00fd hoteli\u00e9r a&nbsp;restaurat\u00e9r V\u00e1clav Petzold, a&nbsp;tak se budov\u011b tak\u00e9 \u0159\u00edkalo Petzoldova restaurace. Dnes \u2013 po d\u016fkladn\u00e9 rekonstrukci \u2013 ji zn\u00e1me sp\u00ed\u0161e pod n\u00e1zvem Bohemia. Druhou je <strong>are\u00e1l PORT7<\/strong>, le\u017e\u00edc\u00ed v&nbsp;m\u00edstech b\u00fdval\u00e9 tov\u00e1rny na betonov\u00e9 prefabrik\u00e1ty v&nbsp;Hole\u0161ovic\u00edch. Zch\u00e1tral\u00fd prostor odkoupila v&nbsp;roce 2017 spole\u010dnost Skanska a&nbsp;od roku 2021 zde buduje multifunk\u010dn\u00ed komplex budov, kter\u00fd je ji\u017e z&nbsp;velk\u00e9 \u010d\u00e1sti dokon\u010den. Projekt navr\u017een\u00fd studiem DAM.architekti nab\u00edz\u00ed jak kancel\u00e1\u0159e a&nbsp;obchody, tak \u010dlenit\u00fd ve\u0159ejn\u00fd prostor, kter\u00fd zahrnuje park s&nbsp;promen\u00e1dou kolem Vltavy, sportovi\u0161t\u011b, cyklostezku i&nbsp;lod\u011bnici.<\/p>\r\n<p>Tradi\u010dn\u011b nebude chyb\u011bt ani <strong>Vod\u00e1rensk\u00e1 v\u011b\u017e Letn\u00e1<\/strong>, neorenesan\u010dn\u00ed stavba z&nbsp;konce 19.&nbsp;stolet\u00ed, je\u017e pro\u0161la v&nbsp;roce 2018 citlivou rekonstrukc\u00ed podle ateli\u00e9ru architekta Petra H\u00e1jka. V&nbsp;r\u00e1mci festivalu zde lid\u00e9 budou moct nav\u0161t\u00edvit knihovnu v&nbsp;t\u0159et\u00edm pat\u0159e, galerii ve \u010dtvrt\u00e9m pat\u0159e a&nbsp;ochoz v\u011b\u017ee s&nbsp;v\u00fdhledem.<\/p>\r\n<p>Na druh\u00e9m b\u0159ehu Vltavy v&nbsp;Troji se nov\u011b otev\u0159e i&nbsp;<strong>budova b\u00fdval\u00e9ho Trojsk\u00e9ho pivovaru<\/strong>, kde se ve druh\u00e9 polovin\u011b 19.&nbsp;stolet\u00ed nach\u00e1zel jeden z&nbsp;nejv\u011bt\u0161\u00edch pivovar\u016f v&nbsp;\u010cech\u00e1ch. V\u00fdroba piva zde v\u0161ak postupn\u011b uvadala. V\u00fdrazn\u00fd z\u00e1sah p\u0159i\u0161el v&nbsp;70.&nbsp;letech, kdy byla \u010d\u00e1st are\u00e1lu zbo\u0159ena a&nbsp;nahrazena skladovac\u00edmi halami. Dal\u0161\u00ed pohromu znamenaly povodn\u011b v&nbsp;roce 2002, po kter\u00fdch za\u010dal opu\u0161t\u011bn\u00fd pivovar ch\u00e1trat a&nbsp;zar\u016fstat. V&nbsp;roce 2018 zde vznikla Art&amp;Food ZOOna, na kterou nav\u00e1zala dne\u0161n\u00ed Kolovna ZOOna. Krom\u011b prostoru pro setk\u00e1v\u00e1n\u00ed \u010di z\u00e1zem\u00ed pro d\u011bti je zde i&nbsp;prodejna kol, jej\u00ed\u017e podoba je d\u00edlem studia Atelier3M.<\/p>\r\n<p>N\u00e1v\u0161t\u011bvn\u00edk\u016fm bude zp\u0159\u00edstupn\u011bn i&nbsp;<strong>are\u00e1l z\u00e1mku Troja<\/strong>, kter\u00fd dnes spravuje Galerie hlavn\u00edho m\u011bsta Prahy. Jeho impozantn\u00ed barokn\u00ed architektura se zde snoub\u00ed s&nbsp;n\u00e1dhern\u00fdmi malbami a&nbsp;bohatou socha\u0159skou v\u00fdzdobou a&nbsp;spole\u010dn\u011b vytv\u00e1\u0159ej\u00ed ohromuj\u00edc\u00ed pod\u00edvanou. V&nbsp;r\u00e1mci festivalu bude mo\u017en\u00e9 se pod\u00edvat do kon\u00edrny, podzemn\u00ed chodby a&nbsp;b\u011b\u017en\u011b nep\u0159\u00edstupn\u00fdch prostor pod barokn\u00edm schodi\u0161t\u011bm vedouc\u00edm do z\u00e1meck\u00fdch zahrad.<\/p>\r\n<p>&nbsp;<\/p>\r\n<p>Vstup do budov je zdarma a&nbsp;bez nutnosti p\u0159edchoz\u00ed registrace. Budovy jsou otev\u0159eny v\u011bt\u0161inou od 10 do 18 hodin, ale existuj\u00ed v\u00fdjimky.<\/p>\r\n<hr \/>\r\n<p><a href=\"https:\/\/www.openhousepraha.cz\/o-nas\/\" target=\"_blank\" rel=\"noopener\">Open House Praha<\/a> je sou\u010d\u00e1st\u00ed mezin\u00e1rodn\u00ed s\u00edt\u011b festival\u016f Open House Worldwide, kter\u00e9 se konaj\u00ed v&nbsp;60 m\u011bstech po cel\u00e9m sv\u011bt\u011b. D\u00edky zapojen\u00ed stovek dobrovoln\u00edk\u016f, kte\u0159\u00ed pom\u00e1haj\u00ed s&nbsp;otev\u00edr\u00e1n\u00edm budov, je Open House Praha nejen kulturn\u00edm sv\u00e1tkem m\u011bsta, ale tak\u00e9 jedine\u010dnou akc\u00ed s\u00a0komunitn\u00edm a&nbsp;soci\u00e1ln\u00edm p\u0159esahem.\u00a0<\/p>","protected":false},"excerpt":{"rendered":"[perex] Festival Open House Praha se letos kon\u00e1 ji\u017e podes\u00e1t\u00e9. Jubilejn\u00ed ro\u010dn\u00edk prob\u011bhne v&nbsp;term\u00ednu 13.&nbsp;a\u017e 19.&nbsp;kv\u011btna 2024, o&nbsp;v\u00edkendu 18.&nbsp;a&nbsp;19.&nbsp;kv\u011btna festival zp\u0159\u00edstupn\u00ed ve\u0159ejnosti zdarma 115 budov a&nbsp;prostor\u016f na cel\u00e9m \u00fazem\u00ed hlavn\u00edho m\u011bsta. V&nbsp;t\u00fddnu od 13.&nbsp;kv\u011btna bude p\u0159ipraven doprovodn\u00fd program, jeho\u017e sou\u010d\u00e1st\u00ed budou speci\u00e1ln\u00ed komentovan\u00e9 proch\u00e1zky, p\u0159edn\u00e1\u0161ky, diskuze, prohl\u00eddky pro rodiny s&nbsp;d\u011btmi \u010di n\u00e1v\u0161t\u011bvn\u00edky se zdravotn\u00edm posti\u017een\u00edm. [&hellip;]","protected":false},"author":251,"featured_media":75789,"comment_status":"closed","ping_status":"open","sticky":false,"template":"","format":"standard","meta":[],"categories":[34],"tags":[119,91],"_links":{"self":[{"href":"https:\/\/www.praha7.cz\/api\/wp\/v2\/posts\/75788"}],"collection":[{"href":"https:\/\/www.praha7.cz\/api\/wp\/v2\/posts"}],"about":[{"href":"https:\/\/www.praha7.cz\/api\/wp\/v2\/types\/post"}],"author":[{"embeddable":true,"href":"https:\/\/www.praha7.cz\/api\/wp\/v2\/users\/251"}],"replies":[{"embeddable":true,"href":"https:\/\/www.praha7.cz\/api\/wp\/v2\/comments?post=75788"}],"version-history":[{"count":2,"href":"https:\/\/www.praha7.cz\/api\/wp\/v2\/posts\/75788\/revisions"}],"predecessor-version":[{"id":75791,"href":"https:\/\/www.praha7.cz\/api\/wp\/v2\/posts\/75788\/revisions\/75791"}],"wp:featuredmedia":[{"embeddable":true,"href":"https:\/\/www.praha7.cz\/api\/wp\/v2\/media\/75789"}],"wp:attachment":[{"href":"https:\/\/www.praha7.cz\/api\/wp\/v2\/media?parent=75788"}],"wp:term":[{"taxonomy":"category","embeddable":true,"href":"https:\/\/www.praha7.cz\/api\/wp\/v2\/categories?post=75788"},{"taxonomy":"post_tag","embeddable":true,"href":"https:\/\/www.praha7.cz\/api\/wp\/v2\/tags?post=75788"}],"curies":[{"name":"wp","href":"https:\/\/api.w.org\/{rel}","templated":true}]}}