    
{"id":75626,"date":"2024-04-29T10:39:11","date_gmt":"2024-04-29T08:39:11","guid":{"rendered":"https:\/\/www.praha7.cz\/?p=75626"},"modified":"2024-04-29T10:39:11","modified_gmt":"2024-04-29T08:39:11","slug":"nabor-do-registru-darcu-kostni-drene","status":"publish","type":"post","link":"https:\/\/www.praha7.cz\/nabor-do-registru-darcu-kostni-drene\/","title":{"rendered":"N\u00e1bor do registru d\u00e1rc\u016f kostn\u00ed d\u0159en\u011b"},"content":{"rendered":"<p>[perex]<\/p>\r\n<p><a href=\"http:\/\/www.kostnidren.cz\">\u010cesk\u00fd n\u00e1rodn\u00ed registr d\u00e1rc\u016f d\u0159en\u011b<\/a> bude v&nbsp;\u00fater\u00fd 21.&nbsp;kv\u011btna 2024 od 15 do 18 hodin p\u0159ed kostelem sv. Anton\u00edna po\u0159\u00e1dat n\u00e1bor do sv\u00fdch \u0159ad. Deset minut va\u0161eho \u010dasu toti\u017e m\u016f\u017ee jednou n\u011bkomu zachr\u00e1nit \u017eivot. Vstupem do registru se st\u00e1v\u00e1te potenci\u00e1ln\u00edm d\u00e1rcem pro kohokoliv na sv\u011bt\u011b, kdo onemocn\u00ed leukemi\u00ed \u010di jinou v\u00e1\u017enou poruchou krvetvorby, a&nbsp;jeho jedin\u00e1 nad\u011bje na vyl\u00e9\u010den\u00ed je transplantace kostn\u00ed d\u0159en\u011b.<\/p>\r\n<p>[\/perex]<\/p>\r\n<p>Pro z\u00e1pis do registru sta\u010d\u00ed na m\u00edst\u011b vyplnit zdravotn\u00ed dotazn\u00edk a&nbsp;prov\u00e9st si st\u011br z&nbsp;\u00fastn\u00ed dutiny. Jedn\u00e1 se o&nbsp;plnou registraci bez nutnosti dal\u0161\u00ed n\u00e1v\u0161t\u011bvy nemocnice.<\/p>\r\n<p>Svou kostn\u00ed d\u0159e\u0148\/krvetvorn\u00e9 bu\u0148ky nedarujete po z\u00e1pisu nijak do z\u00e1soby, ale v\u017edy a\u017e konkr\u00e9tn\u00edmu \u010dlov\u011bku, kter\u00fd s&nbsp;v\u00e1mi mus\u00ed m\u00edt shodu v&nbsp;\u010d\u00e1sti genetiky \u2013 tzv. HLA znac\u00edch. Takovou shodu je ale bohu\u017eel velmi t\u011b\u017ek\u00e9 naj\u00edt. Vhodn\u00fd d\u00e1rce nen\u00ed pro cca ka\u017ed\u00e9ho \u010dtvrt\u00e9ho nemocn\u00e9ho, a&nbsp;je proto pot\u0159eba jejich \u0159ady v&nbsp;registru neust\u00e1le roz\u0161i\u0159ovat. Pravd\u011bpodobnost, \u017ee se po registraci stanete skute\u010dn\u011b d\u00e1rcem, je bohu\u017eel pouze 1 %, ale u\u017e svou registrac\u00ed nemocn\u00fdm d\u00e1v\u00e1te velkou nad\u011bji.\u00a0<\/p>\r\n<hr \/>\r\n<p>Z\u00e1kladn\u00ed podm\u00ednky pro vstup do \u010cesk\u00e9ho n\u00e1rodn\u00edho registru d\u00e1rc\u016f d\u0159en\u011b:<br \/>\r\n\u25cf v\u011bk 18\u201335 let (a\u017e do dne 36.&nbsp;narozenin)<br \/>\r\n\u25cf velmi dobr\u00fd zdravotn\u00ed stav bez trval\u00e9ho u\u017e\u00edv\u00e1n\u00ed l\u00e9k\u016f (vyjma antikoncepce a&nbsp;l\u00e9k\u016f na sezonn\u00ed alergie)<br \/>\r\n\u25cf hmotnost alespo\u0148 50&nbsp;kg<br \/>\r\n\u2192 <a href=\"http:\/\/www.kostnidren.cz\">www.kostnidren.cz<\/a><\/p>\r\n<hr \/>\r\n<p><a href=\"https:\/\/www.facebook.com\/events\/1125329898588001\/?acontext=%7B%22event_action_history%22%3A[%7B%22extra_data%22%3A%22%22%2C%22mechanism%22%3A%22calendar_hosting_events_unit%22%2C%22surface%22%3A%22bookmark_calendar%22%7D%2C%7B%22extra_data%22%3A%22%22%2C%22mechanism%22%3A%22surface%22%2C%22surface%22%3A%22permalink%22%7D%2C%7B%22extra_data%22%3A%22%22%2C%22mechanism%22%3A%22surface%22%2C%22surface%22%3A%22edit_dialog%22%7D]%2C%22ref_notif_type%22%3Anull%7D\">FB ud\u00e1lost<\/a><\/p>","protected":false},"excerpt":{"rendered":"[perex] \u010cesk\u00fd n\u00e1rodn\u00ed registr d\u00e1rc\u016f d\u0159en\u011b bude v&nbsp;\u00fater\u00fd 21.&nbsp;kv\u011btna 2024 od 15 do 18 hodin p\u0159ed kostelem sv. Anton\u00edna po\u0159\u00e1dat n\u00e1bor do sv\u00fdch \u0159ad. Deset minut va\u0161eho \u010dasu toti\u017e m\u016f\u017ee jednou n\u011bkomu zachr\u00e1nit \u017eivot. Vstupem do registru se st\u00e1v\u00e1te potenci\u00e1ln\u00edm d\u00e1rcem pro kohokoliv na sv\u011bt\u011b, kdo onemocn\u00ed leukemi\u00ed \u010di jinou v\u00e1\u017enou poruchou krvetvorby, a&nbsp;jeho jedin\u00e1 [&hellip;]","protected":false},"author":76,"featured_media":75627,"comment_status":"closed","ping_status":"open","sticky":false,"template":"","format":"standard","meta":[],"categories":[34],"tags":[],"_links":{"self":[{"href":"https:\/\/www.praha7.cz\/api\/wp\/v2\/posts\/75626"}],"collection":[{"href":"https:\/\/www.praha7.cz\/api\/wp\/v2\/posts"}],"about":[{"href":"https:\/\/www.praha7.cz\/api\/wp\/v2\/types\/post"}],"author":[{"embeddable":true,"href":"https:\/\/www.praha7.cz\/api\/wp\/v2\/users\/76"}],"replies":[{"embeddable":true,"href":"https:\/\/www.praha7.cz\/api\/wp\/v2\/comments?post=75626"}],"version-history":[{"count":4,"href":"https:\/\/www.praha7.cz\/api\/wp\/v2\/posts\/75626\/revisions"}],"predecessor-version":[{"id":75631,"href":"https:\/\/www.praha7.cz\/api\/wp\/v2\/posts\/75626\/revisions\/75631"}],"wp:featuredmedia":[{"embeddable":true,"href":"https:\/\/www.praha7.cz\/api\/wp\/v2\/media\/75627"}],"wp:attachment":[{"href":"https:\/\/www.praha7.cz\/api\/wp\/v2\/media?parent=75626"}],"wp:term":[{"taxonomy":"category","embeddable":true,"href":"https:\/\/www.praha7.cz\/api\/wp\/v2\/categories?post=75626"},{"taxonomy":"post_tag","embeddable":true,"href":"https:\/\/www.praha7.cz\/api\/wp\/v2\/tags?post=75626"}],"curies":[{"name":"wp","href":"https:\/\/api.w.org\/{rel}","templated":true}]}}