    
{"id":75503,"date":"2024-04-24T11:55:18","date_gmt":"2024-04-24T09:55:18","guid":{"rendered":"https:\/\/www.praha7.cz\/?p=75503"},"modified":"2024-04-24T11:55:18","modified_gmt":"2024-04-24T09:55:18","slug":"na-strossmayerove-namesti-probehne-na-podzim-vysadba-novych-stromu","status":"publish","type":"post","link":"https:\/\/www.praha7.cz\/na-strossmayerove-namesti-probehne-na-podzim-vysadba-novych-stromu\/","title":{"rendered":"Na Strossmayerov\u011b n\u00e1m\u011bst\u00ed prob\u011bhne na podzim v\u00fdsadba nov\u00fdch strom\u016f"},"content":{"rendered":"<p>[perex]<\/p>\r\n<p>V sou\u010dasn\u00e9 dob\u011b (duben 2024) na Strossmayerov\u011b n\u00e1m\u011bst\u00ed prob\u00edhaj\u00ed p\u0159\u00edpravn\u00e9 zemn\u00ed pr\u00e1ce proko\u0159eniteln\u00fdch prostor\u016f pro budouc\u00ed nov\u00e9 stromo\u0159ad\u00ed. Aby byly strom\u016fm dop\u0159\u00e1ny ide\u00e1ln\u00ed podm\u00ednky pro r\u016fst a&nbsp;dlouhodobou prosperitu, byla v\u00fdsadba napl\u00e1nov\u00e1na na podzim tohoto roku. V\u00fdsadba v&nbsp;d\u0159\u00edv\u011bj\u0161\u00edm obdob\u00ed by z&nbsp;d\u016fvodu aktu\u00e1ln\u00edch teplotn\u00edch v\u00fdkyv\u016f a&nbsp;o\u010dek\u00e1van\u00fdch vysok\u00fdch teplot a&nbsp;n\u00edzk\u00e9 intenzity sr\u00e1\u017eek v&nbsp;pr\u016fb\u011bhu l\u00e9ta p\u0159edstavovala pro stromy zna\u010dnou z\u00e1t\u011b\u017e, kter\u00e1 by se mohla nep\u0159\u00edzniv\u011b podepsat na jejich vitalit\u011b.<\/p>\r\n<p>[\/perex]<\/p>\r\n<p>Podzimn\u00ed v\u00fdsadby strom\u016f s&nbsp;sebou p\u0159in\u00e1\u0161\u00ed \u0159adu v\u00fdhod. Vzhledem k&nbsp;prob\u00edhaj\u00edc\u00edm klimatick\u00fdm zm\u011bn\u00e1m budou jarn\u00ed term\u00edny pro v\u00fdsadbu st\u00e1le m\u00e9n\u011b \u010dast\u00e9. Na podzim ji\u017e nehroz\u00ed teplotn\u00ed v\u00fdkyvy, nemus\u00edme se ob\u00e1vat n\u00e1stupu del\u0161\u00edch obdob\u00ed sucha a&nbsp;z\u00e1rove\u0148 je p\u0159ed zimou p\u016fda ji\u017e dostate\u010dn\u011b nasycen\u00e1 vodou. Stromy se d\u00edky tomu l\u00e9pe uchycuj\u00ed a&nbsp;zako\u0159e\u0148uj\u00ed. Pro ko\u0159enov\u00fd syst\u00e9m strom\u016f a&nbsp;tvorbu nov\u00fdch ko\u0159en\u016f, kter\u00e9 rostou do z\u00e1mrazu, je z\u00e1sadn\u00ed, aby nezaschly. Mnoz\u00ed odborn\u00edci tedy doporu\u010duj\u00edc\u00ed realizovat v\u00fdsadby na podzim a&nbsp;odd\u011blen\u00ed spr\u00e1vy zelen\u011b TSK hl. m. Prahy, kter\u00e9 v\u00fdsadbu na Strossmayerov\u011b n\u00e1m\u011bst\u00ed realizuje, tento n\u00e1zor podporuje.<\/p>\r\n<p>D\u011bkujeme za\u00a0pochopen\u00ed a\u00a0t\u011b\u0161me se\u00a0na\u00a0nov\u00e9 rychle rostouc\u00ed stromy\u00a0druhu b\u0159estovec Juliin (Cetlis julianae), kter\u00e9 p\u0159inesou do\u00a0prostoru n\u00e1m\u011bst\u00ed st\u00edn a\u00a0budou zde dlouhodob\u011b prosp\u00edvat po\u00a0dal\u0161\u00ed generace.<\/p>\r\n<p>Zdroj textu: <a href=\"https:\/\/zelenvpraze.cz\/aktualni-informace\/na-strossmayerove-namesti-probehne-na-podzim-vysadba-novych-stromu\/#\" target=\"_blank\" rel=\"noopener\">TSK<\/a><\/p>\r\n<p>&nbsp;<\/p>\r\n\r\n<figure id=\"attachment_75507\" aria-describedby=\"caption-attachment-75507\" style=\"width: 640px\" class=\"wp-caption alignnone\"><img loading=\"lazy\" src=\"https:\/\/www.praha7.cz\/wp-content\/uploads\/2024\/04\/Stross_22-3-24-1500x875.png\" alt=\"\" width=\"640\" height=\"373\" class=\"wp-image-75507 size-large\" srcset=\"https:\/\/www.praha7.cz\/wp-content\/uploads\/2024\/04\/Stross_22-3-24-1500x875.png 1500w, https:\/\/www.praha7.cz\/wp-content\/uploads\/2024\/04\/Stross_22-3-24-600x350.png 600w, https:\/\/www.praha7.cz\/wp-content\/uploads\/2024\/04\/Stross_22-3-24-768x448.png 768w, https:\/\/www.praha7.cz\/wp-content\/uploads\/2024\/04\/Stross_22-3-24-1536x896.png 1536w, https:\/\/www.praha7.cz\/wp-content\/uploads\/2024\/04\/Stross_22-3-24.png 1851w\" sizes=\"(max-width: 640px) 100vw, 640px\" \/><figcaption id=\"caption-attachment-75507\" class=\"wp-caption-text\">p\u0159\u00edprava nov\u00e9ho stromo\u0159ad\u00ed, 22.&nbsp;b\u0159ezna 2024<\/figcaption><\/figure>","protected":false},"excerpt":{"rendered":"[perex] V&nbsp;sou\u010dasn\u00e9 dob\u011b (duben 2024) na Strossmayerov\u011b n\u00e1m\u011bst\u00ed prob\u00edhaj\u00ed p\u0159\u00edpravn\u00e9 zemn\u00ed pr\u00e1ce proko\u0159eniteln\u00fdch prostor\u016f pro budouc\u00ed nov\u00e9 stromo\u0159ad\u00ed. Aby byly strom\u016fm dop\u0159\u00e1ny ide\u00e1ln\u00ed podm\u00ednky pro r\u016fst a&nbsp;dlouhodobou prosperitu, byla v\u00fdsadba napl\u00e1nov\u00e1na na podzim tohoto roku. V\u00fdsadba v&nbsp;d\u0159\u00edv\u011bj\u0161\u00edm obdob\u00ed by z&nbsp;d\u016fvodu aktu\u00e1ln\u00edch teplotn\u00edch v\u00fdkyv\u016f a&nbsp;o\u010dek\u00e1van\u00fdch vysok\u00fdch teplot a&nbsp;n\u00edzk\u00e9 intenzity sr\u00e1\u017eek v&nbsp;pr\u016fb\u011bhu l\u00e9ta p\u0159edstavovala pro stromy [&hellip;]","protected":false},"author":251,"featured_media":75505,"comment_status":"closed","ping_status":"open","sticky":false,"template":"","format":"standard","meta":[],"categories":[34],"tags":[110,124],"_links":{"self":[{"href":"https:\/\/www.praha7.cz\/api\/wp\/v2\/posts\/75503"}],"collection":[{"href":"https:\/\/www.praha7.cz\/api\/wp\/v2\/posts"}],"about":[{"href":"https:\/\/www.praha7.cz\/api\/wp\/v2\/types\/post"}],"author":[{"embeddable":true,"href":"https:\/\/www.praha7.cz\/api\/wp\/v2\/users\/251"}],"replies":[{"embeddable":true,"href":"https:\/\/www.praha7.cz\/api\/wp\/v2\/comments?post=75503"}],"version-history":[{"count":2,"href":"https:\/\/www.praha7.cz\/api\/wp\/v2\/posts\/75503\/revisions"}],"predecessor-version":[{"id":75508,"href":"https:\/\/www.praha7.cz\/api\/wp\/v2\/posts\/75503\/revisions\/75508"}],"wp:featuredmedia":[{"embeddable":true,"href":"https:\/\/www.praha7.cz\/api\/wp\/v2\/media\/75505"}],"wp:attachment":[{"href":"https:\/\/www.praha7.cz\/api\/wp\/v2\/media?parent=75503"}],"wp:term":[{"taxonomy":"category","embeddable":true,"href":"https:\/\/www.praha7.cz\/api\/wp\/v2\/categories?post=75503"},{"taxonomy":"post_tag","embeddable":true,"href":"https:\/\/www.praha7.cz\/api\/wp\/v2\/tags?post=75503"}],"curies":[{"name":"wp","href":"https:\/\/api.w.org\/{rel}","templated":true}]}}