    
{"id":75340,"date":"2024-04-17T18:33:57","date_gmt":"2024-04-17T16:33:57","guid":{"rendered":"https:\/\/www.praha7.cz\/?p=75340"},"modified":"2024-04-17T18:33:57","modified_gmt":"2024-04-17T16:33:57","slug":"letni-skolka-2024","status":"publish","type":"post","link":"https:\/\/www.praha7.cz\/letni-skolka-2024\/","title":{"rendered":"Letn\u00ed \u0161kolka 2024"},"content":{"rendered":"<p>[perex]<\/p>\r\n<p>Tradi\u010dn\u00ed Letn\u00ed \u0161kolka Prahy&nbsp;7 pro d\u011bti z&nbsp;mate\u0159inek a&nbsp;prvn\u00edho stupn\u011b Z\u0160 se letos uskute\u010dn\u00ed v&nbsp;p\u011bti turnusech ve FZ\u0160 Um\u011bleck\u00e1 a&nbsp;Z\u0160 Strossmayerovo n\u00e1m\u011bst\u00ed. Z\u00e1jemci se mohou hl\u00e1sit nejpozd\u011bji do 22.&nbsp;kv\u011btna 2024.<\/p>\r\n<p>[\/perex]<\/p>\r\n<h3>Letn\u00ed \u0161kolka prob\u00edh\u00e1 v&nbsp;n\u00e1sleduj\u00edc\u00edch term\u00ednech:<\/h3>\r\n<p>FZ\u0160 Um\u011bleck\u00e1: 15.&nbsp;7. \u2013 26.&nbsp;7.&nbsp;2024 (dva turnusy)<br \/>\r\nZ\u0160 Stross: 29.&nbsp;7. \u2013 16.&nbsp;8.&nbsp;2024 (t\u0159i turnusy)<\/p>\r\n<p><strong>V\u00edce informac\u00ed se dozv\u00edte na str\u00e1nk\u00e1ch <a href=\"https:\/\/fzsumelecka.cz\/zs\/letni-skolka\" target=\"_blank\" rel=\"noopener\">FZ\u0160 Um\u011bleck\u00e1<\/a> a&nbsp;<a href=\"https:\/\/www.zsstross.cz\/menu\/letn%C3%AD-%C5%A1kolka-v-p7\" target=\"_blank\" rel=\"noopener\">Z\u0160 Stross<\/a>.<\/strong><\/p>\r\n<p>&nbsp;<\/p>\r\n<p><em>P\u0159ejeme v\u0161em d\u011btem i&nbsp;jejich rodi\u010d\u016fm kr\u00e1sn\u00e9 bezstarostn\u00e9 l\u00e9to.<\/em><\/p>","protected":false},"excerpt":{"rendered":"[perex] Tradi\u010dn\u00ed Letn\u00ed \u0161kolka Prahy&nbsp;7 pro d\u011bti z&nbsp;mate\u0159inek a&nbsp;prvn\u00edho stupn\u011b Z\u0160 se letos uskute\u010dn\u00ed v&nbsp;p\u011bti turnusech ve FZ\u0160 Um\u011bleck\u00e1 a&nbsp;Z\u0160 Strossmayerovo n\u00e1m\u011bst\u00ed. Z\u00e1jemci se mohou hl\u00e1sit nejpozd\u011bji do 22.&nbsp;kv\u011btna 2024. [\/perex] Letn\u00ed \u0161kolka prob\u00edh\u00e1 v&nbsp;n\u00e1sleduj\u00edc\u00edch term\u00ednech: FZ\u0160 Um\u011bleck\u00e1: 15.&nbsp;7. \u2013 26.&nbsp;7.&nbsp;2024 (dva turnusy) Z\u0160 Stross: 29.&nbsp;7. \u2013 16.&nbsp;8.&nbsp;2024 (t\u0159i turnusy) V\u00edce informac\u00ed se dozv\u00edte na [&hellip;]","protected":false},"author":251,"featured_media":64346,"comment_status":"closed","ping_status":"open","sticky":false,"template":"","format":"standard","meta":[],"categories":[34],"tags":[123,83],"_links":{"self":[{"href":"https:\/\/www.praha7.cz\/api\/wp\/v2\/posts\/75340"}],"collection":[{"href":"https:\/\/www.praha7.cz\/api\/wp\/v2\/posts"}],"about":[{"href":"https:\/\/www.praha7.cz\/api\/wp\/v2\/types\/post"}],"author":[{"embeddable":true,"href":"https:\/\/www.praha7.cz\/api\/wp\/v2\/users\/251"}],"replies":[{"embeddable":true,"href":"https:\/\/www.praha7.cz\/api\/wp\/v2\/comments?post=75340"}],"version-history":[{"count":1,"href":"https:\/\/www.praha7.cz\/api\/wp\/v2\/posts\/75340\/revisions"}],"predecessor-version":[{"id":75341,"href":"https:\/\/www.praha7.cz\/api\/wp\/v2\/posts\/75340\/revisions\/75341"}],"wp:featuredmedia":[{"embeddable":true,"href":"https:\/\/www.praha7.cz\/api\/wp\/v2\/media\/64346"}],"wp:attachment":[{"href":"https:\/\/www.praha7.cz\/api\/wp\/v2\/media?parent=75340"}],"wp:term":[{"taxonomy":"category","embeddable":true,"href":"https:\/\/www.praha7.cz\/api\/wp\/v2\/categories?post=75340"},{"taxonomy":"post_tag","embeddable":true,"href":"https:\/\/www.praha7.cz\/api\/wp\/v2\/tags?post=75340"}],"curies":[{"name":"wp","href":"https:\/\/api.w.org\/{rel}","templated":true}]}}