    
{"id":75301,"date":"2024-04-17T14:53:40","date_gmt":"2024-04-17T12:53:40","guid":{"rendered":"https:\/\/www.praha7.cz\/?p=75301"},"modified":"2025-03-18T12:39:26","modified_gmt":"2025-03-18T11:39:26","slug":"hlasovani-parkovani","status":"publish","type":"post","link":"https:\/\/www.praha7.cz\/hlasovani-parkovani\/","title":{"rendered":"Hlasov\u00e1n\u00ed o&nbsp;parkov\u00e1n\u00ed. P\u0159ij\u010fte a&nbsp;rozhodn\u011bte"},"content":{"rendered":"<p>[perex]<\/p>\r\n<p>Rada pra\u017esk\u00e9ho magistr\u00e1tu chyst\u00e1 zm\u011bnu pravidel parkov\u00e1n\u00ed v&nbsp;z\u00f3n\u00e1ch placen\u00e9ho st\u00e1n\u00ed. Pl\u00e1nuje se zvy\u0301\u0161en\u00ed z\u00e1kladn\u00edho ro\u010dn\u00edho poplatku z&nbsp;1&nbsp;200&nbsp;K\u010d na 2&nbsp;400 K\u010d, ale neofici\u00e1ln\u011b se hovo\u0159\u00ed a\u017e o&nbsp;cen\u011b 5&nbsp;000&nbsp;K\u010d za ro\u010dn\u00ed parkov\u00e1n\u00ed. Jedn\u00e1n\u00ed magistr\u00e1tn\u00ed koalice SPOLU, Pir\u00e1t\u016f a&nbsp;STAN, kter\u00e1 o&nbsp;cen\u011b rozhodne, nejsou v&nbsp;tuto chv\u00edli ukon\u010dena. <strong>P\u0159ij\u010fte 7.&nbsp;a&nbsp;8.&nbsp;\u010dervna 2024 hlasovat,<\/strong> kolik bude st\u00e1t parkov\u00e1n\u00ed v&nbsp;Praze 7, jestli bude voln\u00e9 m\u00edsto v&nbsp;ulic\u00edch, jestli podpo\u0159it ty, kte\u0159\u00ed m\u00edsto v&nbsp;ulic\u00edch nezab\u00edraj\u00ed ostatn\u00edm.\u00a0<\/p>\r\n<p>Ve\u0161ker\u00e9 informace shrnujeme na t\u00e9to str\u00e1nce. V&nbsp;n\u00e1sleduj\u00edc\u00edch dnech tak\u00e9 najdete ve schr\u00e1nk\u00e1ch let\u00e1k a&nbsp;\u010dervnov\u00fd Hobulet, kter\u00e9 se hlasov\u00e1n\u00ed o&nbsp;parkov\u00e1n\u00ed v\u011bnuj\u00ed.\u00a0<\/p>\r\n<h3><a href=\"https:\/\/www.praha7.cz\/hlasovani-parkovani-vysledky\/\">V\u00fdsledky hlasov\u00e1n\u00ed o&nbsp;parkov\u00e1n\u00ed najdete zde.<\/a><\/h3>\r\n<p>&nbsp;<\/p>\r\n<p><strong>Pot\u0159ebujete se na n\u011bco zeptat? Pi\u0161te na: <a href=\"mailto:auta@praha7.cz\">auta@praha7.cz<\/a><\/strong><\/p>\r\n<p>&nbsp;<\/p>\r\n<p>V\u00a0p\u0159\u00edpad\u011b pot\u0159eby se na n\u00e1s m\u016f\u017eete obr\u00e1tit tak\u00e9 telefonicky:<\/p>\r\n<p>Jan \u010ci\u017einsk\u00fd, starosta M\u010c Praha&nbsp;7: \u00a0774\u00a0828\u00a0345<\/p>\r\n<p>Radom\u00edr \u0160pok, tajemn\u00edk \u00da\u0159adu M\u010c Praha&nbsp;7: 770\u00a0101&nbsp;951<\/p>\r\n<p>kontakt pro m\u00e9dia: Martin Voku\u0161: 603&nbsp;464&nbsp;810<\/p>\r\n<p>[\/perex]<\/p>\r\n<p><strong>Hlasov\u00e1n\u00ed o&nbsp;parkov\u00e1n\u00ed se na Sedmi\u010dce uskute\u010dn\u00ed spole\u010dn\u011b s&nbsp;volbami do Evropsk\u00e9ho parlamentu, kter\u00e9 prob\u011bhnou ve dnech 7.&nbsp;a&nbsp;8.&nbsp;\u010dervna 2024<\/strong>.\u00a0<\/p>\r\n<p><strong>p\u00e1tek 7.&nbsp;\u010dervna 14\u201322&nbsp;h <\/strong><\/p>\r\n<p><strong>sobota 8.&nbsp;\u010dervna 8\u201314&nbsp;h<\/strong><\/p>\r\n<p>Hlasovat budete ve \u0161kole, kam chod\u00edte b\u011b\u017en\u011b volit. M\u00edsto najdete na ob\u00e1lce s&nbsp;l\u00edstky do eurovoleb nebo <a href=\"https:\/\/kudykvolbam.iprpraha.cz\/\" target=\"_blank\" rel=\"noopener\">zde<\/a>.<\/p>\r\n<p>L\u00edstky dostanete na m\u00edst\u011b.<\/p>\r\n<p><strong>Hlasov\u00e1n\u00ed se mohou \u00fa\u010dastnit osoby star\u0161\u00ed 18 let s&nbsp;trval\u00fdm bydli\u0161t\u011bm v&nbsp;Praze 7, v\u010detn\u011b cizinc\u016f ze zem\u00ed EU. Prok\u00e1\u017eete se platn\u00fdm dokladem toto\u017enosti (ob\u010dansk\u00fd pr\u016fkaz, pas). Nen\u00ed mo\u017en\u00e9 prokazovat toto\u017enost pomoc\u00ed mobiln\u00ed aplikace eDoklady (ob\u010danka v&nbsp;mobilu).\u00a0<\/strong><\/p>\r\n<hr \/>\r\n<h2><span style=\"color: #0000ff;\">Pro\u010d a&nbsp;o&nbsp;\u010dem se bude hlasovat<\/span><\/h2>\r\n<p>Podle dat z&nbsp;vy\u0301zkumu, ktery\u0301 si Praha&nbsp;7 vloni nechala zpracovat, magistr\u00e1tem zva\u017eovan\u00e9 zvy\u0301\u0161en\u00ed ceny nepovede ke znateln\u00e9mu uvoln\u011bn\u00ed parkovac\u00edch m\u00edst. Av\u0161ak magistr\u00e1t pl\u00e1nuje umo\u017enit jednotlivy\u0301m m\u011bstsky\u0301m \u010d\u00e1stem, aby si j\u00edm navr\u017eenou cenu p\u0159\u00edpadn\u011b navy\u0301\u0161ily. A&nbsp;o&nbsp;tomto navy\u0301\u0161en\u00ed chceme nechat hlasovat obyvatele Prahy&nbsp;7. Krom\u011b toho se ale chceme zeptat, zda pen\u00edze vybran\u00e9 nav\u00edc nad magistr\u00e1tn\u00ed cenu nepou\u017e\u00edt jako motivaci \u010di kompenzaci pro ty, kte\u0159\u00ed si auto do z\u00f3ny v\u016fbec nep\u0159ihl\u00e1s\u00ed, nebo kv\u016fli zvy\u0301\u0161en\u00ed ceny p\u0159estanou v&nbsp;z\u00f3n\u011b parkovat a&nbsp;uvoln\u00ed tak m\u00edsta dal\u0161\u00edm. Prostor v&nbsp;ulic\u00edch toti\u017e nen\u00ed nafukovac\u00ed a&nbsp;aut v&nbsp;z\u00f3n\u011b ka\u017edoro\u010dn\u011b p\u0159iby\u0301v\u00e1. B\u011b\u017eny\u0301 d\u016fm v&nbsp;Praze 7 m\u00e1 dvacet byt\u016f, je v&nbsp;n\u011bm hl\u00e1\u0161eny\u0301ch deset aut a&nbsp;p\u0159ed domem je maxim\u00e1ln\u011b p\u011bt parkovac\u00edch m\u00edst. Je jasn\u00e9, \u017ee \u010d\u00e1st lid\u00ed mus\u00ed tedy auto zaparkovat p\u0159ed sousedn\u00edm domem, jen\u017ee tam podobn\u00e9 po\u010dty pokra\u010duj\u00ed a&nbsp;nast\u00e1v\u00e1 stejny\u0301 probl\u00e9m. A&nbsp;tak lid\u00e9 z&nbsp;jednoho domu zaberou m\u00edsta soused\u016fm a&nbsp;ti zase dal\u0161\u00edm soused\u016fm, a\u017e se na n\u011bkoho v&nbsp;ulici nevyhnuteln\u011b m\u00edsto nedostane. A&nbsp;to p\u0159esn\u011b se v&nbsp;Praze 7 stalo \u2013 m\u00edsta v&nbsp;ulic\u00edch do\u0161la a&nbsp;je probl\u00e9m zaparkovat. A&nbsp;nejen to: registrovany\u0301ch aut ka\u017edoro\u010dn\u011b p\u0159iby\u0301v\u00e1, v&nbsp;pr\u016fm\u011bru tempem 280 novy\u0301ch aut ro\u010dn\u011b.<\/p>\r\n<p>&nbsp;<\/p>\r\n<p><a href=\"https:\/\/www.praha7.cz\/wp-content\/uploads\/2024\/04\/obrazky-z-letaku.png\"><img loading=\"lazy\" src=\"https:\/\/www.praha7.cz\/wp-content\/uploads\/2024\/04\/obrazky-z-letaku-1500x744.png\" alt=\"\" width=\"640\" height=\"317\" class=\"alignnone size-large wp-image-76120\" srcset=\"https:\/\/www.praha7.cz\/wp-content\/uploads\/2024\/04\/obrazky-z-letaku-1500x744.png 1500w, https:\/\/www.praha7.cz\/wp-content\/uploads\/2024\/04\/obrazky-z-letaku-600x298.png 600w, https:\/\/www.praha7.cz\/wp-content\/uploads\/2024\/04\/obrazky-z-letaku-768x381.png 768w, https:\/\/www.praha7.cz\/wp-content\/uploads\/2024\/04\/obrazky-z-letaku-1536x762.png 1536w, https:\/\/www.praha7.cz\/wp-content\/uploads\/2024\/04\/obrazky-z-letaku.png 1594w\" sizes=\"(max-width: 640px) 100vw, 640px\" \/><\/a><\/p>\r\n<p>&nbsp;<\/p>\r\n<hr \/>\r\n<p>Na t\u00e9ma parkov\u00e1n\u00ed ji\u017e tak\u00e9 prob\u011bhly t\u0159i ve\u0159ejn\u00e9 debaty, zhl\u00e9dnout je m\u016f\u017eete na <a href=\"https:\/\/www.youtube.com\/playlist?list=PLhx7K_xZ34I_TemwgOaoGVZMg44gvfA-y\" target=\"_blank\" rel=\"noopener\">youtubov\u00e9m kan\u00e1lu Prahy&nbsp;7<\/a>.<\/p>\r\n<hr \/>\r\n        <div class=\"collapse-block\">\r\n            <div class=\"card-header\" role=\"tab\" id=\"headingcd69eba0f290b1905d82068963defcb5d1adcf72\">\r\n                                    <h3 class=\"mb-0\">\r\n                        <a data-toggle=\"collapse\" href=\"#collapsecd69eba0f290b1905d82068963defcb5d1adcf72\" aria-controls=\"collapsecd69eba0f290b1905d82068963defcb5d1adcf72\">\r\n                            Slovo starosty                            <i class=\"fa fa-2x fa-angle-down\" aria-hidden=\"true\"><\/i>\r\n                        <\/a>\r\n                    <\/h3>\r\n                                \r\n            <\/div>\r\n\r\n            <div id=\"collapsecd69eba0f290b1905d82068963defcb5d1adcf72\" class=\"collapse\" data-id=\"cd69eba0f290b1905d82068963defcb5d1adcf72\" role=\"tabpanel\" aria-labelledby=\"headingcd69eba0f290b1905d82068963defcb5d1adcf72\">\r\n                <div class=\"card-block\">\r\n    \r\n<p>Mil\u00ed soused\u00e9,<br \/>\r\nzvu v\u00e1s k&nbsp;hlasov\u00e1n\u00ed o&nbsp;parkov\u00e1n\u00ed. Nenechte o&nbsp;parkov\u00e1n\u00ed rozhodnout za sebe n\u011bkoho jin\u00e9ho. A\u0165 ji\u017e parkujete v&nbsp;modr\u00e9 z\u00f3n\u011b, a\u0165 parkujete v&nbsp;gar\u00e1\u017ei, nebo na soukrom\u00e9m pozemku, a\u0165 auto pou\u017e\u00edv\u00e1te, nebo ne. Hlasov\u00e1n\u00ed o&nbsp;parkov\u00e1n\u00ed se t\u00fdk\u00e1 ve\u0159ejn\u00e9ho prostoru, kter\u00fd je n\u00e1\u0161 spole\u010dn\u00fd, a&nbsp;proto o&nbsp;n\u011bm m\u00e1me rozhodovat v\u0161ichni.<\/p>\r\n<p>Pra\u017esk\u00fd magistr\u00e1t se hodl\u00e1 m\u011bstsk\u00fdch \u010d\u00e1st\u00ed pt\u00e1t, jakou m\u00e1 nastavit cenu parkov\u00e1n\u00ed. Ud\u011blali jsme tedy pr\u016fzkum a&nbsp;shrom\u00e1\u017edili jsme pro v\u00e1s fakta ohledn\u011b parkov\u00e1n\u00ed v&nbsp;Praze 7 a&nbsp;p\u0159edkl\u00e1d\u00e1me v\u00e1m je, abyste mohli na t\u0159i roky o&nbsp;syst\u00e9mu parkov\u00e1n\u00ed rozhodnout. M\u011bstsk\u00e1 \u010d\u00e1st m\u00e1 povinnosti, kter\u00e9 mus\u00ed v\u016f\u010di sv\u00fdm ob\u010dan\u016fm plnit. Proto studujeme demografick\u00e9 studie, abychom m\u011bli dostatek m\u00edst v&nbsp;mate\u0159sk\u00fdch a&nbsp;z\u00e1kladn\u00edch \u0161kol\u00e1ch a&nbsp;tak\u00e9 dost m\u00edst v&nbsp;domech s&nbsp;pe\u010dovatelskou slu\u017ebou. Proto jsme vytvo\u0159ili \u00faklidovou firmu, abychom byli schopni v&nbsp;Praze 7 ukl\u00edzet. Proto m\u00e1me pru\u017en\u00fd syst\u00e9m soci\u00e1ln\u00ed pomoci, abychom nikoho v&nbsp;\u017e\u00e1dn\u00e9 \u017eivotn\u00ed situaci nehodili p\u0159es palubu. Proto tak\u00e9 spravujeme jako \u0159\u00e1dn\u00ed hospod\u00e1\u0159i polikliniku, bytov\u00fd fond a&nbsp;majetek m\u011bstsk\u00e9 \u010d\u00e1sti, aby toto v\u0161e obyvatel\u016fm Prahy&nbsp;7 co nejl\u00e9pe slou\u017eilo.<\/p>\r\n<p>Nap\u0159\u00edklad u&nbsp;bydlen\u00ed je z\u0159ejm\u00e9, \u017ee m\u011bstsk\u00e1 \u010d\u00e1st nem\u00e1 a&nbsp;nikdy nebude m\u00edt prost\u0159edky, aby v\u0161em sv\u00fdm obyvatel\u016fm zajistila bydlen\u00ed v&nbsp;obecn\u00edch bytech. A&nbsp;u&nbsp;parkov\u00e1n\u00ed je to podobn\u00e9<br \/>\r\na&nbsp;nem\u00e1 smysl si nalh\u00e1vat n\u011bco jin\u00e9ho. Praha&nbsp;7 nikdy nebude m\u00edt ani pozemky, ani finance, aby v\u0161em sv\u00fdm obyvatel\u016fm zajistila parkov\u00e1n\u00ed ve ve\u0159ejn\u00e9m prostoru za 1&nbsp;200&nbsp;K\u010d ro\u010dn\u011b, tedy za 3 koruny denn\u011b. \u010c\u00edm dostupn\u011bj\u0161\u00ed a&nbsp;levn\u011bj\u0161\u00ed parkov\u00e1n\u00ed je, t\u00edm v\u011bt\u0161\u00ed je po n\u011bm popt\u00e1vka. B\u011bhem evropsk\u00fdch voleb rozhodnete, zda ponech\u00e1te st\u00e1vaj\u00edc\u00ed syst\u00e9m parkov\u00e1n\u00ed, anebo<br \/>\r\nzda zvol\u00edte syst\u00e9m nov\u00fd, kter\u00fd omez\u00ed popt\u00e1vku po parkov\u00e1n\u00ed cenou.<\/p>\r\n<p>Jak funguje st\u00e1vaj\u00edc\u00ed syst\u00e9m? Na Letn\u00e9 je podle pr\u016fzkumu pr\u016fm\u011brn\u00e1 doba k&nbsp;zaparkov\u00e1n\u00ed 19 minut, v&nbsp;Hole\u0161ovic\u00edch pak 11 minut. Je jasn\u00e9, \u017ee to m\u016f\u017ee vyhovovat lidem, kte\u0159\u00ed<br \/>\r\nauto pou\u017e\u00edvaj\u00ed jen m\u00e1lokdy. Ten, kdo auto pot\u0159ebuje denn\u011b, str\u00e1v\u00ed za rok na Letn\u00e9 parkov\u00e1n\u00edm 115 hodin a&nbsp;v&nbsp;Hole\u0161ovic\u00edch 67 hodin. A&nbsp;k&nbsp;tomu ka\u017ed\u00fd rok p\u0159ibude do z\u00f3ny 280 aut, tedy t\u0159i auta do ka\u017ed\u00e9ho bloku dom\u016f. A&nbsp;tak se situace konstantn\u011b zhor\u0161uje.<\/p>\r\n<p>&nbsp;<\/p>\r\n<p><a href=\"https:\/\/www.praha7.cz\/wp-content\/uploads\/2024\/04\/obrazky-z-letaku3.png\"><img loading=\"lazy\" src=\"https:\/\/www.praha7.cz\/wp-content\/uploads\/2024\/04\/obrazky-z-letaku3-1500x544.png\" alt=\"\" width=\"640\" height=\"232\" class=\"alignnone size-large wp-image-76121\" srcset=\"https:\/\/www.praha7.cz\/wp-content\/uploads\/2024\/04\/obrazky-z-letaku3-1500x544.png 1500w, https:\/\/www.praha7.cz\/wp-content\/uploads\/2024\/04\/obrazky-z-letaku3-600x218.png 600w, https:\/\/www.praha7.cz\/wp-content\/uploads\/2024\/04\/obrazky-z-letaku3-768x278.png 768w, https:\/\/www.praha7.cz\/wp-content\/uploads\/2024\/04\/obrazky-z-letaku3-1536x557.png 1536w, https:\/\/www.praha7.cz\/wp-content\/uploads\/2024\/04\/obrazky-z-letaku3.png 1594w\" sizes=\"(max-width: 640px) 100vw, 640px\" \/><\/a><\/p>\r\n<p>&nbsp;<\/p>\r\n<p>Mo\u017enost\u00ed je omezit popt\u00e1vku cenou (to by se net\u00fdkalo seniorsk\u00fdch, ZTP a&nbsp;pe\u010dovatelsk\u00fdch karet) a&nbsp;vybran\u00e9 finance pou\u017e\u00edt jako motivaci pro \u010dleny t\u011bch dom\u00e1cnost\u00ed, kter\u00e9 parkovac\u00ed opr\u00e1vn\u011bn\u00ed nemaj\u00ed nebo se ho zbav\u00ed, aby si auto do z\u00f3ny nep\u0159ihla\u0161ovali a&nbsp;nechali v&nbsp;z\u00f3n\u011b parkovat ostatn\u00ed. Ka\u017ed\u00e1 dom\u00e1cnost by tedy st\u00e1la p\u0159ed rozhodnut\u00edm, zda za parkovac\u00ed kartu ro\u010dn\u011b zaplatit 7 nebo a\u017e 9 tis\u00edc korun, anebo na ka\u017ed\u00e9ho \u010dlena dom\u00e1cnosti zp\u011btn\u011b za rok dostat a\u017e n\u011bkolik tis\u00edc korun. Podle dat z&nbsp;v\u00fdzkumu by \u010d\u00e1stky navr\u017een\u00e9 k&nbsp;hlasov\u00e1n\u00ed m\u011bly fungovat.<\/p>\r\n<p>Ka\u017ed\u00fd syst\u00e9m m\u00e1 n\u011bco do sebe a&nbsp;ka\u017ed\u00fd vyhovuje n\u011bkomu v\u00edc a&nbsp;n\u011bkomu m\u00e9n\u011b. Syst\u00e9m parkov\u00e1n\u00ed vy\u017eaduje \u0161irokou spole\u010denskou dohodu a&nbsp;stabilitu. A&nbsp;to umo\u017en\u00ed pr\u00e1v\u011b hlasov\u00e1n\u00ed o&nbsp;parkov\u00e1n\u00ed. A&nbsp;proto pros\u00edm p\u0159ij\u010fte rozhodnout.<br \/>\r\n<em>Jan \u010ci\u017einsk\u00fd, starosta<\/em><\/p>\r\n                <\/div>\r\n            <\/div>\r\n        <\/div>\r\n    \r\n        <div class=\"collapse-block\">\r\n            <div class=\"card-header\" role=\"tab\" id=\"heading2320ae52270cc63b2d6d2a2d96d0d53ac4e397c4\">\r\n                                    <h3 class=\"mb-0\">\r\n                        <a data-toggle=\"collapse\" href=\"#collapse2320ae52270cc63b2d6d2a2d96d0d53ac4e397c4\" aria-controls=\"collapse2320ae52270cc63b2d6d2a2d96d0d53ac4e397c4\">\r\n                            Auta p\u0159ib\u00fdvaj\u00ed p\u0159\u00edli\u0161 rychle, mus\u00edme se dohodnout                            <i class=\"fa fa-2x fa-angle-down\" aria-hidden=\"true\"><\/i>\r\n                        <\/a>\r\n                    <\/h3>\r\n                                \r\n            <\/div>\r\n\r\n            <div id=\"collapse2320ae52270cc63b2d6d2a2d96d0d53ac4e397c4\" class=\"collapse\" data-id=\"2320ae52270cc63b2d6d2a2d96d0d53ac4e397c4\" role=\"tabpanel\" aria-labelledby=\"heading2320ae52270cc63b2d6d2a2d96d0d53ac4e397c4\">\r\n                <div class=\"card-block\">\r\n    \r\n<h3><span style=\"color: #0000ff;\">\u201eM\u00edsta na ulic\u00edch nevysta\u010d\u00ed pro v\u0161echny. Auta p\u0159ib\u00fdvaj\u00ed p\u0159\u00edli\u0161 rychle. Mus\u00edme se dohodnout.\u201c<\/span><br \/>\r\n<em>Rozhovor s&nbsp;m\u00edstostarostou Pavlem Zelenkou<\/em><\/h3>\r\n<p><strong>Jak velik\u00fd probl\u00e9m s&nbsp;parkov\u00e1n\u00edm v&nbsp;Praze 7 vlastn\u011b m\u00e1me?<\/strong><br \/>\r\nM\u00e1me tu p\u0159ihl\u00e1\u0161eno o&nbsp;3&nbsp;300 aut v\u00edc, ne\u017e je m\u00edst v&nbsp;ulic\u00edch.<\/p>\r\n<p><strong>To je jen \u010d\u00edslo, co si pod t\u00edm m\u00e1me p\u0159edstavit?<\/strong><br \/>\r\nJe to 11 pater v&nbsp;gar\u00e1\u017e\u00edch Letn\u00e1. Nyn\u00ed maj\u00ed t\u0159i podzemn\u00ed patra po 300 m\u00edstech a&nbsp;rozlohu asi jako dva stadiony Sparty. Kdyby to m\u011blo b\u00fdt jedno parkovi\u0161t\u011b, zabere celou Letenskou pl\u00e1\u0148 a&nbsp;sady a\u017e k&nbsp;b\u00fdval\u00e9mu pomn\u00edku.<\/p>\r\n\r\n<figure id=\"attachment_76119\" aria-describedby=\"caption-attachment-76119\" style=\"width: 640px\" class=\"wp-caption alignnone\"><a href=\"https:\/\/www.praha7.cz\/wp-content\/uploads\/2024\/04\/letenske-sady-vs-parkovani-scaled.jpg\"><img loading=\"lazy\" src=\"https:\/\/www.praha7.cz\/wp-content\/uploads\/2024\/04\/letenske-sady-vs-parkovani-1500x843.jpg\" alt=\"\" width=\"640\" height=\"360\" class=\"size-large wp-image-76119\" srcset=\"https:\/\/www.praha7.cz\/wp-content\/uploads\/2024\/04\/letenske-sady-vs-parkovani-1500x843.jpg 1500w, https:\/\/www.praha7.cz\/wp-content\/uploads\/2024\/04\/letenske-sady-vs-parkovani-600x337.jpg 600w, https:\/\/www.praha7.cz\/wp-content\/uploads\/2024\/04\/letenske-sady-vs-parkovani-768x432.jpg 768w, https:\/\/www.praha7.cz\/wp-content\/uploads\/2024\/04\/letenske-sady-vs-parkovani-1536x864.jpg 1536w, https:\/\/www.praha7.cz\/wp-content\/uploads\/2024\/04\/letenske-sady-vs-parkovani-2048x1151.jpg 2048w\" sizes=\"(max-width: 640px) 100vw, 640px\" \/><\/a><figcaption id=\"caption-attachment-76119\" class=\"wp-caption-text\">Obd\u00e9ln\u00edk p\u0159edstavuje p\u016fdorys jednoho patra gar\u00e1\u017e\u00ed Letn\u00e1 pro 300 aut. Pro v\u0161echna auta registrovan\u00e1 v&nbsp;z\u00f3n\u011b nad kapacitu ulic, bychom pot\u0159ebovali 11 takov\u00fdch obd\u00e9ln\u00edk\u016f.<\/figcaption><\/figure>\r\n\r\n<p><br \/>\r\n<strong>Kdyby to bylo mo\u017en\u00e9, kolik by st\u00e1lo postavit tolik parkovac\u00edch m\u00edst?<\/strong><br \/>\r\nV&nbsp;Praze vyjde jedno parkovac\u00ed m\u00edsto v&nbsp;parkovac\u00edm dom\u011b cca na 1 milion korun. Tak\u017ee 3&nbsp;300 milion\u016f, tedy 3,3 miliardy.<\/p>\r\n<p>&nbsp;<\/p>\r\n<p><a href=\"https:\/\/www.praha7.cz\/wp-content\/uploads\/2024\/04\/Parkovani-4.png\"><img loading=\"lazy\" src=\"https:\/\/www.praha7.cz\/wp-content\/uploads\/2024\/04\/Parkovani-4.png\" alt=\"\" width=\"960\" height=\"720\" class=\"alignnone size-full wp-image-75091\" srcset=\"https:\/\/www.praha7.cz\/wp-content\/uploads\/2024\/04\/Parkovani-4.png 960w, https:\/\/www.praha7.cz\/wp-content\/uploads\/2024\/04\/Parkovani-4-533x400.png 533w, https:\/\/www.praha7.cz\/wp-content\/uploads\/2024\/04\/Parkovani-4-768x576.png 768w\" sizes=\"(max-width: 960px) 100vw, 960px\" \/><\/a><\/p>\r\n<p>&nbsp;<\/p>\r\n<p><strong>A kolik pen\u011bz na to v&nbsp;Praze 7 m\u00e1me?<\/strong><br \/>\r\nCel\u00fd rozpo\u010det Prahy&nbsp;7 na investice v&nbsp;roce 2024 je 161 milion\u016f, tak\u017ee bychom dne\u0161n\u00ed popt\u00e1vku uspokojili za 20 let, kdyby ka\u017ed\u00e1 koruna investic \u0161la do parkov\u00e1n\u00ed. Ale mezit\u00edm by n\u00e1m spadly na hlavu z\u00e1kladn\u00ed a&nbsp;mate\u0159sk\u00e9 \u0161koly, zkr\u00e1tka nebylo by na nic jin\u00e9ho. Nav\u00edc za t\u011bch 20 let by po\u010det aut zase vzrostl, tak\u017ee by to po\u0159\u00e1d nesta\u010dilo.<\/p>\r\n<p><strong>Kde se vzalo tolik aut?<\/strong><br \/>\r\nPo zaveden\u00ed parkovac\u00ed z\u00f3ny v&nbsp;roce 2008, kdy bylo aut o&nbsp;500 m\u00e9n\u011b ne\u017e parkovac\u00edch m\u00edst, si lid\u00e9 ka\u017ed\u00fd rok v&nbsp;pr\u016fm\u011bru p\u0159ihl\u00e1sili o&nbsp;280 aut v\u00edc. Z&nbsp;8&nbsp;500 aut v&nbsp;roce 2008 tak m\u00e1me 13&nbsp;000 aut v&nbsp;roce 2024. P\u0159itom lid\u00ed tolik nep\u0159ibylo. M\u00e1me zde dlouhodob\u011b asi 30 tis\u00edc ob\u010dan\u016f s&nbsp;trval\u00fdm pobytem, kte\u0159\u00ed si mohou auto p\u0159ihl\u00e1sit. Po\u0159\u00e1d tu \u017eije asi 18&nbsp;000 lid\u00ed, kte\u0159\u00ed sice auto v&nbsp;tuto chv\u00edli nemaj\u00ed, ale mohou si ho kdykoli po\u0159\u00eddit. Jen od konce roku 2023 do konce dubna si rezidenti p\u0159ihl\u00e1sili do z\u00f3ny 171 nov\u00fdch aut.<\/p>\r\n<p><strong>Pro\u010d tedy vyd\u00e1v\u00e1te v\u00edc opr\u00e1vn\u011bn\u00ed, ne\u017e je m\u00edst?<\/strong><br \/>\r\nProto\u017ee to na\u0159izuje z\u00e1kon o&nbsp;pozemn\u00edch komunikac\u00edch. Pokud obec zpoplatn\u00ed parkov\u00e1n\u00ed a&nbsp;zavede tarif pro rezidenty, m\u00e1 na n\u011bj pr\u00e1vo ka\u017ed\u00fd s&nbsp;trval\u00fdm bydli\u0161t\u011bm v&nbsp;obci,<br \/>\r\nvlastn\u00edk nemovitosti a&nbsp;firma se s\u00eddlem \u010di provozovnou.<\/p>\r\n<p><strong>Pro\u010d tedy neomez\u00edte jedno auto na jeden byt?<\/strong><br \/>\r\nKrom\u011b toho, \u017ee to z\u00e1kon neumo\u017e\u0148uje, tak by takov\u00e9 omezen\u00ed po\u0159\u00e1d nesta\u010dilo. V&nbsp;Praze 7 je vyd\u00e1no 13&nbsp;000 parkovac\u00edch opr\u00e1vn\u011bn\u00ed, ale m\u00e1me zde 23&nbsp;000 byt\u016f \u2013 st\u00e1le tedy cca 10&nbsp;000 byt\u016f statisticky nem\u00e1 \u017e\u00e1dn\u00e9 auto. Po\u0159\u00e1d by mohla auta p\u0159ib\u00fdvat.<\/p>\r\n<p><strong>Co s&nbsp;t\u00edm?<\/strong><br \/>\r\nV&nbsp;z\u00e1sad\u011b existuj\u00ed dv\u011b mo\u017enosti: bu\u010f nechat za n\u00edzk\u00fd poplatek parkovat v&nbsp;ulic\u00edch st\u00e1le v\u00edc aut, nebo popt\u00e1vku regulovat cenou parkovac\u00edho opr\u00e1vn\u011bn\u00ed.<\/p>\r\n<p><strong>Tak\u017ee chcete zdra\u017eit?<\/strong><br \/>\r\nNe, chceme d\u00e1t lidem v\u0161echny pot\u0159ebn\u00e9 informace a&nbsp;nechat je hlasovat, aby se rozhodli podle sv\u00e9 \u00favahy. Takhle se na parkov\u00e1n\u00ed domlouvaj\u00ed i&nbsp;ve sv\u00fdch \u010din\u017eovn\u00edch domech, kdy\u017e maj\u00ed mo\u017enost parkovat ve dvo\u0159e. Zkr\u00e1tka v\u011bt\u0161ina se shodne na tom, jak to bude.<\/p>\r\n<p><strong>Kdy\u017e si lid\u00e9 zvol\u00ed zv\u00fd\u0161en\u00ed ceny parkovn\u00e9ho, vyberete v\u00edc pen\u011bz. Co s&nbsp;nimi bude?<\/strong><br \/>\r\nNab\u00edz\u00edme mo\u017enost, \u017ee se pen\u00edze pou\u017eij\u00ed jako motiva\u010dn\u00ed p\u0159\u00edsp\u011bvek pro ty, kte\u0159\u00ed v&nbsp;z\u00f3n\u011b neparkuj\u00ed. Jednak to p\u0159i zv\u00fd\u0161en\u00ed ceny n\u011bkter\u00fdm lidem usnadn\u00ed rozhodov\u00e1n\u00ed, zda p\u0159estat s&nbsp;autem v&nbsp;z\u00f3n\u011b parkovat, a&nbsp;sou\u010dasn\u011b to bude motivovat dal\u0161\u00ed, aby si auto do z\u00f3ny nep\u0159ihl\u00e1sili.<\/p>\r\n<p><strong>Kdo bude m\u00edt na p\u0159\u00edsp\u011bvek n\u00e1rok?<\/strong><br \/>\r\nV\u0161ichni \u010dlenov\u00e9 dom\u00e1cnosti, kter\u00e1 nem\u00e1 v&nbsp;z\u00f3n\u011b p\u0159ihl\u00e1\u0161en\u00e9 \u017e\u00e1dn\u00e9 auto. P\u0159\u00edsp\u011bvek se bude vypl\u00e1cet za uplynul\u00fd kalend\u00e1\u0159n\u00ed rok a&nbsp;bude o&nbsp;n\u011bj moct po\u017e\u00e1dat jen ten, kdo tu m\u011bl trval\u00e9 bydli\u0161t\u011b a&nbsp;nem\u011bl p\u0159ihl\u00e1\u0161en\u00e9 auto v&nbsp;z\u00f3n\u011b placen\u00e9ho st\u00e1n\u00ed \u2013 tedy nezab\u00edral m\u00edsto ostatn\u00edm.<\/p>\r\n<p><strong>Pro\u010d za to rad\u0161i nepostav\u00edte parkovac\u00ed m\u00edsta?<\/strong><br \/>\r\nM\u011bsto ani na\u0161e m\u011bstsk\u00e1 \u010d\u00e1st nem\u00e1 bohu\u017eel \u017e\u00e1dn\u00e9 vhodn\u00e9 pozemky k&nbsp;v\u00fdstavb\u011b parkovac\u00edho domu v&nbsp;Praze 7. A&nbsp;i&nbsp;kdybychom je m\u011bli, nic to ne\u0159e\u0161\u00ed, sta\u010dily by jen na 30, mo\u017en\u00e1 40 m\u00edst&#8230; ale auta p\u0159ib\u00fdvaj\u00ed mnohem rychleji. Jen za leto\u0161n\u00ed \u00fanor p\u0159ibylo 39 aut. Krom\u011b toho, v&nbsp;gar\u00e1\u017e\u00edch v&nbsp;Praze 7 jsou voln\u00e9 kapacity u\u017e nyn\u00ed, ale kv\u016fli vy\u0161\u0161\u00ed cen\u011b je stejn\u011b \u0159idi\u010di nevyu\u017e\u00edvaj\u00ed \u2013 a&nbsp;parkov\u00e1n\u00ed v&nbsp;gar\u00e1\u017ei nikdy nebude tak levn\u00e9 jako na ulici, cena se pohybuje cca od 3&nbsp;000&nbsp;K\u010d m\u011bs\u00ed\u010dn\u011b v\u00fd\u0161e.<\/p>\r\n<p><strong>V ulic\u00edch by se p\u00e1r m\u00edst na\u0161lo, m\u016f\u017eete t\u0159eba je\u0161t\u011b n\u011bkde ud\u011blat jednosm\u011brky a&nbsp;v&nbsp;nich \u0161ikm\u00e9 parkov\u00e1n\u00ed?<\/strong><br \/>\r\nM\u016f\u017ee to vypadat l\u00e1kav\u011b, ale zjednosm\u011brn\u011bn\u00ed se nakonec obr\u00e1t\u00ed hlavn\u011b proti m\u00edstn\u00edm: v&nbsp;jednosm\u011brn\u00e9 ulici nelze kr\u00e1tkodob\u011b zastavit a&nbsp;vylo\u017eit \u010di nalo\u017eit n\u00e1klad, ani\u017e<br \/>\r\nblokujete dopravu. A&nbsp;to \u010das od \u010dasu pot\u0159ebuje ka\u017ed\u00fd, kdy\u017e p\u0159ed domem nezaparkuje a&nbsp;mus\u00ed pak odjet hledat m\u00edsto n\u011bkam jinam. Pr\u00e1v\u011b na Letn\u00e9, kde jsou jednosm\u011brky prakticky v\u0161ude, pak m\u00edsta pro kr\u00e1tk\u00e9 zastaven\u00ed zoufale chyb\u00ed.<\/p>\r\n<p><strong>A to o&nbsp;cen\u011b parkov\u00e1n\u00ed budou hlasovat v\u0161ichni? I&nbsp;ti, kte\u0159\u00ed nemaj\u00ed auto?<\/strong><br \/>\r\nAno, hlasovat budou v\u0161ichni, kdo maj\u00ed n\u00e1rok na parkovac\u00ed opr\u00e1vn\u011bn\u00ed a&nbsp;maj\u00ed trval\u00e9 bydli\u0161t\u011b v&nbsp;Praze 7. Kdy\u017e maj\u00ed pr\u00e1vo parkovat, maj\u00ed tak\u00e9 pr\u00e1vo se vyj\u00e1d\u0159it k&nbsp;tomu, jak bude syst\u00e9m parkov\u00e1n\u00ed vypadat. Klidn\u011b si toti\u017e mohou p\u0159ihl\u00e1sit auto kdykoli v&nbsp;budoucnu.<\/p>\r\n<p><strong>Co kdy\u017e si lid\u00e9 zv\u00fd\u0161en\u00ed ceny neodhlasuj\u00ed?<\/strong><br \/>\r\nBude platit cena stanoven\u00e1 pro celou Prahu magistr\u00e1tem. V&nbsp;tuto chv\u00edli nev\u00edme, jak\u00e1 cena to bude, ale d\u00e1 se p\u0159edpokl\u00e1dat, \u017ee nebude tak vysok\u00e1, aby vedla k&nbsp;uvoln\u011bn\u00ed parkovac\u00edch m\u00edst (mluv\u00ed se o&nbsp;cen\u011b 2&nbsp;400&nbsp;K\u010d ro\u010dn\u011b a&nbsp;v&nbsp;posledn\u00ed dob\u011b tak\u00e9 o&nbsp;variant\u011b 5&nbsp;000&nbsp;K\u010d ro\u010dn\u011b). Nejsp\u00ed\u0161 tedy k&nbsp;n\u011bjak\u00e9mu centr\u00e1ln\u00edmu zdra\u017een\u00ed dojde, ale v&nbsp;ulic\u00edch se to neprojev\u00ed, jak ukazuj\u00ed data z&nbsp;pr\u016fzkumu.<\/p>\r\n                <\/div>\r\n            <\/div>\r\n        <\/div>\r\n    \r\n<hr \/>\r\n<h2><span style=\"color: #0000ff;\">Co nen\u00ed \u0159e\u0161en\u00ed&#8230;<\/span><\/h2>\r\n<p><br \/>\r\n<strong>nakreslit \u010di p\u0159ekreslit \u010d\u00e1ry v&nbsp;ulic\u00edch<\/strong> \u27a1\ufe0f parkuje se prakticky v\u0161ude, kde je to mo\u017en\u00e9, a&nbsp;v&nbsp;jednosm\u011brk\u00e1ch je situace pro rezidenty o&nbsp;to hor\u0161\u00ed, proto\u017ee v&nbsp;nich rezidenti prakticky ani nemohou zastavit a&nbsp;vylo\u017eit n\u00e1klad<\/p>\r\n<p><strong>dal\u0161\u00ed roz\u0161\u00ed\u0159en\u00ed modr\u00e9 z\u00f3ny na \u00fakor oran\u017eov\u00e9 n\u00e1v\u0161t\u011bvnick\u00e9 z\u00f3ny<\/strong> \u27a1\ufe0f v\u00edc ne\u017e 90&nbsp;% parkovac\u00ed kapacity slou\u017e\u00ed rezident\u016fm a&nbsp;zbytek slou\u017e\u00ed \u017eivnostn\u00edk\u016fm z&nbsp;Prahy&nbsp;7<\/p>\r\n<p><strong>dal\u0161\u00ed zp\u0159\u00edsn\u011bn\u00ed pravidel<\/strong> \u27a1\ufe0f syst\u00e9m pokut funguje a&nbsp;p\u0159estupk\u016f v&nbsp;modr\u00e9 z\u00f3n\u011b je velmi m\u00e1lo \u2013 mezi 3 a\u017e 6&nbsp;%. Jist\u00e9 mezery jsou v&nbsp;rychlosti a&nbsp;mno\u017estv\u00ed odtah\u016f, ale ani odtahy nemaj\u00ed potenci\u00e1l zajistit pot\u0159ebn\u00e9 stovky a\u017e tis\u00edce parkovac\u00edch m\u00edst. Sebelep\u0161\u00ed postihy neuvoln\u00ed tolik m\u00edst, kolik v&nbsp;ulic\u00edch chyb\u00ed. Tolik h\u0159\u00ed\u0161n\u00edk\u016f v&nbsp;z\u00f3n\u00e1ch neparkuje.<\/p>\r\n<p><strong>povolit jednu parkovac\u00ed kartu na dom\u00e1cnost<\/strong> \u27a1\ufe0f To bohu\u017eel nic ne\u0159e\u0161\u00ed. Dom\u00e1cnost\u00ed je u&nbsp;n\u00e1s dnes 23 tis\u00edc, parkovac\u00edch karet je vyd\u00e1no 13 tis\u00edc a&nbsp;m\u00edsta u\u017e do\u0161la. Takov\u00e9<br \/>\r\n\u0159e\u0161en\u00ed nav\u00edc nedovoluje ani z\u00e1kon.<\/p>\r\n<p><strong>zastavit vyd\u00e1v\u00e1n\u00ed parkovac\u00edch karet<\/strong> \u27a1\ufe0f to z\u00e1kon neumo\u017e\u0148uje; n\u00e1rok maj\u00ed v\u0161ichni s&nbsp;trval\u00fdm bydli\u0161t\u011bm stejn\u00fd.<\/p>\r\n<p><strong>zru\u0161it cyklopruhy<\/strong> \u27a1\ufe0f cyklopruhy neodeb\u00edraj\u00ed \u017e\u00e1dn\u00e1 parkovac\u00ed m\u00edsta; ta naopak vznikaj\u00ed vedle nich jako t\u0159eba ve Veletr\u017en\u00ed, na n\u00e1b\u0159e\u017e\u00ed Kapit\u00e1na Jaro\u0161e \u010di v&nbsp;Bubensk\u00e9 ulici.<\/p>\r\n<p><strong>zru\u0161it rozhledov\u00e9 z\u00f3ny p\u0159ed p\u0159echody<\/strong> \u27a1\ufe0f to nen\u00ed mo\u017en\u00e9 s&nbsp;ohledem na bezpe\u010dnost chodc\u016f, ale i&nbsp;s&nbsp;ohledem na \u0159idi\u010de, kte\u0159\u00ed pot\u0159ebuj\u00ed v\u010das vid\u011bt chodce.<\/p>\r\n<p><strong>zru\u0161it \u00fapln\u011b parkovac\u00ed z\u00f3ny<\/strong> \u27a1\ufe0f p\u0159ed jejich zaveden\u00edm byla situace je\u0161t\u011b o&nbsp;trochu hor\u0161\u00ed, ne\u017e je nyn\u00ed; zru\u0161en\u00ed z\u00f3ny by z&nbsp;Prahy&nbsp;7 ud\u011blalo parkovi\u0161t\u011b pro n\u00e1v\u0161t\u011bvn\u00edky centra.<\/p>\r\n<p><strong>postavit parkovi\u0161t\u011b a&nbsp;gar\u00e1\u017ee<\/strong> \u27a1\ufe0f m\u011bstsk\u00e1 \u010d\u00e1st nem\u00e1 ani voln\u00e9 pozemky, ani finance na takov\u00e9 miliardov\u00e9 investice. Je t\u0159eba konstatovat, \u017ee parkovac\u00ed m\u00edsto v&nbsp;parkovac\u00edm dom\u011b stoj\u00ed cca jeden milion korun a&nbsp;parkov\u00e1n\u00ed v&nbsp;n\u011bm pak stoj\u00ed od 3&nbsp;000&nbsp;K\u010d m\u011bs\u00ed\u010dn\u011b. Investi\u010dn\u00ed rozpo\u010det m\u011bstsk\u00e9 \u010d\u00e1sti je cca 160 milion\u016f korun ro\u010dn\u011b a&nbsp;ani cel\u00fd tento rozpo\u010det by nepokryl vybudov\u00e1n\u00ed m\u00edst pro ka\u017edoro\u010dn\u00ed p\u0159\u00edr\u016fstek po\u010dtu aut do modr\u00e9 z\u00f3ny, kter\u00fd je pr\u016fm\u011brn\u011b 280 nov\u00fdch parkovac\u00edch karet za rok.<\/p>\r\n<p>&nbsp;<\/p>\r\n<hr \/>\r\n<h2><span style=\"color: #0000ff;\">\u010casto kladen\u00e9 ot\u00e1zky<\/span><\/h2>\r\n<p>N\u00ed\u017ee jsme p\u0159ipravili odpov\u011bdi na \u010dasto kladen\u00e9 ot\u00e1zky. Nena\u0161li jste odpov\u011b\u010f na tu svoji? Napi\u0161te na: <a href=\"mailto:auta@praha7.cz\">auta@praha7.cz<\/a><\/p>\r\n        <div class=\"collapse-block\">\r\n            <div class=\"card-header\" role=\"tab\" id=\"headingb1231806e3f98533d12c273e9a42af9b59f29ed2\">\r\n                                    <h3 class=\"mb-0\">\r\n                        <a data-toggle=\"collapse\" href=\"#collapseb1231806e3f98533d12c273e9a42af9b59f29ed2\" aria-controls=\"collapseb1231806e3f98533d12c273e9a42af9b59f29ed2\">\r\n                            Pokud by se schv\u00e1lila vy\u0161\u0161\u00ed cena rezidentn\u00edho opr\u00e1vn\u011bn\u00ed, jak se to projev\u00ed u seniorsk\u00fdch, ZTP a o\u0161et\u0159ovatelsk\u00fdch opr\u00e1vn\u011bn\u00ed?                            <i class=\"fa fa-2x fa-angle-down\" aria-hidden=\"true\"><\/i>\r\n                        <\/a>\r\n                    <\/h3>\r\n                                \r\n            <\/div>\r\n\r\n            <div id=\"collapseb1231806e3f98533d12c273e9a42af9b59f29ed2\" class=\"collapse\" data-id=\"b1231806e3f98533d12c273e9a42af9b59f29ed2\" role=\"tabpanel\" aria-labelledby=\"headingb1231806e3f98533d12c273e9a42af9b59f29ed2\">\r\n                <div class=\"card-block\">\r\n    \r\n<p>Hlasov\u00e1n\u00ed o&nbsp;nav\u00fd\u0161en\u00ed se t\u00fdk\u00e1 jen rezidentn\u00edho opr\u00e1vn\u011bn\u00ed. O&nbsp;nav\u00fd\u0161en\u00ed seniorsk\u00e9ho, ZTP a&nbsp;o\u0161et\u0159ovatelsk\u00e9ho opr\u00e1vn\u011bn\u00ed nad cenu stanovenou magistr\u00e1tem m\u011bstsk\u00e1 \u010d\u00e1st \u017e\u00e1dat nebude.<\/p>\r\n                <\/div>\r\n            <\/div>\r\n        <\/div>\r\n    \r\n        <div class=\"collapse-block\">\r\n            <div class=\"card-header\" role=\"tab\" id=\"headingdddfe9b73be0ef801b18841464476e7c33e51b28\">\r\n                                    <h3 class=\"mb-0\">\r\n                        <a data-toggle=\"collapse\" href=\"#collapsedddfe9b73be0ef801b18841464476e7c33e51b28\" aria-controls=\"collapsedddfe9b73be0ef801b18841464476e7c33e51b28\">\r\n                            Parkov\u00e1n\u00ed se zdra\u017e\u00ed a aut v ulic\u00edch stejn\u011b neubude.                            <i class=\"fa fa-2x fa-angle-down\" aria-hidden=\"true\"><\/i>\r\n                        <\/a>\r\n                    <\/h3>\r\n                                \r\n            <\/div>\r\n\r\n            <div id=\"collapsedddfe9b73be0ef801b18841464476e7c33e51b28\" class=\"collapse\" data-id=\"dddfe9b73be0ef801b18841464476e7c33e51b28\" role=\"tabpanel\" aria-labelledby=\"headingdddfe9b73be0ef801b18841464476e7c33e51b28\">\r\n                <div class=\"card-block\">\r\n    \r\n<p>Varianta, kterou si voli\u010di odhlasuj\u00ed, bude na obdob\u00ed t\u0159\u00ed let, potom vyhodnot\u00edme, jak zm\u011bna funguje, a&nbsp;s&nbsp;prezidentsk\u00fdmi volbami bychom p\u0159ipravili nov\u00e9 hlasov\u00e1n\u00ed.<\/p>\r\n                <\/div>\r\n            <\/div>\r\n        <\/div>\r\n    \r\n        <div class=\"collapse-block\">\r\n            <div class=\"card-header\" role=\"tab\" id=\"heading9ec0bd69e164c1e84bd97cb358997bf25ec07daf\">\r\n                                    <h3 class=\"mb-0\">\r\n                        <a data-toggle=\"collapse\" href=\"#collapse9ec0bd69e164c1e84bd97cb358997bf25ec07daf\" aria-controls=\"collapse9ec0bd69e164c1e84bd97cb358997bf25ec07daf\">\r\n                            M\u016f\u017ee magistr\u00e1t nerespektovat hlasov\u00e1n\u00ed obyvatel Prahy 7?                            <i class=\"fa fa-2x fa-angle-down\" aria-hidden=\"true\"><\/i>\r\n                        <\/a>\r\n                    <\/h3>\r\n                                \r\n            <\/div>\r\n\r\n            <div id=\"collapse9ec0bd69e164c1e84bd97cb358997bf25ec07daf\" class=\"collapse\" data-id=\"9ec0bd69e164c1e84bd97cb358997bf25ec07daf\" role=\"tabpanel\" aria-labelledby=\"heading9ec0bd69e164c1e84bd97cb358997bf25ec07daf\">\r\n                <div class=\"card-block\">\r\n    \r\n<p>O pravidlech a&nbsp;cen\u011b parkovac\u00ed z\u00f3ny rozhoduje v\u00fdlu\u010dn\u011b rada pra\u017esk\u00e9ho magistr\u00e1tu, hlasov\u00e1n\u00ed obyvatel m\u011bstsk\u00e9 \u010d\u00e1sti ji k&nbsp;ni\u010demu nezavazuje.<\/p>\r\n                <\/div>\r\n            <\/div>\r\n        <\/div>\r\n    \r\n        <div class=\"collapse-block\">\r\n            <div class=\"card-header\" role=\"tab\" id=\"heading04e186e660b2f6ada5e3b812fc1718dd4e1f20f6\">\r\n                                    <h3 class=\"mb-0\">\r\n                        <a data-toggle=\"collapse\" href=\"#collapse04e186e660b2f6ada5e3b812fc1718dd4e1f20f6\" aria-controls=\"collapse04e186e660b2f6ada5e3b812fc1718dd4e1f20f6\">\r\n                            Pro\u010d elektromobily parkuj\u00ed zadarmo?                            <i class=\"fa fa-2x fa-angle-down\" aria-hidden=\"true\"><\/i>\r\n                        <\/a>\r\n                    <\/h3>\r\n                                \r\n            <\/div>\r\n\r\n            <div id=\"collapse04e186e660b2f6ada5e3b812fc1718dd4e1f20f6\" class=\"collapse\" data-id=\"04e186e660b2f6ada5e3b812fc1718dd4e1f20f6\" role=\"tabpanel\" aria-labelledby=\"heading04e186e660b2f6ada5e3b812fc1718dd4e1f20f6\">\r\n                <div class=\"card-block\">\r\n    \r\n<p>Parkov\u00e1n\u00ed zdarma pro elektroauta skon\u010d\u00ed k&nbsp;31.&nbsp;prosinci 2024, kon\u010d\u00ed tak\u00e9 p\u0159enosn\u00e9 parkovac\u00ed karty.<\/p>\r\n                <\/div>\r\n            <\/div>\r\n        <\/div>\r\n    \r\n        <div class=\"collapse-block\">\r\n            <div class=\"card-header\" role=\"tab\" id=\"headingabf7382eed8982deeb16168e32e402b188eceff4\">\r\n                                    <h3 class=\"mb-0\">\r\n                        <a data-toggle=\"collapse\" href=\"#collapseabf7382eed8982deeb16168e32e402b188eceff4\" aria-controls=\"collapseabf7382eed8982deeb16168e32e402b188eceff4\">\r\n                            Pro\u010d se ru\u0161\u00ed parkovac\u00ed m\u00edsta?                            <i class=\"fa fa-2x fa-angle-down\" aria-hidden=\"true\"><\/i>\r\n                        <\/a>\r\n                    <\/h3>\r\n                                \r\n            <\/div>\r\n\r\n            <div id=\"collapseabf7382eed8982deeb16168e32e402b188eceff4\" class=\"collapse\" data-id=\"abf7382eed8982deeb16168e32e402b188eceff4\" role=\"tabpanel\" aria-labelledby=\"headingabf7382eed8982deeb16168e32e402b188eceff4\">\r\n                <div class=\"card-block\">\r\n    \r\n<p>Parkovac\u00edch m\u00edst naopak p\u0159ib\u00fdv\u00e1. Od roku 2018 se kapacita z\u00f3ny zv\u00fd\u0161ila o&nbsp;170 nov\u00fdch m\u00edst. K&nbsp;\u00fabytku n\u011bkde do\u0161lo jen kv\u016fli v\u011bt\u0161\u00ed bezpe\u010dnosti v&nbsp;bl\u00edzkosti k\u0159i\u017eovatek, p\u0159echod\u016f nebo na chodn\u00edc\u00edch. Jde ale maxim\u00e1ln\u011b o&nbsp;p\u00e1r des\u00edtek m\u00edst. Nikdy se neru\u0161ila parkovac\u00ed m\u00edsta kv\u016fli cyklopruh\u016fm, ty naopak vznikly vedle nov\u00fdch parkovac\u00edch m\u00edst, t\u0159eba v&nbsp;Bubensk\u00e9 \u010di Veletr\u017en\u00ed.<\/p>\r\n                <\/div>\r\n            <\/div>\r\n        <\/div>\r\n    \r\n        <div class=\"collapse-block\">\r\n            <div class=\"card-header\" role=\"tab\" id=\"headingc82246ece0ffeaf9e31b84e6dcbaf3552d63830c\">\r\n                                    <h3 class=\"mb-0\">\r\n                        <a data-toggle=\"collapse\" href=\"#collapsec82246ece0ffeaf9e31b84e6dcbaf3552d63830c\" aria-controls=\"collapsec82246ece0ffeaf9e31b84e6dcbaf3552d63830c\">\r\n                            Kdy\u017e se vyzna\u010d\u00ed jednotliv\u00e1 parkovac\u00ed st\u00e1n\u00ed \u010d\u00e1rami, bude v\u00edc m\u00edsta?                            <i class=\"fa fa-2x fa-angle-down\" aria-hidden=\"true\"><\/i>\r\n                        <\/a>\r\n                    <\/h3>\r\n                                \r\n            <\/div>\r\n\r\n            <div id=\"collapsec82246ece0ffeaf9e31b84e6dcbaf3552d63830c\" class=\"collapse\" data-id=\"c82246ece0ffeaf9e31b84e6dcbaf3552d63830c\" role=\"tabpanel\" aria-labelledby=\"headingc82246ece0ffeaf9e31b84e6dcbaf3552d63830c\">\r\n                <div class=\"card-block\">\r\n    \r\n<p>Bohu\u017eel, nebude. Probl\u00e9m je v&nbsp;tom, \u017ee \u010d\u00e1ry se mus\u00ed nakreslit p\u0159esn\u011b podle p\u0159\u00edsn\u00fdch norem, a&nbsp;ty po\u010d\u00edtaj\u00ed s&nbsp;\u0161ir\u0161\u00edmi m\u00edsty, ne\u017e \u0159idi\u010di v&nbsp;praxi vyu\u017eij\u00ed, pokud parkuj\u00ed podle sv\u00e9ho odhadu. Tak\u017ee by parkovac\u00edch m\u00edst v&nbsp;ulic\u00edch ve skute\u010dnosti ubylo.<\/p>\r\n                <\/div>\r\n            <\/div>\r\n        <\/div>\r\n    \r\n        <div class=\"collapse-block\">\r\n            <div class=\"card-header\" role=\"tab\" id=\"headingcd2363f725843a3a5ed42dd3750acfd2f4242464\">\r\n                                    <h3 class=\"mb-0\">\r\n                        <a data-toggle=\"collapse\" href=\"#collapsecd2363f725843a3a5ed42dd3750acfd2f4242464\" aria-controls=\"collapsecd2363f725843a3a5ed42dd3750acfd2f4242464\">\r\n                            Pro\u010d velk\u00e1 auta se siln\u00fdmi motory neplat\u00ed v\u00edc?                            <i class=\"fa fa-2x fa-angle-down\" aria-hidden=\"true\"><\/i>\r\n                        <\/a>\r\n                    <\/h3>\r\n                                \r\n            <\/div>\r\n\r\n            <div id=\"collapsecd2363f725843a3a5ed42dd3750acfd2f4242464\" class=\"collapse\" data-id=\"cd2363f725843a3a5ed42dd3750acfd2f4242464\" role=\"tabpanel\" aria-labelledby=\"headingcd2363f725843a3a5ed42dd3750acfd2f4242464\">\r\n                <div class=\"card-block\">\r\n    \r\n<p>Pravidla z\u00f3n placen\u00e9ho st\u00e1n\u00ed to neumo\u017e\u0148uj\u00ed.<\/p>\r\n                <\/div>\r\n            <\/div>\r\n        <\/div>\r\n    \r\n        <div class=\"collapse-block\">\r\n            <div class=\"card-header\" role=\"tab\" id=\"heading88995c3e436fb7b6a798915e17e548e2b1e5f9cb\">\r\n                                    <h3 class=\"mb-0\">\r\n                        <a data-toggle=\"collapse\" href=\"#collapse88995c3e436fb7b6a798915e17e548e2b1e5f9cb\" aria-controls=\"collapse88995c3e436fb7b6a798915e17e548e2b1e5f9cb\">\r\n                            Pro\u010d m\u00edsto zab\u00edraj\u00ed firmy, n\u00e1v\u0161t\u011bvn\u00edci a neplati\u010di?                            <i class=\"fa fa-2x fa-angle-down\" aria-hidden=\"true\"><\/i>\r\n                        <\/a>\r\n                    <\/h3>\r\n                                \r\n            <\/div>\r\n\r\n            <div id=\"collapse88995c3e436fb7b6a798915e17e548e2b1e5f9cb\" class=\"collapse\" data-id=\"88995c3e436fb7b6a798915e17e548e2b1e5f9cb\" role=\"tabpanel\" aria-labelledby=\"heading88995c3e436fb7b6a798915e17e548e2b1e5f9cb\">\r\n                <div class=\"card-block\">\r\n    \r\n<p>Tak to nen\u00ed, 94&nbsp;% kapacity z\u00f3ny placen\u00e9ho st\u00e1n\u00ed v&nbsp;Praze 7 vyu\u017e\u00edvaj\u00ed rezidenti se zaplacen\u00fdm rezidentn\u00edm parkov\u00e1n\u00edm. Ostatn\u00ed \u0159idi\u010di p\u0159edstavuj\u00ed jednotky procent a&nbsp;jejich p\u0159\u00edpadn\u00fd \u00fabytek se v&nbsp;ulic\u00edch neprojev\u00ed. U\u017e te\u010f v&nbsp;z\u00f3n\u011b chyb\u00ed 3&nbsp;300 m\u00edst.<\/p>\r\n                <\/div>\r\n            <\/div>\r\n        <\/div>\r\n    \r\n        <div class=\"collapse-block\">\r\n            <div class=\"card-header\" role=\"tab\" id=\"headingb8170daf6b4341d874a9d3c42cef79db5b7ae4c7\">\r\n                                    <h3 class=\"mb-0\">\r\n                        <a data-toggle=\"collapse\" href=\"#collapseb8170daf6b4341d874a9d3c42cef79db5b7ae4c7\" aria-controls=\"collapseb8170daf6b4341d874a9d3c42cef79db5b7ae4c7\">\r\n                            Pro\u010d nem\u016f\u017eeme navrhnout ni\u017e\u0161\u00ed \u010d\u00e1stku ne\u017e 7 200 K\u010d?                            <i class=\"fa fa-2x fa-angle-down\" aria-hidden=\"true\"><\/i>\r\n                        <\/a>\r\n                    <\/h3>\r\n                                \r\n            <\/div>\r\n\r\n            <div id=\"collapseb8170daf6b4341d874a9d3c42cef79db5b7ae4c7\" class=\"collapse\" data-id=\"b8170daf6b4341d874a9d3c42cef79db5b7ae4c7\" role=\"tabpanel\" aria-labelledby=\"headingb8170daf6b4341d874a9d3c42cef79db5b7ae4c7\">\r\n                <div class=\"card-block\">\r\n    \r\n<p>Nechali jsme si zpracovat pr\u016fzkum, kter\u00e9ho se z\u00fa\u010dastnilo 2&nbsp;500&nbsp;lid\u00ed z&nbsp;Prahy&nbsp;7. Z&nbsp;n\u011bj vy\u0161lo, \u017ee ni\u017e\u0161\u00ed \u010d\u00e1stky nepovedou k&nbsp;\u00fabytku aut v&nbsp;ulic\u00edch. M\u016f\u017eete si vybrat variantu, \u017ee \u017e\u00e1dn\u00e9 dal\u0161\u00ed zdra\u017eov\u00e1n\u00ed nechcete.<\/p>\r\n                <\/div>\r\n            <\/div>\r\n        <\/div>\r\n    \r\n        <div class=\"collapse-block\">\r\n            <div class=\"card-header\" role=\"tab\" id=\"headinge38711f1aaf237ef16c6ccd7eefa9bf767183645\">\r\n                                    <h3 class=\"mb-0\">\r\n                        <a data-toggle=\"collapse\" href=\"#collapsee38711f1aaf237ef16c6ccd7eefa9bf767183645\" aria-controls=\"collapsee38711f1aaf237ef16c6ccd7eefa9bf767183645\">\r\n                            Od doby, co skon\u010dily parkova\u010dky za sklem, se z\u00f3ny m\u00e1lo kontroluj\u00ed.                            <i class=\"fa fa-2x fa-angle-down\" aria-hidden=\"true\"><\/i>\r\n                        <\/a>\r\n                    <\/h3>\r\n                                \r\n            <\/div>\r\n\r\n            <div id=\"collapsee38711f1aaf237ef16c6ccd7eefa9bf767183645\" class=\"collapse\" data-id=\"e38711f1aaf237ef16c6ccd7eefa9bf767183645\" role=\"tabpanel\" aria-labelledby=\"headinge38711f1aaf237ef16c6ccd7eefa9bf767183645\">\r\n                <div class=\"card-block\">\r\n    \r\n<p>Je to p\u0159esn\u011b naopak. Od p\u0159echodu na digit\u00e1ln\u00ed parkovac\u00ed opr\u00e1vn\u011bn\u00ed v&nbsp;roce 2018 je ka\u017ed\u00e1 oblast z\u00f3ny placen\u00e9ho st\u00e1n\u00ed v&nbsp;Praze 7 zkontrolov\u00e1na 3\u20134\u00d7 denn\u011b speci\u00e1ln\u00edm autem, kter\u00e9 proj\u00ed\u017ed\u00ed ulice. Takov\u00e1 frekvence d\u0159\u00edve zdaleka nebyla mo\u017en\u00e1. Pokuty jsou odbavov\u00e1ny okam\u017eit\u011b. Parkovat na\u010derno v&nbsp;z\u00f3n\u00e1ch se nevypl\u00e1c\u00ed a&nbsp;data ukazuj\u00ed, \u017ee se to d\u011bje v&nbsp;jednotk\u00e1ch procent.<\/p>\r\n                <\/div>\r\n            <\/div>\r\n        <\/div>\r\n    \r\n        <div class=\"collapse-block\">\r\n            <div class=\"card-header\" role=\"tab\" id=\"heading821c301c55871b9e8e99005f7e310ed37ac7916f\">\r\n                                    <h3 class=\"mb-0\">\r\n                        <a data-toggle=\"collapse\" href=\"#collapse821c301c55871b9e8e99005f7e310ed37ac7916f\" aria-controls=\"collapse821c301c55871b9e8e99005f7e310ed37ac7916f\">\r\n                            Zdra\u017ete po\u0159\u00e1dn\u011b druh\u00e1 a dal\u0161\u00ed auta.                            <i class=\"fa fa-2x fa-angle-down\" aria-hidden=\"true\"><\/i>\r\n                        <\/a>\r\n                    <\/h3>\r\n                                \r\n            <\/div>\r\n\r\n            <div id=\"collapse821c301c55871b9e8e99005f7e310ed37ac7916f\" class=\"collapse\" data-id=\"821c301c55871b9e8e99005f7e310ed37ac7916f\" role=\"tabpanel\" aria-labelledby=\"heading821c301c55871b9e8e99005f7e310ed37ac7916f\">\r\n                <div class=\"card-block\">\r\n    \r\n<p>Druh\u00e9 auto rezidenta u\u017e te\u010f stoj\u00ed 7&nbsp;000 K\u010d, ka\u017ed\u00e9 dal\u0161\u00ed auto 30&nbsp;000&nbsp;K\u010d. Parkovac\u00ed opr\u00e1vn\u011bn\u00ed na dv\u011b a&nbsp;v\u00edc aut m\u00e1 v&nbsp;Praze 7 jenom 1&nbsp;% \u0159idi\u010d\u016f.<\/p>\r\n                <\/div>\r\n            <\/div>\r\n        <\/div>\r\n    \r\n<hr \/>\r\n<h2><span style=\"color: #0000ff;\"><strong>V\u00fdsledky pr\u016fzkumu o&nbsp;parkov\u00e1n\u00ed<\/strong><\/span><\/h2>\r\n<p>Abyste m\u011bli mo\u017enost v&nbsp;hlasov\u00e1n\u00ed adekv\u00e1tn\u011b rozhodnout, pot\u0159ebujete fakta. Proto jsme koncem minul\u00e9ho roku zadali nez\u00e1visl\u00fd v\u00fdzkum, ve kter\u00e9m odpov\u011bd\u011blo 2&nbsp;500 obyvatel Prahy&nbsp;7. Jak\u00e9 jsou v\u00fdsledky?<\/p>\r\n<p>1. Citlivost na v\u00fd\u0161i parkovn\u00e9ho skute\u010dn\u011b existuje. Je zde velk\u00e1 skupina lid\u00ed, kte\u0159\u00ed jednozna\u010dn\u011b prohl\u00e1sili, \u017ee by v&nbsp;p\u0159\u00edpad\u011b vy\u0161\u0161\u00edho parkovn\u00e9ho m\u00edsto pro parkov\u00e1n\u00ed uvolnili.<\/p>\r\n<p>2. Magistr\u00e1t zva\u017euje zv\u00fd\u0161en\u00ed ro\u010dn\u00edho parkovn\u00e9ho z&nbsp;1&nbsp;200&nbsp;K\u010d na 2&nbsp;400 K\u010d, resp. a\u017e 5&nbsp;000&nbsp;K\u010d. To se ale podle v\u00fdsledk\u016f pr\u016fzkumu v&nbsp;ulic\u00edch prakticky neprojev\u00ed \u2013 jen m\u00e1lokoho to p\u0159im\u011bje zru\u0161it sv\u00e9 parkovac\u00ed opr\u00e1vn\u011bn\u00ed. V&nbsp;t\u00e9to situaci by se tak rozhodlo jen 15&nbsp;% dot\u00e1zan\u00fdch. Ve skute\u010dnosti to podle zahrani\u010dn\u00edch zku\u0161enost\u00ed bude \u0159\u00e1dov\u011b je\u0161t\u011b m\u00e9n\u011b.<\/p>\r\n<p>3. Proto pr\u016fzkum pracoval i&nbsp;s&nbsp;dal\u0161\u00edmi \u010d\u00e1stkami, aby ov\u011b\u0159il, p\u0159i jak\u00e9 cenov\u00e9 hladin\u011b by respondenti parkovac\u00ed m\u00edsta uvolnili. Z&nbsp;dat vypl\u00fdv\u00e1, \u017ee pr\u016fkazn\u00fd \u00fabytek parkuj\u00edc\u00edch lze o\u010dek\u00e1vat p\u0159i \u010d\u00e1stk\u00e1ch od 6&nbsp;000 korun za rok a&nbsp;v\u00fd\u0161e. St\u00e1le v\u0161ak je t\u0159eba m\u00edt na pam\u011bti, \u017ee pr\u016fzkum se ptal hypoteticky, v&nbsp;praxi se mohou ob\u010dan\u00e9 zachovat jinak a&nbsp;auto v&nbsp;z\u00f3n\u011b i&nbsp;p\u0159i vy\u0161\u0161\u00edch cen\u00e1ch ponechat.<\/p>\r\n<ol><\/ol>\r\n<h4><span style=\"color: #0000ff;\">V\u00fdsledky pr\u016fzkumu si m\u016f\u017eete st\u00e1hnout\u00a0<a href=\"https:\/\/www.praha7.cz\/wp-content\/uploads\/2024\/04\/pruzkum-o-parkovani_P7_podzim23.pdf\" target=\"_blank\" rel=\"noopener\" style=\"color: #0000ff;\">ZDE<\/a>.<\/span><\/h4>\r\n<p>&nbsp;<\/p>\r\n<p><a href=\"https:\/\/www.praha7.cz\/wp-content\/uploads\/2024\/04\/obrazky-z-letaku2.png\"><img loading=\"lazy\" src=\"https:\/\/www.praha7.cz\/wp-content\/uploads\/2024\/04\/obrazky-z-letaku2-1500x983.png\" alt=\"\" width=\"640\" height=\"419\" class=\"alignnone size-large wp-image-76122\" srcset=\"https:\/\/www.praha7.cz\/wp-content\/uploads\/2024\/04\/obrazky-z-letaku2-1500x983.png 1500w, https:\/\/www.praha7.cz\/wp-content\/uploads\/2024\/04\/obrazky-z-letaku2-600x393.png 600w, https:\/\/www.praha7.cz\/wp-content\/uploads\/2024\/04\/obrazky-z-letaku2-768x503.png 768w, https:\/\/www.praha7.cz\/wp-content\/uploads\/2024\/04\/obrazky-z-letaku2-1536x1007.png 1536w, https:\/\/www.praha7.cz\/wp-content\/uploads\/2024\/04\/obrazky-z-letaku2.png 1594w\" sizes=\"(max-width: 640px) 100vw, 640px\" \/><\/a><\/p>\r\n<p>&nbsp;<\/p>\r\n<h3><span style=\"color: #0000ff;\">Finan\u010dn\u00ed p\u0159\u00edsp\u011bvek by mohl majitele aut motivovat k&nbsp;omezen\u00ed ka\u017edodenn\u00edho pou\u017e\u00edv\u00e1n\u00ed auta<\/span><\/h3>\r\n<p>Krom\u011b zji\u0161tov\u00e1n\u00ed, jak\u00e1 v\u00fd\u0161e parkovn\u00e9ho by motivovala majitele aut k&nbsp;omezen\u00ed parkov\u00e1n\u00ed v&nbsp;modr\u00e9 z\u00f3n\u011b, se pr\u016fzkum dotazoval i&nbsp;na dal\u0161\u00ed mo\u017enosti \u0159e\u0161en\u00ed. Ptal se, jak\u00e1 pozitivn\u00ed motivace by ty, kte\u0159\u00ed pou\u017e\u00edvaj\u00ed auto denn\u011b, vedla k&nbsp;tomu, aby u\u017e\u00edv\u00e1n\u00ed auta omezili. A\u017e 47&nbsp;% respondent\u016f odpov\u011bd\u011blo, \u017ee by pro n\u011b takovou motivac\u00ed byla MHD zdarma pro celou rodinu. Tito respondenti sou\u010dasn\u011b tak\u00e9 odpov\u011bd\u011bli, \u017ee jsou za parkov\u00e1n\u00ed ochotni platit m\u00e9n\u011b ne\u017e ostatn\u00ed u\u017eivatel\u00e9 auta. Lze tedy p\u0159edpokl\u00e1dat, \u017ee kombinace zv\u00fd\u0161en\u00ed ceny za parkov\u00e1n\u00ed a&nbsp;vypl\u00e1cen\u00ed p\u0159\u00edsp\u011bvku t\u011bm, kdo neparkuj\u00ed, usnadn\u00ed t\u011bmto respondent\u016fm rozhodnut\u00ed v&nbsp;z\u00f3n\u011b neparkovat. Anebo jin\u00fdmi slovy: p\u0159i vypl\u00e1cen\u00ed p\u0159\u00edsp\u011bvku t\u011bm, kdo v&nbsp;z\u00f3n\u011b neparkuj\u00ed, by se p\u0159i zv\u00fd\u0161en\u00ed ceny uvolnilo v\u00edc m\u00edst, ne\u017e kdyby se p\u0159\u00edsp\u011bvek nevypl\u00e1cel.<\/p>\r\n<p>&nbsp;<\/p>\r\n<h3><span style=\"color: #0000ff;\">Kdo neparkuje na ulici, mohl by m\u00edt n\u00e1rok na p\u0159\u00edsp\u011bvek pro celou rodinu<\/span><\/h3>\r\n<p>Hlasov\u00e1n\u00ed o&nbsp;parkov\u00e1n\u00ed se t\u00fdk\u00e1 i&nbsp;t\u011bch, kdo neparkuj\u00ed na ulici, \u010di neparkuj\u00ed v\u016fbec. Jen d\u00edky nim tu lze je\u0161t\u011b zaparkovat. V&nbsp;ulic\u00edch Prahy&nbsp;7 nen\u00ed toti\u017e m\u00edsto pro v\u0161echny.<\/p>\r\n<p>Z\u00e1jem t\u011bch, kdo na ulici parkovat pot\u0159ebuj\u00ed, je, aby neparkuj\u00edc\u00edch dom\u00e1cnost\u00ed bylo co nejv\u00edc. A&nbsp;proto by k&nbsp;tomu m\u011bly b\u00fdt dom\u00e1cnosti motivov\u00e1ny.<\/p>\r\n<p>Z toho d\u016fvodu se bude hlasovat o&nbsp;p\u0159\u00edsp\u011bvku pro v\u0161echny \u010dleny dom\u00e1cnosti, kter\u00e1 parkovac\u00ed opr\u00e1vn\u011bn\u00ed po cel\u00fd uplynul\u00fd rok nevyu\u017eila. Druh\u00fdm d\u016fvodem je \u010d\u00e1ste\u010dn\u00e1 kompenzace t\u011bm, kdo kv\u016fli p\u0159\u00edpadn\u00e9 zv\u00fd\u0161en\u00e9 cen\u011b parkov\u00e1n\u00ed nebudou v&nbsp;z\u00f3n\u011b nad\u00e1le moct parkovat.<\/p>\r\n<p>V\u00fd\u0161e p\u0159\u00edsp\u011bvku bude z\u00e1le\u017eet na v\u00edc faktorech: jak\u00e1 bude nov\u00e1 cena parkov\u00e1n\u00ed stanoven\u00e1 magistr\u00e1tem, o&nbsp;kolik nad tuto \u010d\u00e1stku se nav\u00fd\u0161\u00ed cena v&nbsp;Praze 7, kolik aut ubyde v&nbsp;z\u00f3n\u011b (p\u0159estanou platit), a&nbsp;p\u0159edev\u0161\u00edm kolik opr\u00e1vn\u011bn\u00fdch dom\u00e1cnost\u00ed si o&nbsp;p\u0159\u00edsp\u011bvek po\u017e\u00e1d\u00e1.<\/p>\r\n<p>V modelov\u00e9m p\u0159\u00edkladu jsme po\u010d\u00edtali s&nbsp;maxim\u00e1ln\u00ed cenou 9&nbsp;600&nbsp;K\u010d ro\u010dn\u011b (magistr\u00e1tn\u00ed cena 5&nbsp;000&nbsp;K\u010d + cena m\u011bstsk\u00e9 \u010d\u00e1sti 4&nbsp;600&nbsp;K\u010d), \u00fabytkem aut 30&nbsp;%. Pokud by si po\u017e\u00e1dala polovina opr\u00e1vn\u011bn\u00fdch dom\u00e1cnost\u00ed, byl by p\u0159\u00edsp\u011bvek pro ka\u017ed\u00e9ho \u010dlena dom\u00e1cnosti cca 2&nbsp;500 K\u010d\/rok. \u010cty\u0159\u010dlenn\u00e1 dom\u00e1cnost by tak dostala 10&nbsp;000&nbsp;K\u010d.<\/p>\r\n<hr \/>\r\n<h2><span style=\"color: #0000ff;\">Ot\u00e1zky k&nbsp;hlasov\u00e1n\u00ed<\/span><\/h2>\r\n<h3>Hlasov\u00e1n\u00ed o&nbsp;parkov\u00e1n\u00ed prob\u011bhne v&nbsp;Praze 7 spole\u010dn\u011b s&nbsp;volbami do Evropsk\u00e9ho parlamentu ve dnech 7.&nbsp;a&nbsp;8.&nbsp;\u010dervna 2024.*<br \/>\r\n<span style=\"color: #ff0000;\"><\/span><\/h3>\r\n<p><span style=\"color: #ff0000;\">Vyhodnocovat se bude ka\u017ed\u00e1 z&nbsp;n\u00e1sleduj\u00edc\u00edch ot\u00e1zek samostatn\u011b, hlasovat m\u016f\u017eete ve v\u0161ech n\u00ed\u017ee uveden\u00fdch ot\u00e1zk\u00e1ch, nebo kteroukoli z&nbsp;nich vynechat. Hlasovac\u00ed l\u00edstek bude st\u00e1le platn\u00fd.<br \/>\r\n<br \/>\r\n<\/span><\/p>\r\n<ol>\r\n\t<li>Rada hl. m\u011bsta Prahy pl\u00e1nuje zv\u00fd\u0161it cenu ro\u010dn\u00edho rezidentn\u00edho parkovac\u00edho opr\u00e1vn\u011bn\u00ed a&nbsp;sou\u010dasn\u011b chce m\u011bstsk\u00fdm \u010d\u00e1stem umo\u017enit, aby tuto cenu podle m\u00edstn\u00ed situace nav\u00fd\u0161ily. Souhlas\u00edte s&nbsp;t\u00edm, aby M\u010c Praha&nbsp;7 po\u017e\u00e1dala Radu hl. m\u011bsta Prahy o&nbsp;nav\u00fd\u0161en\u00ed ceny ro\u010dn\u00edho rezidentn\u00edho parkovac\u00edho opr\u00e1vn\u011bn\u00ed (net\u00fdk\u00e1 se seniorsk\u00e9ho, ZTP a&nbsp;pe\u010dovatelsk\u00e9ho opr\u00e1vn\u011bn\u00ed) a&nbsp;regulovala tak cenou popt\u00e1vku po rezidentn\u00edch parkovac\u00edch opr\u00e1vn\u011bn\u00edch?<br \/>\r\n\ud83d\udd32 ANO\u00a0 \u00a0 \u00a0 \u00a0 \u00a0 \u00a0 \u00a0 \u00a0 \u00a0 \u00a0 \u00a0 \u00a0 \u00a0 \u00a0 \u00a0 \u00a0 \u00a0 \u00a0 \u00a0 \ud83d\udd32 NE<br \/>\r\n<br \/>\r\n<strong><span style=\"color: #ff0000;\">hlasujte bu\u010f ANO, nebo NE<\/span><\/strong><span style=\"color: #ff0000;\"> (ozna\u010dte k\u0159\u00ed\u017ekem)<\/span><\/li>\r\n<\/ol>\r\n<p>&nbsp;<\/p>\r\n<ol start=\"2\">\r\n\t<li>Souhlas\u00edte s&nbsp;t\u00edm, aby M\u010c Praha&nbsp;7 rozd\u011blovala zp\u011btn\u011b ka\u017ed\u00fd rok finance, kter\u00e9 z\u00edsk\u00e1 nav\u00edc z&nbsp;takov\u00e9ho dodate\u010dn\u00e9ho nav\u00fd\u0161en\u00ed parkovn\u00e9ho, mezi v\u0161echny ob\u010dany Prahy&nbsp;7, kte\u0159\u00ed \u017eij\u00ed v&nbsp;dom\u00e1cnosti v&nbsp;Praze 7, kter\u00e1 v&nbsp;z\u00f3n\u011b placen\u00e9ho st\u00e1n\u00ed na \u00fazem\u00ed Prahy&nbsp;7 nem\u011bla po cel\u00fd uplynul\u00fd rok registrovan\u00fd automobil a&nbsp;neobsazovala tak parkovac\u00ed m\u00edsta ostatn\u00edm?<br \/>\r\n\ud83d\udd32 ANO\u00a0 \u00a0 \u00a0 \u00a0 \u00a0 \u00a0 \u00a0 \u00a0 \u00a0 \u00a0 \u00a0 \u00a0 \u00a0 \u00a0 \u00a0 \u00a0 \u00a0 \u00a0 \u00a0 \ud83d\udd32 NE<br \/>\r\n<br \/>\r\n<strong><span style=\"color: #ff0000;\">hlasujte bu\u010f ANO, nebo NE <\/span><\/strong><span style=\"color: #ff0000;\">(ozna\u010dte k\u0159\u00ed\u017ekem)<\/span><br \/>\r\n<br \/>\r\n<\/li>\r\n<\/ol>\r\n<ol start=\"3\">\r\n\t<li>Vyberte celkovou kone\u010dnou cenu ro\u010dn\u00edho rezidentn\u00edho parkovac\u00edho opr\u00e1vn\u011bn\u00ed (net\u00fdk\u00e1 se seniorsk\u00e9ho, ZTP a&nbsp;pe\u010dovatelsk\u00e9ho opr\u00e1vn\u011bn\u00ed):<br \/>\r\n\ud83d\udd32 7&nbsp;200 K\u010d\u00a0 \u00a0 \u00a0 \u00a0 \u00a0 \u00a0 \u00a0 \u00a0 \u00a0 \u00a0 \u00a0 \u00a0 \u00a0 \u00a0 \u00a0 \u00a0 \ud83d\udd32 8&nbsp;400 K\u010d\u00a0 \u00a0 \u00a0 \u00a0 \u00a0 \u00a0 \u00a0 \u00a0 \u00a0 \u00a0 \u00a0 \u00a0 \u00a0 \u00a0 \u00a0 \u00a0 \u00a0 \ud83d\udd32 9&nbsp;600&nbsp;K\u010d<br \/>\r\n<br \/>\r\n<strong><span style=\"color: #ff0000;\">vyberte jednu, dv\u011b, nebo v\u0161echny t\u0159i \u010d\u00e1stky<\/span><\/strong><span style=\"color: #ff0000;\"> <\/span><span style=\"color: #ff0000;\">(ozna\u010dte k\u0159\u00ed\u017ekem)<\/span><\/li>\r\n<\/ol>\r\n<p>&nbsp;<\/p>\r\n<p><strong>Cel\u00fd syst\u00e9m by platil po dobu t\u0159\u00ed let, kdy by radnice sledovala, jak se zm\u011bny osv\u011bd\u010d\u00ed v&nbsp;praxi, a&nbsp;n\u00e1sledn\u011b by ob\u010dan\u00e9 v&nbsp;roce 2028 vyj\u00e1d\u0159ili n\u00e1zor, jak pokra\u010dovat.<\/strong><\/p>\r\n<p>&nbsp;<\/p>\r\n<p><em>* Nejedn\u00e1 se o&nbsp;m\u00edstn\u00ed referendum. V&nbsp;m\u00edstn\u00edm referendu se rozhoduje o&nbsp;v\u011bcech, kter\u00e9 pat\u0159\u00ed do samostatn\u00e9 p\u016fsobnosti obce, kde\u017eto ve v\u011bcech z\u00f3n placen\u00e9ho st\u00e1n\u00ed v&nbsp;Praze rozhoduje Magistr\u00e1t hl. m. Prahy a&nbsp;m\u011bstsk\u00e9 \u010d\u00e1sti mohou pouze pod\u00e1vat sv\u00e9 podn\u011bty \u010di n\u00e1vrhy.<\/em><\/p>\r\n<p>&nbsp;<\/p>\r\n<p><a href=\"https:\/\/www.praha7.cz\/wp-content\/uploads\/2024\/04\/hlasovani-navod_v2.jpg\"><img loading=\"lazy\" src=\"https:\/\/www.praha7.cz\/wp-content\/uploads\/2024\/04\/hlasovani-navod_v2-1414x1000.jpg\" alt=\"\" width=\"640\" height=\"453\" class=\"alignnone size-large wp-image-76657\" srcset=\"https:\/\/www.praha7.cz\/wp-content\/uploads\/2024\/04\/hlasovani-navod_v2-1414x1000.jpg 1414w, https:\/\/www.praha7.cz\/wp-content\/uploads\/2024\/04\/hlasovani-navod_v2-566x400.jpg 566w, https:\/\/www.praha7.cz\/wp-content\/uploads\/2024\/04\/hlasovani-navod_v2-768x543.jpg 768w, https:\/\/www.praha7.cz\/wp-content\/uploads\/2024\/04\/hlasovani-navod_v2-1536x1086.jpg 1536w, https:\/\/www.praha7.cz\/wp-content\/uploads\/2024\/04\/hlasovani-navod_v2-2048x1448.jpg 2048w\" sizes=\"(max-width: 640px) 100vw, 640px\" \/><\/a><\/p>\r\n<hr \/>\r\n<h3><span style=\"color: #0000ff;\"><strong>P\u0159ij\u010fte a&nbsp;rozhodn\u011bte!<\/strong><\/span><\/h3>\r\n<p><strong>p\u00e1tek 7.&nbsp;\u010dervna 14\u201322&nbsp;h <\/strong><\/p>\r\n<p><strong>sobota 8.&nbsp;\u010dervna 8\u201314&nbsp;h<\/strong><\/p>\r\n<p>Hlasovat budete ve \u0161kole, kam chod\u00edte b\u011b\u017en\u011b volit. M\u00edsto najdete na ob\u00e1lce s&nbsp;l\u00edstky do eurovoleb nebo <a href=\"https:\/\/kudykvolbam.iprpraha.cz\/\" target=\"_blank\" rel=\"noopener\">zde<\/a>.\u00a0<\/p>\r\n<p>L\u00edstek dostanete na m\u00edst\u011b.<\/p>\r\n<p>Hlasov\u00e1n\u00ed se mohou \u00fa\u010dastnit osoby star\u0161\u00ed 18 let s&nbsp;trval\u00fdm bydli\u0161t\u011bm v&nbsp;Praze 7.<\/p>\r\n<p>&nbsp;<\/p>","protected":false},"excerpt":{"rendered":"[perex] Rada pra\u017esk\u00e9ho magistr\u00e1tu chyst\u00e1 zm\u011bnu pravidel parkov\u00e1n\u00ed v&nbsp;z\u00f3n\u00e1ch placen\u00e9ho st\u00e1n\u00ed. Pl\u00e1nuje se zvy\u0301\u0161en\u00ed z\u00e1kladn\u00edho ro\u010dn\u00edho poplatku z&nbsp;1&nbsp;200&nbsp;K\u010d na 2&nbsp;400 K\u010d, ale neofici\u00e1ln\u011b se hovo\u0159\u00ed a\u017e o&nbsp;cen\u011b 5&nbsp;000&nbsp;K\u010d za ro\u010dn\u00ed parkov\u00e1n\u00ed. Jedn\u00e1n\u00ed magistr\u00e1tn\u00ed koalice SPOLU, Pir\u00e1t\u016f a&nbsp;STAN, kter\u00e1 o&nbsp;cen\u011b rozhodne, nejsou v&nbsp;tuto chv\u00edli ukon\u010dena. P\u0159ij\u010fte 7.&nbsp;a&nbsp;8.&nbsp;\u010dervna 2024 hlasovat, kolik bude st\u00e1t parkov\u00e1n\u00ed v&nbsp;Praze 7, jestli [&hellip;]","protected":false},"author":251,"featured_media":76125,"comment_status":"closed","ping_status":"open","sticky":false,"template":"","format":"standard","meta":[],"categories":[36],"tags":[57,110],"_links":{"self":[{"href":"https:\/\/www.praha7.cz\/api\/wp\/v2\/posts\/75301"}],"collection":[{"href":"https:\/\/www.praha7.cz\/api\/wp\/v2\/posts"}],"about":[{"href":"https:\/\/www.praha7.cz\/api\/wp\/v2\/types\/post"}],"author":[{"embeddable":true,"href":"https:\/\/www.praha7.cz\/api\/wp\/v2\/users\/251"}],"replies":[{"embeddable":true,"href":"https:\/\/www.praha7.cz\/api\/wp\/v2\/comments?post=75301"}],"version-history":[{"count":42,"href":"https:\/\/www.praha7.cz\/api\/wp\/v2\/posts\/75301\/revisions"}],"predecessor-version":[{"id":82909,"href":"https:\/\/www.praha7.cz\/api\/wp\/v2\/posts\/75301\/revisions\/82909"}],"wp:featuredmedia":[{"embeddable":true,"href":"https:\/\/www.praha7.cz\/api\/wp\/v2\/media\/76125"}],"wp:attachment":[{"href":"https:\/\/www.praha7.cz\/api\/wp\/v2\/media?parent=75301"}],"wp:term":[{"taxonomy":"category","embeddable":true,"href":"https:\/\/www.praha7.cz\/api\/wp\/v2\/categories?post=75301"},{"taxonomy":"post_tag","embeddable":true,"href":"https:\/\/www.praha7.cz\/api\/wp\/v2\/tags?post=75301"}],"curies":[{"name":"wp","href":"https:\/\/api.w.org\/{rel}","templated":true}]}}