    
{"id":75214,"date":"2024-04-12T11:30:33","date_gmt":"2024-04-12T09:30:33","guid":{"rendered":"https:\/\/www.praha7.cz\/?p=75214"},"modified":"2024-04-23T06:22:57","modified_gmt":"2024-04-23T04:22:57","slug":"pozvanka-na-4-radne-jednani-zastupitelstva-mc-praha-7-2","status":"publish","type":"post","link":"https:\/\/www.praha7.cz\/pozvanka-na-4-radne-jednani-zastupitelstva-mc-praha-7-2\/","title":{"rendered":"Pozv\u00e1nka na 4.&nbsp;\u0159\u00e1dn\u00e9 jedn\u00e1n\u00ed Zastupitelstva M\u010c Praha&nbsp;7"},"content":{"rendered":"<p style=\"text-align: justify;\">[perex]<\/p>\r\n<p style=\"text-align: justify;\">\u010ctvrt\u00e9 \u0159\u00e1dn\u00e9 jedn\u00e1n\u00ed Zastupitelstva M\u010c Praha&nbsp;7 se kon\u00e1 v&nbsp;pond\u011bl\u00ed 22.&nbsp;dubna 2024 od 17.00 hodin.<\/p>\r\n<p style=\"text-align: justify;\">P\u0159enos jedn\u00e1n\u00ed m\u016f\u017eete sledovat\u00a0<a href=\"https:\/\/youtube.com\/live\/xeaC4VTZdgs?feature=share\" target=\"_blank\" rel=\"noopener\">ZDE<\/a>.\u00a0<\/p>\r\n<p style=\"text-align: justify;\">Materi\u00e1ly k&nbsp;4.&nbsp;\u0159\u00e1dn\u00e9mu jedn\u00e1n\u00ed Zastupitelstva M\u010c Praha&nbsp;7 najdete <a href=\"https:\/\/usneseni.praha7.cz\/usneseni\/jednani\/462\" target=\"_blank\" rel=\"noopener\">ZDE<\/a>.<\/p>\r\n<p style=\"text-align: justify;\">[\/perex]<\/p>\r\n<p style=\"text-align: justify;\"><strong>Program 4.&nbsp;\u0159\u00e1dn\u00e9ho jedn\u00e1n\u00ed Zastupitelstva M\u010c Praha&nbsp;7\u00a0<\/strong><\/p>\r\n<ul style=\"text-align: justify;\">\r\n\t<li>Pravideln\u00fd bod programu za\u0159azen\u00fd za bod \u010d. 2 \u2013 Dotazy a&nbsp;p\u0159ipom\u00ednky ob\u010dan\u016f 1<\/li>\r\n\t<li>Pravideln\u00fd bod programu za\u0159azen\u00fd pevn\u011b na 18.&nbsp;hodinu \u2013 Dotazy a&nbsp;p\u0159ipom\u00ednky ob\u010dan\u016f 2<\/li>\r\n<\/ul>\r\n<p style=\"text-align: justify;\"><strong>1.\u00a0<\/strong> Zah\u00e1jen\u00ed, volba n\u00e1vrhov\u00e9ho a&nbsp;volebn\u00edho v\u00fdboru<\/p>\r\n<p style=\"text-align: justify;\"><strong>2.<\/strong>\u00a0 Schv\u00e1len\u00ed programu jedn\u00e1n\u00ed Zastupitelstva M\u010c Praha&nbsp;7<\/p>\r\n<p style=\"text-align: justify;\"><strong>3.\u00a0<\/strong> N\u00c1VRH k&nbsp;volb\u011b p\u0159\u00edsed\u00edc\u00edch Obvodn\u00edho soudu pro Prahu 7<\/p>\r\n<p style=\"text-align: justify;\"><strong>4.\u00a0<\/strong> N\u00c1VRH k&nbsp;revokaci usnesen\u00ed Zastupitelstva M\u010c Praha&nbsp;7 \u010d. 0083\/23-Z ze dne 16.10.2023 k&nbsp;Memorandu o&nbsp;spolupr\u00e1ci hlavn\u00edho m\u011bsta Prahy a&nbsp;M\u010c Praha&nbsp;7 p\u0159i zaji\u0161t\u011bn\u00ed nestavebn\u00ed \u00fadr\u017eby pozemn\u00edch komunikac\u00ed na \u00fazem\u00ed hl. m. Prahy<\/p>\r\n<p style=\"text-align: justify;\"><strong>5.\u00a0<\/strong> N\u00c1VRH k&nbsp;poskytnut\u00ed finan\u010dn\u00edch prost\u0159edk\u016f TSK hl. m. Prahy , a.s. prost\u0159ednictv\u00edm Magistr\u00e1tu hl. m. Prahy na zaji\u0161t\u011bn\u00ed spolufinancov\u00e1n\u00ed obnovy ve\u0159ejn\u00fdch prostranstv\u00ed z&nbsp;rozpo\u010dtu M\u010c Praha&nbsp;7<\/p>\r\n<p style=\"text-align: justify;\"><strong>6.\u00a0<\/strong> N\u00c1VRH ke smlouv\u011b o&nbsp;partnerstv\u00ed s&nbsp;finan\u010dn\u00edm p\u0159\u00edsp\u011bvkem mezi M\u010c Praha&nbsp;7 a&nbsp;organizac\u00ed \u010cesk\u00e1 asociace streetwork, o.p.s., I\u010cO: 02032929 v&nbsp;r\u00e1mci projektu \u201eKomplexn\u00ed p\u0159\u00edstup k&nbsp;\u0159e\u0161en\u00ed bezdomovectv\u00ed a&nbsp;soci\u00e1ln\u00edho vylou\u010den\u00ed v&nbsp;Praze 7 v&nbsp;roce 2024\u201c<\/p>\r\n<p style=\"text-align: justify;\"><strong>7.\u00a0<\/strong> N\u00c1VRH ke smlouv\u011b o&nbsp;partnerstv\u00ed s&nbsp;finan\u010dn\u00edm p\u0159\u00edsp\u011bvkem mezi M\u010c Praha&nbsp;7 a&nbsp;spole\u010dnost\u00ed 7U s.r.o., I\u010cO: 26418274 v&nbsp;r\u00e1mci projektu \u201eKomplexn\u00ed p\u0159\u00edstup k&nbsp;\u0159e\u0161en\u00ed bezdomovectv\u00ed a&nbsp;soci\u00e1ln\u00edho vylou\u010den\u00ed v&nbsp;Praze 7 v&nbsp;roce 2024\u201c<\/p>\r\n<p style=\"text-align: justify;\"><strong>8.\u00a0<\/strong> INFORMACE o&nbsp;stavu rozvoje VR\u00da Bubny &#8211; Z\u00e1tory<\/p>\r\n<p style=\"text-align: justify;\"><strong>9.\u00a0 <\/strong>INFORMACE o&nbsp;\u010dinnosti Rady M\u010c Praha&nbsp;7 a&nbsp;pln\u011bn\u00ed \u00fakol\u016f ulo\u017een\u00fdch Rad\u011b M\u010c Praha&nbsp;7 Zastupitelstvem\u00a0 M\u010c Praha&nbsp;7 v&nbsp;obdob\u00ed mezi 3.&nbsp;a&nbsp;4.&nbsp;jedn\u00e1n\u00edm Zastupitelstva v&nbsp;roce 2024<\/p>\r\n<p style=\"text-align: justify;\"><strong>10.<\/strong> INFORMACE o&nbsp;\u010dinnosti Kontroln\u00edho v\u00fdboru Zastupitelstva M\u010c Praha&nbsp;7 v\u00a0obdob\u00ed mezi 3.&nbsp;a&nbsp;4.&nbsp;jedn\u00e1n\u00edm Zastupitelstva v\u00a0roce 2024<\/p>\r\n<p style=\"text-align: justify;\"><strong>11.<\/strong> INFORMACE o&nbsp;\u010dinnosti Finan\u010dn\u00edho v\u00fdboru Zastupitelstva M\u010c Praha&nbsp;7 v&nbsp;obdob\u00ed mezi 3.&nbsp;a&nbsp;4.&nbsp;jedn\u00e1n\u00edm Zastupitelstva v&nbsp;roce 2024<\/p>\r\n<p style=\"text-align: justify;\"><strong>12.<\/strong> INFORMACE o&nbsp;\u010dinnosti V\u00fdboru pro vzd\u011bl\u00e1v\u00e1n\u00ed, soci\u00e1ln\u00ed politiku a&nbsp;zdravotnictv\u00ed Zastupitelstva M\u010c Praha&nbsp;7 v\u00a0obdob\u00ed mezi 3.&nbsp;a&nbsp;4.&nbsp;jedn\u00e1n\u00edm Zastupitelstva v\u00a0roce 2024<\/p>\r\n<p style=\"text-align: justify;\"><strong>13.<\/strong> Dopisy, adresovan\u00e9 Z\u00a0M\u010c P7<\/p>\r\n<p style=\"text-align: justify;\"><strong>14.<\/strong> R\u016fzn\u00e9<\/p>\r\n<p style=\"text-align: justify;\"><strong>15.<\/strong> Z\u00e1v\u011br<\/p>\r\n<p style=\"text-align: justify;\">Mgr. Jan \u010ci\u017einsk\u00fd<br \/>\r\nStarosta m\u011bstsk\u00e9 \u010d\u00e1sti Praha&nbsp;7<\/p>\r\n<p style=\"text-align: justify;\"><em>Ve v\u00fdjime\u010dn\u00fdch p\u0159\u00edpadech, kdy mimo\u0159\u00e1dn\u00e9 okolnosti br\u00e1n\u00ed \u010dlenu Zastupitelstva fyzick\u00e9 \u00fa\u010dasti na jedn\u00e1n\u00ed Zastupitelstva, bude \u00fa\u010dast umo\u017en\u011bna prost\u0159ednictv\u00edm prost\u0159edku d\u00e1lkov\u00e9 komunikace. Tuto skute\u010dnost je nutn\u00e9 sd\u011blit s&nbsp;od\u016fvodn\u011bn\u00edm p\u00edsemn\u011b na e-mail <a href=\"mailto:FreundV@Praha7.cz\">FreundV@Praha7.cz<\/a> , a&nbsp;to minim\u00e1ln\u011b 3 dny p\u0159ed jedn\u00e1n\u00edm Zastupitelstva.<\/em><\/p>","protected":false},"excerpt":{"rendered":"[perex] \u010ctvrt\u00e9 \u0159\u00e1dn\u00e9 jedn\u00e1n\u00ed Zastupitelstva M\u010c Praha&nbsp;7 se kon\u00e1 v&nbsp;pond\u011bl\u00ed 22.&nbsp;dubna 2024 od 17.00 hodin. P\u0159enos jedn\u00e1n\u00ed m\u016f\u017eete sledovat\u00a0ZDE.\u00a0 Materi\u00e1ly k&nbsp;4.&nbsp;\u0159\u00e1dn\u00e9mu jedn\u00e1n\u00ed Zastupitelstva M\u010c Praha&nbsp;7 najdete ZDE. [\/perex] Program 4.&nbsp;\u0159\u00e1dn\u00e9ho jedn\u00e1n\u00ed Zastupitelstva M\u010c Praha&nbsp;7\u00a0 Pravideln\u00fd bod programu za\u0159azen\u00fd za bod \u010d. 2 \u2013 Dotazy a&nbsp;p\u0159ipom\u00ednky ob\u010dan\u016f 1 Pravideln\u00fd bod programu za\u0159azen\u00fd pevn\u011b na 18.&nbsp;hodinu \u2013 [&hellip;]","protected":false},"author":14,"featured_media":52415,"comment_status":"closed","ping_status":"open","sticky":false,"template":"","format":"standard","meta":[],"categories":[34],"tags":[84],"_links":{"self":[{"href":"https:\/\/www.praha7.cz\/api\/wp\/v2\/posts\/75214"}],"collection":[{"href":"https:\/\/www.praha7.cz\/api\/wp\/v2\/posts"}],"about":[{"href":"https:\/\/www.praha7.cz\/api\/wp\/v2\/types\/post"}],"author":[{"embeddable":true,"href":"https:\/\/www.praha7.cz\/api\/wp\/v2\/users\/14"}],"replies":[{"embeddable":true,"href":"https:\/\/www.praha7.cz\/api\/wp\/v2\/comments?post=75214"}],"version-history":[{"count":5,"href":"https:\/\/www.praha7.cz\/api\/wp\/v2\/posts\/75214\/revisions"}],"predecessor-version":[{"id":75446,"href":"https:\/\/www.praha7.cz\/api\/wp\/v2\/posts\/75214\/revisions\/75446"}],"wp:featuredmedia":[{"embeddable":true,"href":"https:\/\/www.praha7.cz\/api\/wp\/v2\/media\/52415"}],"wp:attachment":[{"href":"https:\/\/www.praha7.cz\/api\/wp\/v2\/media?parent=75214"}],"wp:term":[{"taxonomy":"category","embeddable":true,"href":"https:\/\/www.praha7.cz\/api\/wp\/v2\/categories?post=75214"},{"taxonomy":"post_tag","embeddable":true,"href":"https:\/\/www.praha7.cz\/api\/wp\/v2\/tags?post=75214"}],"curies":[{"name":"wp","href":"https:\/\/api.w.org\/{rel}","templated":true}]}}