    
{"id":75128,"date":"2024-04-10T13:36:46","date_gmt":"2024-04-10T11:36:46","guid":{"rendered":"https:\/\/www.praha7.cz\/?p=75128"},"modified":"2024-04-10T13:51:04","modified_gmt":"2024-04-10T11:51:04","slug":"dopravni-omezeni-na-letne-ovlivni-dostupnost-postovnich-sluzeb","status":"publish","type":"post","link":"https:\/\/www.praha7.cz\/dopravni-omezeni-na-letne-ovlivni-dostupnost-postovnich-sluzeb\/","title":{"rendered":"Dopravn\u00ed omezen\u00ed na Letn\u00e9 ovlivn\u00ed dostupnost po\u0161tovn\u00edch slu\u017eeb"},"content":{"rendered":"<p>[perex]<\/p>\r\n<p>\u010cesk\u00e1 po\u0161ta upozor\u0148uje z\u00e1kazn\u00edky, \u017ee z&nbsp;d\u016fvodu \u00fapravy tramvajov\u00fdch kolej\u00ed v&nbsp;ulici Milady Hor\u00e1kov\u00e9 v&nbsp;term\u00ednu 17.&nbsp;a\u017e 28.&nbsp;dubna 2024\u00a0 nebude mo\u017en\u00e9 v&nbsp;letensk\u00e9 pobo\u010dce vyzved\u00e1vat ani pod\u00e1vat bal\u00edkov\u00e9 z\u00e1silky jak na po\u0161t\u011b, tak prost\u0159ednictv\u00edm samoobslu\u017en\u00e9ho boxu OX POINT. O&nbsp;dopravn\u00edm omezen\u00ed se do\u010dtete v\u00edce <a href=\"https:\/\/www.praha7.cz\/docasne-preruseni-provozu-tramvaji-hradcanska-strossmayerovo-namesti\/\">zde<\/a>.<\/p>\r\n<p>[\/perex]<\/p>\r\n<p>V term\u00ednu od 17.&nbsp;do 28.&nbsp;dubna 2024 budou prob\u00edhat \u00fapravy tramvajov\u00fdch kolej\u00ed v&nbsp;Praze 7, konkr\u00e9tn\u011b v&nbsp;\u010d\u00e1sti, kde s\u00eddl\u00ed po\u0161ta Praha&nbsp;7, Milady Hor\u00e1kov\u00e9 383\/81, Hole\u0161ovice, 170&nbsp;00.<\/p>\r\n<p>Z toho d\u016fvodu nebude mo\u017en\u00e9 do objektu pobo\u010dky vj\u00ed\u017ed\u011bt po\u0161tovn\u00edmi automobily, kter\u00e9 p\u0159epravuj\u00ed bal\u00edky. V&nbsp;\u010dase stavebn\u00edch \u00faprav proto nebude mo\u017en\u00e9 vyzved\u00e1vat ani pod\u00e1vat bal\u00edkov\u00e9 z\u00e1silky jak na po\u0161t\u011b, tak prost\u0159ednictv\u00edm samoobslu\u017en\u00e9ho boxu OX POINT, kter\u00fd je sou\u010d\u00e1st\u00ed pobo\u010dky.<\/p>\r\n<p>Ji\u017e ulo\u017een\u00e9 bal\u00edky z\u016fst\u00e1vaj\u00ed na po\u0161t\u011b Praha&nbsp;7, Milady Hor\u00e1kov\u00e9 81. Pokud si klient nem\u016f\u017ee bal\u00edk vyzvednout, lze domluvit prodlou\u017een\u00ed \u00falo\u017en\u00ed doby.<\/p>\r\n<p><strong>N\u00e1hradn\u00ed v\u00fddej i&nbsp;p\u0159\u00edjem z\u00e1silek bude prob\u00edhat na po\u0161t\u011b Praha&nbsp;74, D\u011blnick\u00e1 213\/12<\/strong>, Hole\u0161ovice, 170&nbsp;00, Praha. Na t\u00e9to po\u0161t\u011b bude pos\u00edlen person\u00e1l, aby vlivem vy\u0161\u0161\u00edho po\u0161tu odbavovan\u00fdch z\u00e1silek nedoch\u00e1zelo k&nbsp;del\u0161\u00edmu \u010dek\u00e1n\u00ed. Informace, kde je ulo\u017een bal\u00edk, budou uvedeny v&nbsp;av\u00edzech pro klienty. Dal\u0161\u00ed mo\u017enost\u00ed, kde nejbl\u00ed\u017ee podat bal\u00edk, je po\u0161ta Praha 6, Kafkova 102\/19, Dejvice, 160&nbsp;00, nebo v&nbsp;nejbli\u017e\u0161\u00ed Bal\u00edkovn\u011b.<\/p>\r\n<p>Otv\u00edrac\u00ed hodiny pro ve\u0159ejnost na po\u0161t\u011b v&nbsp;ulici Milady Hor\u00e1kov\u00e9 z\u016fst\u00e1vaj\u00ed beze zm\u011bny, tedy od pond\u011bl\u00ed do p\u00e1tku od 8.00 do 19.00 a&nbsp;v&nbsp;sobotu od 8.00 do 12.00. Vy\u0159\u00eddit bude mo\u017en\u00e9, krom\u011b pod\u00e1n\u00ed a&nbsp;v\u00fddeje bal\u00edk\u016f, v\u0161echny ostatn\u00ed slu\u017eby pobo\u010dky.<\/p>\r\n<p>Za nastalou situaci, na kterou \u010cesk\u00e1 po\u0161ta nem\u00e1 vliv, se na\u0161im klient\u016fm omlouv\u00e1me.<\/p>\r\n<p>zdroj: <em>tiskov\u00e1 zpr\u00e1va \u010cesk\u00e9 po\u0161ty<\/em><\/p>","protected":false},"excerpt":{"rendered":"[perex] \u010cesk\u00e1 po\u0161ta upozor\u0148uje z\u00e1kazn\u00edky, \u017ee z&nbsp;d\u016fvodu \u00fapravy tramvajov\u00fdch kolej\u00ed v&nbsp;ulici Milady Hor\u00e1kov\u00e9 v&nbsp;term\u00ednu 17.&nbsp;a\u017e 28.&nbsp;dubna 2024\u00a0 nebude mo\u017en\u00e9 v&nbsp;letensk\u00e9 pobo\u010dce vyzved\u00e1vat ani pod\u00e1vat bal\u00edkov\u00e9 z\u00e1silky jak na po\u0161t\u011b, tak prost\u0159ednictv\u00edm samoobslu\u017en\u00e9ho boxu OX POINT. O&nbsp;dopravn\u00edm omezen\u00ed se do\u010dtete v\u00edce zde. [\/perex] V&nbsp;term\u00ednu od 17.&nbsp;do 28.&nbsp;dubna 2024 budou prob\u00edhat \u00fapravy tramvajov\u00fdch kolej\u00ed v&nbsp;Praze 7, [&hellip;]","protected":false},"author":251,"featured_media":74737,"comment_status":"closed","ping_status":"open","sticky":false,"template":"","format":"standard","meta":[],"categories":[34],"tags":[57,110],"_links":{"self":[{"href":"https:\/\/www.praha7.cz\/api\/wp\/v2\/posts\/75128"}],"collection":[{"href":"https:\/\/www.praha7.cz\/api\/wp\/v2\/posts"}],"about":[{"href":"https:\/\/www.praha7.cz\/api\/wp\/v2\/types\/post"}],"author":[{"embeddable":true,"href":"https:\/\/www.praha7.cz\/api\/wp\/v2\/users\/251"}],"replies":[{"embeddable":true,"href":"https:\/\/www.praha7.cz\/api\/wp\/v2\/comments?post=75128"}],"version-history":[{"count":3,"href":"https:\/\/www.praha7.cz\/api\/wp\/v2\/posts\/75128\/revisions"}],"predecessor-version":[{"id":75134,"href":"https:\/\/www.praha7.cz\/api\/wp\/v2\/posts\/75128\/revisions\/75134"}],"wp:featuredmedia":[{"embeddable":true,"href":"https:\/\/www.praha7.cz\/api\/wp\/v2\/media\/74737"}],"wp:attachment":[{"href":"https:\/\/www.praha7.cz\/api\/wp\/v2\/media?parent=75128"}],"wp:term":[{"taxonomy":"category","embeddable":true,"href":"https:\/\/www.praha7.cz\/api\/wp\/v2\/categories?post=75128"},{"taxonomy":"post_tag","embeddable":true,"href":"https:\/\/www.praha7.cz\/api\/wp\/v2\/tags?post=75128"}],"curies":[{"name":"wp","href":"https:\/\/api.w.org\/{rel}","templated":true}]}}