    
{"id":75115,"date":"2024-04-10T11:20:49","date_gmt":"2024-04-10T09:20:49","guid":{"rendered":"https:\/\/www.praha7.cz\/?p=75115"},"modified":"2024-04-23T15:10:24","modified_gmt":"2024-04-23T13:10:24","slug":"docasne-preruseni-provozu-tramvaji-hradcanska-strossmayerovo-namesti","status":"publish","type":"post","link":"https:\/\/www.praha7.cz\/docasne-preruseni-provozu-tramvaji-hradcanska-strossmayerovo-namesti\/","title":{"rendered":"Dopravn\u00ed omezen\u00ed b\u011bhem v\u00fdluky tramvaj\u00ed Hrad\u010dansk\u00e1 \u2013 Strossmayerovo n\u00e1m\u011bst\u00ed"},"content":{"rendered":"<p>[perex]<\/p>\r\n<p class=\"p--textBigger\">Upozor\u0148ujeme na do\u010dasn\u00e9 p\u0159eru\u0161en\u00ed provozu tramvaj\u00ed v&nbsp;\u00faseku Hrad\u010dansk\u00e1 \u2013 Strossmayerovo n\u00e1m\u011bst\u00ed od st\u0159edy 17.&nbsp;dubna 2024 (p\u0159ibli\u017en\u011b od 4.30 hodin) do ned\u011ble 28.&nbsp;dubna 2024 (do 24.00 hodin).\u00a0 K&nbsp;tomuto p\u0159eru\u0161en\u00ed doch\u00e1z\u00ed z&nbsp;d\u016fvodu opravy tramvajov\u00e9 trati, dotkne se linek <span>1, 8, 12, 25, 26, 91, 96 a&nbsp;zavedena bude n\u00e1hradn\u00ed <\/span>autobusov\u00e1 doprava<span>\u00a0<\/span>X1 v&nbsp;trase Hrad\u010dansk\u00e1 \u2013 Strossmayerovo n\u00e1m\u011bst\u00ed. Opravy v&nbsp;oblasti Letensk\u00e9ho n\u00e1m\u011bst\u00ed omez\u00ed tak\u00e9 slu\u017eby \u010cesk\u00e9 po\u0161ty (Milady Hor\u00e1kov\u00e9 81). Po dobu prac\u00ed zde nebude mo\u017en\u00e9 vyzved\u00e1vat ani pod\u00e1vat bal\u00edkov\u00e9 z\u00e1silky jak na po\u0161t\u011b, tak prost\u0159ednictv\u00edm samoobslu\u017en\u00e9ho boxu OX POINT. V\u00edce se do\u010dtete <a href=\"https:\/\/www.praha7.cz\/dopravni-omezeni-na-letne-ovlivni-dostupnost-postovnich-sluzeb\/\">zde<\/a>. V&nbsp;dot\u010den\u00e9 oblasti je t\u0159eba po\u010d\u00edtat tak\u00e9 se zm\u011bnami ve veden\u00ed automobilov\u00e9 dopravy. V&nbsp;term\u00ednu 17.&nbsp;a\u017e 24.&nbsp;dubna 2024 nebude p\u0159i cest\u011b z&nbsp;Letensk\u00e9ho n\u00e1m\u011bst\u00ed mo\u017en\u00e9 lev\u00e9 odbo\u010den\u00ed do ulice Nad \u0160tolou a&nbsp;Letensk\u00e9ho tunelu. Zm\u011bn\u011bno bude tak\u00e9 veden\u00ed dopravy p\u0159i v\u00fdjezdu z&nbsp;tunelu a&nbsp;z&nbsp;ul. Nad \u0160tolou.\u00a0<\/p>\r\n<p class=\"p--textBigger\"><strong>Dal\u0161\u00ed dopravn\u00ed omezen\u00ed a&nbsp;obj\u00edzdn\u00e9 trasy v&nbsp;dan\u00e9 lokalit\u011b Magistr\u00e1t hl. m. Prahy aktualizuje <a href=\"https:\/\/opravujeme.to\/action\/1717\/?fbclid=IwAR3julXpXtpDGmEf0E8592kt5Ge_Wz_SlGMLgg2VFvdF_J3ay_oRrhbtEHY\" target=\"_blank\" rel=\"noopener\">ZDE<\/a>.<\/strong><\/p>\r\n<p><strong>Vzhledem ke komplikovan\u00e9 dopravn\u00ed situaci doch\u00e1z\u00ed v&nbsp;oblasti ul. Milady Hor\u00e1kov\u00e9 a&nbsp;Letensk\u00e9ho n\u00e1m\u011bst\u00ed ke zpo\u017e\u010fov\u00e1n\u00ed n\u00e1hradn\u00ed autobusov\u00e9 dopravy. Pros\u00edme, pokud je to mo\u017en\u00e9, p\u0159i cest\u011b autem se dot\u010den\u00fdm ulic\u00edm zkuste vyhnout. D\u011bkujeme!<\/strong><\/p>\r\n<p>[\/perex]<\/p>\r\n<h2>Zm\u011bny tras tramvajov\u00fdch linek<\/h2>\r\n<ul>\r\n\t<li>Linka \u010d\u00edslo<strong>\u00a01<\/strong><span>\u00a0<\/span>je v&nbsp;\u00faseku<span>\u00a0<\/span><em>Hrad\u010dansk\u00e1 \u2013 Strossmayerovo n\u00e1m\u011bst\u00ed<span>\u00a0<\/span><\/em>odklon\u011bna p\u0159es zast\u00e1vky<span>\u00a0<\/span><strong>Chotkovy sady<\/strong>,<span>\u00a0<\/span><strong>Malostransk\u00e1<span>\u00a0<\/span><\/strong>a<span>\u00a0<\/span><strong>\u010cech\u016fv most<\/strong>.<\/li>\r\n\t<li>Linka \u010d\u00edslo<span>\u00a0<\/span><strong>8<\/strong><span>\u00a0<\/span>je rozd\u011blena na dv\u011b \u010d\u00e1sti:\r\n\r\n<ul>\r\n\t<li>ve sm\u011bru od N\u00e1dra\u017e\u00ed Podbaba je ze zast\u00e1vky<span>\u00a0<\/span><strong>Hrad\u010dansk\u00e1<span>\u00a0<\/span><\/strong>odklon\u011bna do obrati\u0161t\u011b<span>\u00a0<\/span><strong>\u0160pejchar<\/strong><\/li>\r\n\t<li>ve sm\u011bru od Star\u00e9ho Hloub\u011bt\u00edna je zkr\u00e1cena do zast\u00e1vky<span>\u00a0<\/span><strong>Strossmayerovo n\u00e1m\u011bst\u00ed<\/strong>, d\u00e1le pokra\u010duje jako linka \u010d\u00edslo<span>\u00a0<\/span><strong>25<\/strong><span>\u00a0<\/span>sm\u011br Lehovec<\/li>\r\n<\/ul>\r\n<\/li>\r\n\t<li>Linka \u010d\u00edslo<span>\u00a0<\/span><strong>12<span>\u00a0<\/span><\/strong>je v&nbsp;\u00faseku<span>\u00a0<\/span><em>Malostransk\u00e1 \u2013 Strossmayerovo n\u00e1m\u011bst\u00ed<span>\u00a0<\/span><\/em>odklon\u011bna p\u0159es zast\u00e1vku<span>\u00a0<\/span><strong>\u010cech\u016fv most<\/strong>.<\/li>\r\n\t<li>Linka \u010d\u00edslo<span>\u00a0<\/span><strong>25<\/strong><span>\u00a0<\/span>je rozd\u011blena na dv\u011b \u010d\u00e1sti:\r\n\r\n<ul>\r\n\t<li>ve sm\u011bru od B\u00edl\u00e9 Hory je ze zast\u00e1vky<span>\u00a0<\/span><strong>Hrad\u010dansk\u00e1<span>\u00a0<\/span><\/strong>odklon\u011bna do obrati\u0161t\u011b<span>\u00a0<\/span><strong>\u0160pejchar<\/strong><\/li>\r\n\t<li>ve sm\u011bru od Lehovce je zkr\u00e1cena do zast\u00e1vky<span>\u00a0<\/span><strong>Strossmayerovo n\u00e1m\u011bst\u00ed<\/strong>, d\u00e1le pokra\u010duje jako linka \u010d\u00edslo 8 sm\u011br<span>\u00a0<\/span><strong>Star\u00fd Hloub\u011bt\u00edn<\/strong><\/li>\r\n<\/ul>\r\n<\/li>\r\n\t<li>Linky \u010d\u00edslo<span>\u00a0<\/span><strong>26<\/strong>,<span>\u00a0<\/span><strong>91<span>\u00a0<\/span><\/strong>a<span>\u00a0<\/span><strong>96<span>\u00a0<\/span><\/strong>jsou v&nbsp;\u00faseku Hrad\u010dansk\u00e1 \u2013 Dlouh\u00e1 t\u0159\u00edda odklon\u011bny p\u0159es zast\u00e1vky Chotkovy sady, Malostransk\u00e1 a&nbsp;\u010cech\u016fv most.<\/li>\r\n<\/ul>\r\n<h2><\/h2>\r\n<h2><a href=\"https:\/\/www.praha7.cz\/wp-content\/uploads\/2024\/04\/Schema_provozu_behem_opatreni_Hradcanska_Stross_nam-1.png\"><img loading=\"lazy\" src=\"https:\/\/www.praha7.cz\/wp-content\/uploads\/2024\/04\/Schema_provozu_behem_opatreni_Hradcanska_Stross_nam-1-1500x688.png\" alt=\"\" width=\"640\" height=\"294\" class=\"alignnone size-large wp-image-75208\" srcset=\"https:\/\/www.praha7.cz\/wp-content\/uploads\/2024\/04\/Schema_provozu_behem_opatreni_Hradcanska_Stross_nam-1-1500x688.png 1500w, https:\/\/www.praha7.cz\/wp-content\/uploads\/2024\/04\/Schema_provozu_behem_opatreni_Hradcanska_Stross_nam-1-600x275.png 600w, https:\/\/www.praha7.cz\/wp-content\/uploads\/2024\/04\/Schema_provozu_behem_opatreni_Hradcanska_Stross_nam-1-768x352.png 768w, https:\/\/www.praha7.cz\/wp-content\/uploads\/2024\/04\/Schema_provozu_behem_opatreni_Hradcanska_Stross_nam-1-1536x704.png 1536w, https:\/\/www.praha7.cz\/wp-content\/uploads\/2024\/04\/Schema_provozu_behem_opatreni_Hradcanska_Stross_nam-1-2048x939.png 2048w\" sizes=\"(max-width: 640px) 100vw, 640px\" \/><\/a><\/h2>\r\n<h2><\/h2>\r\n<h2>Zm\u011bny tras tramvajov\u00fdch linek (v&nbsp;uveden\u00e9m sm\u011bru)<\/h2>\r\n<p>Historick\u00e1 linka<span>\u00a0<\/span><strong>41<span>\u00a0<\/span><\/strong>je v&nbsp;\u00faseku<span>\u00a0<\/span><em>Kr\u00e1lovsk\u00fd letohr\u00e1dek \u2013 Strossmayerovo n\u00e1m\u011bst\u00ed<span>\u00a0<\/span><\/em>odklon\u011bna p\u0159es zast\u00e1vky<span>\u00a0<\/span><strong>Malostransk\u00e1<span>\u00a0<\/span><\/strong>a<span>\u00a0<\/span><strong>\u010cech\u016fv most<\/strong>.<\/p>\r\n<h2>Zm\u011bny v&nbsp;zast\u00e1vk\u00e1ch tramvaj\u00ed<\/h2>\r\n<p>Z\u0159izuje se pro oba sm\u011bry zast\u00e1vka<span>\u00a0<\/span><strong>Malostransk\u00e1<span>\u00a0<\/span><\/strong>na n\u00e1b\u0159e\u017e\u00ed Edvarda Bene\u0161e.<\/p>\r\n<h2>N\u00e1hradn\u00ed doprava<\/h2>\r\n<ul>\r\n\t<li>V denn\u00edm provozu je zavedena n\u00e1hradn\u00ed autobusov\u00e1 doprava<span>\u00a0<\/span><strong>X1<span>\u00a0<\/span><\/strong>v trase<span>\u00a0<\/span><em>Hrad\u010dansk\u00e1 \u2013 Strossmayerovo n\u00e1m\u011bst\u00ed<\/em>.<\/li>\r\n\t<li>Zast\u00e1vky sm\u011br<span>\u00a0<\/span><strong>Strossmayerovo n\u00e1m\u011bst\u00ed<\/strong>\r\n<ul>\r\n\t<li><strong>Hrad\u010dansk\u00e1 \u2013 n\u00e1stupn\u00ed:<\/strong><span>\u00a0<\/span>v ulici Milady Hor\u00e1kov\u00e9, v&nbsp;zast\u00e1vce autobusov\u00e9 linky \u010d\u00edslo<span>\u00a0<\/span><strong>909<\/strong><span>\u00a0<\/span>sm\u011br S\u00eddli\u0161t\u011b Roho\u017en\u00edk<\/li>\r\n\t<li><strong>Sparta:<\/strong><span>\u00a0<\/span>v ulici Milady Hor\u00e1kov\u00e9, v&nbsp;zast\u00e1vce autobusov\u00e9 linky \u010d\u00edslo<span>\u00a0<\/span><strong>909<\/strong><span>\u00a0<\/span>sm\u011br S\u00eddli\u0161t\u011b Roho\u017en\u00edk<\/li>\r\n\t<li><strong>Letensk\u00e9 n\u00e1m\u011bst\u00ed:<\/strong><span>\u00a0<\/span>na Letensk\u00e9m n\u00e1m\u011bst\u00ed, p\u0159ed k\u0159i\u017eovatkou s&nbsp;ulic\u00ed Milady Hor\u00e1kov\u00e9<\/li>\r\n\t<li><strong>Kamenick\u00e1:<\/strong><span>\u00a0<\/span>v ulici Milady Hor\u00e1kov\u00e9, v&nbsp;zast\u00e1vce tramvaj\u00ed<\/li>\r\n\t<li><strong>Strossmayerovo n\u00e1m\u011bst\u00ed \u2013 v\u00fdstupn\u00ed:<span>\u00a0<\/span><\/strong>v ulici Milady Hor\u00e1kov\u00e9, v&nbsp;zast\u00e1vce tramvaj\u00ed<\/li>\r\n<\/ul>\r\n<\/li>\r\n\t<li>Zast\u00e1vky sm\u011br<span>\u00a0<\/span><strong>Hrad\u010dansk\u00e1<\/strong>\r\n<ul>\r\n\t<li><strong>Strossmayerovo n\u00e1m\u011bst\u00ed \u2013 n\u00e1stupn\u00ed:<\/strong><span>\u00a0<\/span>v ulici Dukelsk\u00fdch hrdin\u016f, v&nbsp;zast\u00e1vce autobusov\u00e9 linky \u010d\u00edslo\u00a0<strong>156<\/strong><\/li>\r\n\t<li><strong>Kamenick\u00e1:<\/strong><span>\u00a0<\/span>v ulici Milady Hor\u00e1kov\u00e9, v&nbsp;zast\u00e1vce tramvaj\u00ed<\/li>\r\n\t<li><strong>Letensk\u00e9 n\u00e1m\u011bst\u00ed:<\/strong>\u00a0na Letensk\u00e9m n\u00e1m\u011bst\u00ed, p\u0159ed k\u0159i\u017eovatkou s&nbsp;ulic\u00ed Veletr\u017en\u00ed<\/li>\r\n\t<li><strong>Sparta:<\/strong><span>\u00a0<\/span>v ulici Milady Hor\u00e1kov\u00e9, v&nbsp;zast\u00e1vce autobusov\u00e9 linky \u010d\u00edslo<span>\u00a0<\/span><strong>909<\/strong><span>\u00a0<\/span>sm\u011br Suchdol<\/li>\r\n\t<li><strong>Hrad\u010dansk\u00e1<span>\u00a0<\/span><\/strong>\u2013<span>\u00a0<\/span><strong>v\u00fdstupn\u00ed:<span>\u00a0<\/span><\/strong>v ulici Na Valech, p\u0159ibli\u017en\u011b 40 metr\u016f p\u0159ed k\u0159i\u017eovatkou s&nbsp;ulic\u00ed Pod Ba\u0161tami<\/li>\r\n\t<li><strong>Hrad\u010dansk\u00e1<span>\u00a0<\/span><\/strong>\u2013<span>\u00a0<\/span><strong>v\u00fdstupn\u00ed:<span>\u00a0<\/span><\/strong>(pro vybran\u00e9 spoje) \u2013 v&nbsp;ulici Milady Hor\u00e1kov\u00e9, v&nbsp;zast\u00e1vce autobusov\u00e9 linky \u010d\u00edslo<span>\u00a0<\/span><strong>909<\/strong><span>\u00a0<\/span>sm\u011br Suchdol<\/li>\r\n<\/ul>\r\n<\/li>\r\n\t<li>V no\u010dn\u00edm provozu je zavedena n\u00e1hradn\u00ed autobusov\u00e1 doprava<span>\u00a0<\/span><strong>X91<span>\u00a0<\/span><\/strong>v trase<span>\u00a0<\/span><em>Hrad\u010dansk\u00e1 \u2013 Strossmayerovo n\u00e1m\u011bst\u00ed \u2013 N\u00e1m\u011bst\u00ed Republiky<\/em>.<\/li>\r\n\t<li>Zast\u00e1vky sm\u011br<span>\u00a0<\/span><strong>N\u00e1m\u011bst\u00ed Republiky<\/strong>\r\n<ul>\r\n\t<li><strong>Hrad\u010dansk\u00e1<span>\u00a0<\/span><\/strong>\u2013 n\u00e1stupn\u00ed: v&nbsp;ulici Milady Hor\u00e1kov\u00e9, v&nbsp;zast\u00e1vce autobusov\u00e9 linky \u010d\u00edslo<span>\u00a0<\/span><strong>909<\/strong><span>\u00a0<\/span>sm\u011br S\u00eddli\u0161t\u011b Roho\u017en\u00edk<\/li>\r\n\t<li><strong>Sparta:<\/strong><span>\u00a0<\/span>v ulici Milady Hor\u00e1kov\u00e9, v&nbsp;zast\u00e1vce autobusov\u00e9 linky \u010d\u00edslo<span>\u00a0<\/span><strong>909<\/strong><span>\u00a0<\/span>sm\u011br S\u00eddli\u0161t\u011b Roho\u017en\u00edk<\/li>\r\n\t<li><strong>Letensk\u00e9 n\u00e1m\u011bst\u00ed:<span>\u00a0<\/span><\/strong>na Letensk\u00e9m n\u00e1m\u011bst\u00ed, p\u0159ed k\u0159i\u017eovatkou s&nbsp;ulic\u00ed Milady Hor\u00e1kov\u00e9<\/li>\r\n\t<li><strong>Kamenick\u00e1:<\/strong><span>\u00a0<\/span>v ulici Milady Hor\u00e1kov\u00e9, v&nbsp;zast\u00e1vce tramvaj\u00ed<\/li>\r\n\t<li><strong>Strossmayerovo n\u00e1m\u011bst\u00ed:<\/strong><span>\u00a0<\/span>v ulici Milady Hor\u00e1kov\u00e9, v&nbsp;zast\u00e1vce tramvaj\u00ed<\/li>\r\n\t<li><strong>N\u00e1b\u0159e\u017e\u00ed Kapit\u00e1na Jaro\u0161e:<\/strong><span>\u00a0<\/span>na n\u00e1b\u0159e\u017e\u00ed Kapit\u00e1na Jaro\u0161e, v&nbsp;zast\u00e1vce tramvaj\u00ed<\/li>\r\n\t<li><strong>Dlouh\u00e1 t\u0159\u00edda:<span>\u00a0<\/span><\/strong>v ulici Revolu\u010dn\u00ed, v&nbsp;zast\u00e1vce tramvaj\u00ed<\/li>\r\n\t<li><strong>N\u00e1m\u011bst\u00ed Republiky<span>\u00a0<\/span><\/strong>\u2013<span>\u00a0<\/span><strong>v\u00fdstupn\u00ed:<\/strong><span>\u00a0<\/span>v ulici Na Po\u0159\u00ed\u010d\u00ed, v&nbsp;zast\u00e1vce tramvaj\u00ed<\/li>\r\n<\/ul>\r\n<\/li>\r\n\t<li>Zast\u00e1vky sm\u011br<span>\u00a0<\/span><strong>Hrad\u010dansk\u00e1<\/strong>\r\n<ul>\r\n\t<li><strong>N\u00e1m\u011bst\u00ed Republiky \u2013 n\u00e1stupn\u00ed:<\/strong><span>\u00a0<\/span>v ulici Na Po\u0159\u00ed\u010d\u00ed, v&nbsp;zast\u00e1vce tramvaj\u00ed sm\u011br z&nbsp;centra<\/li>\r\n\t<li><strong>Dlouh\u00e1 t\u0159\u00edda:<span>\u00a0<\/span><\/strong>v ulici Revolu\u010dn\u00ed, v&nbsp;zast\u00e1vce tramvaj\u00ed<\/li>\r\n\t<li><strong>Strossmayerovo n\u00e1m\u011bst\u00ed:<\/strong><span>\u00a0<\/span>v ulici Dukelsk\u00fdch hrdin\u016f, v&nbsp;zast\u00e1vce autobusov\u00e9 linky \u010d\u00edslo\u00a0<strong>156<\/strong><\/li>\r\n\t<li><strong>Kamenick\u00e1:<\/strong><span>\u00a0<\/span>v ulici Milady Hor\u00e1kov\u00e9, v&nbsp;zast\u00e1vce tramvaj\u00ed<\/li>\r\n\t<li><strong>Letensk\u00e9 n\u00e1m\u011bst\u00ed:\u00a0<\/strong><span>\u00a0<\/span>na Letensk\u00e9m n\u00e1m\u011bst\u00ed, p\u0159ed k\u0159i\u017eovatkou s&nbsp;ulic\u00ed Veletr\u017en\u00ed<\/li>\r\n\t<li><strong>Sparta: <\/strong>v ulici Milady Hor\u00e1kov\u00e9, v&nbsp;zast\u00e1vce autobusov\u00e9 linky \u010d\u00edslo\u00a0<strong>909<\/strong><span>\u00a0<\/span>sm\u011br Suchdol<\/li>\r\n\t<li><strong>Hrad\u010dansk\u00e1 \u2013 v\u00fdstupn\u00ed: <\/strong>v ulici Milady Hor\u00e1kov\u00e9, v&nbsp;zast\u00e1vce autobusov\u00e9 linky \u010d\u00edslo<span>\u00a0<\/span><strong>909<span>\u00a0<\/span><\/strong>sm\u011br Suchdol<\/li>\r\n<\/ul>\r\n<\/li>\r\n<\/ul>\r\n<p>Z d\u016fvodu nevhodn\u00e9ho prostorov\u00e9ho uspo\u0159\u00e1d\u00e1n\u00ed se nez\u0159izuje zast\u00e1vka<span>\u00a0<\/span><strong>Korunova\u010dn\u00ed<\/strong>.<\/p>\r\n<hr \/>\r\n<p>Ve\u0161ker\u00e9 podrobnosti najdete na <a href=\"https:\/\/www.dpp.cz\/omezeni-a-mimoradne-udalosti\/detail\/22150\" target=\"_blank\" rel=\"noopener\">str\u00e1nk\u00e1ch DPP<\/a>.<\/p>","protected":false},"excerpt":{"rendered":"[perex] Upozor\u0148ujeme na do\u010dasn\u00e9 p\u0159eru\u0161en\u00ed provozu tramvaj\u00ed v&nbsp;\u00faseku Hrad\u010dansk\u00e1 \u2013 Strossmayerovo n\u00e1m\u011bst\u00ed od st\u0159edy 17.&nbsp;dubna 2024 (p\u0159ibli\u017en\u011b od 4.30 hodin) do ned\u011ble 28.&nbsp;dubna 2024 (do 24.00 hodin).\u00a0 K&nbsp;tomuto p\u0159eru\u0161en\u00ed doch\u00e1z\u00ed z&nbsp;d\u016fvodu opravy tramvajov\u00e9 trati, dotkne se linek 1, 8, 12, 25, 26, 91, 96 a&nbsp;zavedena bude n\u00e1hradn\u00ed autobusov\u00e1 doprava\u00a0X1 v&nbsp;trase Hrad\u010dansk\u00e1 \u2013 Strossmayerovo n\u00e1m\u011bst\u00ed. Opravy [&hellip;]","protected":false},"author":251,"featured_media":25054,"comment_status":"closed","ping_status":"open","sticky":false,"template":"","format":"standard","meta":[],"categories":[34],"tags":[57],"_links":{"self":[{"href":"https:\/\/www.praha7.cz\/api\/wp\/v2\/posts\/75115"}],"collection":[{"href":"https:\/\/www.praha7.cz\/api\/wp\/v2\/posts"}],"about":[{"href":"https:\/\/www.praha7.cz\/api\/wp\/v2\/types\/post"}],"author":[{"embeddable":true,"href":"https:\/\/www.praha7.cz\/api\/wp\/v2\/users\/251"}],"replies":[{"embeddable":true,"href":"https:\/\/www.praha7.cz\/api\/wp\/v2\/comments?post=75115"}],"version-history":[{"count":21,"href":"https:\/\/www.praha7.cz\/api\/wp\/v2\/posts\/75115\/revisions"}],"predecessor-version":[{"id":75408,"href":"https:\/\/www.praha7.cz\/api\/wp\/v2\/posts\/75115\/revisions\/75408"}],"wp:featuredmedia":[{"embeddable":true,"href":"https:\/\/www.praha7.cz\/api\/wp\/v2\/media\/25054"}],"wp:attachment":[{"href":"https:\/\/www.praha7.cz\/api\/wp\/v2\/media?parent=75115"}],"wp:term":[{"taxonomy":"category","embeddable":true,"href":"https:\/\/www.praha7.cz\/api\/wp\/v2\/categories?post=75115"},{"taxonomy":"post_tag","embeddable":true,"href":"https:\/\/www.praha7.cz\/api\/wp\/v2\/tags?post=75115"}],"curies":[{"name":"wp","href":"https:\/\/api.w.org\/{rel}","templated":true}]}}