    
{"id":74716,"date":"2024-03-26T12:10:45","date_gmt":"2024-03-26T11:10:45","guid":{"rendered":"https:\/\/www.praha7.cz\/?p=74716"},"modified":"2024-05-30T16:10:19","modified_gmt":"2024-05-30T14:10:19","slug":"behem-rekonstrukce-vodovodu-v-ul-korunovacni-bude-v-okolnich-ulicich-omezena-prujezdna-doprava","status":"publish","type":"post","link":"https:\/\/www.praha7.cz\/behem-rekonstrukce-vodovodu-v-ul-korunovacni-bude-v-okolnich-ulicich-omezena-prujezdna-doprava\/","title":{"rendered":"Omezen\u00ed tranzitu p\u0159i rekonstrukci vodovod\u016f v&nbsp;Korunova\u010dn\u00ed"},"content":{"rendered":"<p>[perex]<\/p>\r\n<p>Od b\u0159ezna 2024 prob\u00edh\u00e1 v&nbsp;ulici Korunova\u010dn\u00ed rekonstrukce vodovod\u016f. S&nbsp;touto akc\u00ed je spojena jednosm\u011brn\u00e1 uzav\u00edrka ul. Korunova\u010dn\u00ed ve sm\u011bru na Prahu 6. Vyzna\u010den\u00e1 obj\u00edzdn\u00e1 trasa je vedena ulicemi Milady Hor\u00e1kov\u00e9 a&nbsp;Svatov\u00edtsk\u00e1. Provoz b\u011bhem uzav\u00edrky uk\u00e1zal, \u017ee \u0159idi\u010di z&nbsp;velk\u00e9 \u010d\u00e1sti nerespektuj\u00ed tuto obj\u00edzdnou trasu a&nbsp;zkracuj\u00ed si cestu mezi ul. Veletr\u017en\u00ed a&nbsp;Ukrajinsk\u00fdch hrdin\u016f reziden\u010dn\u00edmi ulicemi v&nbsp;horn\u00ed \u010d\u00e1sti Letn\u00e9. Odbor dopravy Prahy&nbsp;7 z&nbsp;tohoto d\u016fvodu b\u011bhem prac\u00ed v&nbsp;ul. Korunova\u010dn\u00ed uzav\u0159e dot\u010denou oblast pro pr\u016fjezdnou dopravu.<\/p>\r\n<p>[\/perex]<\/p>\r\n<p>Dopravn\u00ed z\u00e1t\u011b\u017e se t\u00fdk\u00e1 p\u0159edev\u0161\u00edm ulic \u010cechova, Havansk\u00e1, Jana Zaj\u00edce a&nbsp;Nad Kr\u00e1lovskou oborou. V&nbsp;t\u011bchto ulic\u00edch je stanovena z\u00f3na 30, p\u0159evl\u00e1d\u00e1 zde reziden\u010dn\u00ed obytn\u00e1 z\u00e1stavba a&nbsp;je zde zv\u00fd\u0161en\u00fd pohyb chodc\u016f, velmi \u010dasto d\u011bt\u00ed m\u00ed\u0159\u00edc\u00edch do \u0161koln\u00edch za\u0159\u00edzen\u00ed. Dot\u010den\u00e9 ulice nejsou stavebn\u011b a&nbsp;kapacitn\u011b uzp\u016fsobeny na vysokou dopravn\u00ed intenzitu, tranzitn\u00ed doprava zde proto z\u00e1sadn\u00edm zp\u016fsobem ovliv\u0148uje bezpe\u010dnost provozu.\u00a0 \u0158idi\u010di proj\u00ed\u017ed\u011bj\u00edc\u00edch vozidel v&nbsp;mnoha p\u0159\u00edpadech nav\u00edc nerespektuj\u00ed omezen\u00ed rychlosti.<\/p>\r\n<p>Odbor dopravy Prahy&nbsp;7 proto od 27.&nbsp;3.&nbsp;2024 stanovuje p\u0159echodnou \u00fapravu provozu spo\u010d\u00edvaj\u00edc\u00ed v\u00a0osazen\u00ed zna\u010dek z\u00e1kaz vjezdu motorov\u00fdch vozidel mimo dopravn\u00ed obsluhu do ulic \u010cechova (u&nbsp;k\u0159i\u017eovatky Letensk\u00e9 n\u00e1m\u011bst\u00ed sm\u011br Keramick\u00e1), Socha\u0159sk\u00e1 (u&nbsp;k\u0159i\u017eovatky s&nbsp;Veletr\u017en\u00ed sm\u011br U&nbsp;Stud\u00e1nky) a&nbsp;Kamenick\u00e1 (u&nbsp;k\u0159i\u017eovatky s&nbsp;Veletr\u017en\u00ed sm\u011br U&nbsp;Stud\u00e1nky). Opat\u0159en\u00ed m\u00e1 za c\u00edl zabr\u00e1nit pr\u016fjezdu tranzitn\u00ed dopravy sm\u011brem na Prahu 6 a&nbsp;jej\u00ed naveden\u00ed na stanovenou obj\u00edzdnou trasu. M\u00edstn\u00ed dopravy se do\u010dasn\u00e1 \u00faprava v\u00fdznamn\u011b nedotkne, jeliko\u017e v\u00a0r\u00e1mci dopravn\u00ed obsluhy je umo\u017en\u011bn vjezd zdej\u0161\u00edm obyvatel\u016fm, z\u00e1sobov\u00e1n\u00ed, taxislu\u017eb\u011b, oprav\u00e1\u0159\u016fm a&nbsp;dal\u0161\u00ed c\u00edlov\u00e9 doprav\u011b. Opat\u0159en\u00ed bude v\u00a0platnosti po dobu uzav\u00edrky ul. Korunova\u010dn\u00ed.<\/p>","protected":false},"excerpt":{"rendered":"[perex] Od b\u0159ezna 2024 prob\u00edh\u00e1 v&nbsp;ulici Korunova\u010dn\u00ed rekonstrukce vodovod\u016f. S&nbsp;touto akc\u00ed je spojena jednosm\u011brn\u00e1 uzav\u00edrka ul. Korunova\u010dn\u00ed ve sm\u011bru na Prahu 6. Vyzna\u010den\u00e1 obj\u00edzdn\u00e1 trasa je vedena ulicemi Milady Hor\u00e1kov\u00e9 a&nbsp;Svatov\u00edtsk\u00e1. Provoz b\u011bhem uzav\u00edrky uk\u00e1zal, \u017ee \u0159idi\u010di z&nbsp;velk\u00e9 \u010d\u00e1sti nerespektuj\u00ed tuto obj\u00edzdnou trasu a&nbsp;zkracuj\u00ed si cestu mezi ul. Veletr\u017en\u00ed a&nbsp;Ukrajinsk\u00fdch hrdin\u016f reziden\u010dn\u00edmi ulicemi v&nbsp;horn\u00ed \u010d\u00e1sti [&hellip;]","protected":false},"author":5,"featured_media":74717,"comment_status":"closed","ping_status":"open","sticky":false,"template":"","format":"standard","meta":[],"categories":[34],"tags":[57],"_links":{"self":[{"href":"https:\/\/www.praha7.cz\/api\/wp\/v2\/posts\/74716"}],"collection":[{"href":"https:\/\/www.praha7.cz\/api\/wp\/v2\/posts"}],"about":[{"href":"https:\/\/www.praha7.cz\/api\/wp\/v2\/types\/post"}],"author":[{"embeddable":true,"href":"https:\/\/www.praha7.cz\/api\/wp\/v2\/users\/5"}],"replies":[{"embeddable":true,"href":"https:\/\/www.praha7.cz\/api\/wp\/v2\/comments?post=74716"}],"version-history":[{"count":6,"href":"https:\/\/www.praha7.cz\/api\/wp\/v2\/posts\/74716\/revisions"}],"predecessor-version":[{"id":76480,"href":"https:\/\/www.praha7.cz\/api\/wp\/v2\/posts\/74716\/revisions\/76480"}],"wp:featuredmedia":[{"embeddable":true,"href":"https:\/\/www.praha7.cz\/api\/wp\/v2\/media\/74717"}],"wp:attachment":[{"href":"https:\/\/www.praha7.cz\/api\/wp\/v2\/media?parent=74716"}],"wp:term":[{"taxonomy":"category","embeddable":true,"href":"https:\/\/www.praha7.cz\/api\/wp\/v2\/categories?post=74716"},{"taxonomy":"post_tag","embeddable":true,"href":"https:\/\/www.praha7.cz\/api\/wp\/v2\/tags?post=74716"}],"curies":[{"name":"wp","href":"https:\/\/api.w.org\/{rel}","templated":true}]}}